{"id":1252,"date":"2025-09-08T11:30:16","date_gmt":"2025-09-08T09:30:16","guid":{"rendered":"https:\/\/flamencomadrid.com\/es\/?p=1252"},"modified":"2025-08-12T13:59:13","modified_gmt":"2025-08-12T11:59:13","slug":"artistas-flamencos-de-madrid-leyendas-y-figuras","status":"publish","type":"post","link":"https:\/\/flamencomadrid.com\/es\/artistas-flamencos-madrid\/","title":{"rendered":"Artistas Flamencos de Madrid: Leyendas y Figuras"},"content":{"rendered":"<p><\/p>\n<p class=\"ng-star-inserted\"><span class=\"ng-star-inserted\">Madrid tiene su propio quej\u00edo. Un sonido con car\u00e1cter que se ha forjado en sus calles, en sus tablaos, en el alma de artistas que no solo pasaron por aqu\u00ed, sino que nacieron con su comp\u00e1s.<\/span><\/p>\n<p class=\"ng-star-inserted\"><span class=\"ng-star-inserted\">Aqu\u00ed no te vamos a dar una lista cualquiera. Este es un viaje al coraz\u00f3n de los\u00a0<\/span><strong class=\"ng-star-inserted\"><span class=\"ng-star-inserted\">artistas flamencos de Madrid<\/span><\/strong><span class=\"ng-star-inserted\">\u00a0que definen el sonido de la capital, de ayer y de hoy.<\/span><\/p>\n<h2 class=\"ng-star-inserted\"><strong class=\"ng-star-inserted\"><span class=\"ng-star-inserted\">Grandes Nombres del Flamenco Nacidos en Madrid\u00a0<\/span><\/strong><\/h2>\n<h3 class=\"ng-star-inserted\"><strong class=\"ng-star-inserted\"><span class=\"ng-star-inserted\">Diego el Cigala: El Cantaor de Madrid que Cruz\u00f3 Fronteras\u00a0<\/span><\/strong><\/h3>\n<p class=\"ng-star-inserted\"><span class=\"ng-star-inserted\">No se puede hablar de flamenco en Madrid sin que su nombre aparezca el primero. La voz de Diego el Cigala es el sonido del Rastro un domingo por la ma\u00f1ana, es pura lija y terciopelo. \u00c9l llev\u00f3 el flamenco a todo el planeta con\u00a0<\/span><span class=\"ng-star-inserted\">L\u00e1grimas Negras<\/span><span class=\"ng-star-inserted\">, s\u00ed, pero para entender a este\u00a0<\/span><strong class=\"ng-star-inserted\"><span class=\"ng-star-inserted\">cantaor de Madrid<\/span><\/strong><span class=\"ng-star-inserted\">, hay que imagin\u00e1rselo en sus inicios, en los tablaos donde se curti\u00f3.<\/span><\/p>\n<div id=\"attachment_1254\" style=\"width: 910px\" class=\"wp-caption aligncenter\"><img loading=\"lazy\" decoding=\"async\" aria-describedby=\"caption-attachment-1254\" class=\"wp-image-1254 size-large\" src=\"https:\/\/flamencomadrid.com\/wp-content\/uploads\/2025\/08\/diseno-sin-titulo-10-1024x576.jpg\" alt=\"Diego el Cigala, uno de los Artistas que mejor representan el flamenco en Madrid.\" width=\"900\" height=\"506\" \/><p id=\"caption-attachment-1254\" class=\"wp-caption-text\">Foto de www.cardamomo.com Diego el Cigala actuando en el Tablao Cardamomo Flamenco Madrid<\/p><\/div>\n<h3 class=\"ng-star-inserted\"><strong class=\"ng-star-inserted\"><span class=\"ng-star-inserted\">Ant\u00f3n Jim\u00e9nez: El Toque Virtuoso de la Guitarra Madrile\u00f1a\u00a0<\/span><\/strong><\/h3>\n<p class=\"ng-star-inserted\"><span class=\"ng-star-inserted\">Un buen toque no solo acompa\u00f1a, sostiene. Y el de Ant\u00f3n Jim\u00e9nez es de los que construyen catedrales para que el cante viva dentro. Este\u00a0<\/span><strong class=\"ng-star-inserted\"><span class=\"ng-star-inserted\">guitarrista flamenco<\/span><\/strong><span class=\"ng-star-inserted\">\u00a0madrile\u00f1o ha puesto su virtuosismo al servicio de los m\u00e1s grandes, como Joaqu\u00edn Cort\u00e9s, pero cuando toca en solitario, se descubre el alma de la\u00a0<\/span><strong class=\"ng-star-inserted\"><span class=\"ng-star-inserted\">escuela de guitarra madrile\u00f1a<\/span><\/strong><span class=\"ng-star-inserted\">: t\u00e9cnica, s\u00ed, pero con un pellizco que duele.<\/span><\/p>\n<h3 class=\"ng-star-inserted\"><strong class=\"ng-star-inserted\"><span class=\"ng-star-inserted\">Mara Rey: Un Torrente de Voz Flamenca\u00a0<\/span><\/strong><\/h3>\n<p class=\"ng-star-inserted\"><span class=\"ng-star-inserted\">Si buscas potencia y verdad, la encuentras en Mara Rey. Ella es un torbellino en el escenario, una\u00a0<\/span><strong class=\"ng-star-inserted\"><span class=\"ng-star-inserted\">cantaora de Madrid<\/span><\/strong><span class=\"ng-star-inserted\">\u00a0que no se guarda nada. Crecida en una familia de artistas, tiene el escenario metido en la sangre, y eso se nota. Escucharla en directo es una experiencia que te reconcilia con la fuerza del flamenco.<\/span><\/p>\n<h3>Ram\u00f3n Montoya: El Padre de la Guitarra Flamenca Solista<\/h3>\n<p>Antes de que la guitarra flamenca brillara sola en un escenario, era sobre todo acompa\u00f1ante. Y entonces lleg\u00f3 \u00e9l. Ram\u00f3n Montoya, nacido en Madrid, es el genio que sac\u00f3 la guitarra de la penumbra y la convirti\u00f3 en un instrumento de concierto. Le dio su propia voz, creando un lenguaje y una t\u00e9cnica que cambiaron la historia. Todo guitarrista que vino despu\u00e9s, de alguna forma, est\u00e1 en deuda con \u00e9l.<\/p>\n<div id=\"attachment_1258\" style=\"width: 910px\" class=\"wp-caption aligncenter\"><img loading=\"lazy\" decoding=\"async\" aria-describedby=\"caption-attachment-1258\" class=\"wp-image-1258 size-large\" src=\"https:\/\/flamencomadrid.com\/wp-content\/uploads\/2025\/09\/whatsapp-image-2025-08-12-at-12-41-17-1024x856.jpeg\" alt=\"Ram\u00f3n Montoya, genio de la guitarra flamenca de Madrid\" width=\"900\" height=\"752\" \/><p id=\"caption-attachment-1258\" class=\"wp-caption-text\">Ram\u00f3n Montoya. Fotograf\u00eda de www.expoflamenco.com<\/p><\/div>\n<h3 class=\"ng-star-inserted\"><strong class=\"ng-star-inserted\"><span class=\"ng-star-inserted\">Lela Soto: La Herencia Flamenca con Mirada Propia\u00a0<\/span><\/strong><\/h3>\n<p class=\"ng-star-inserted\"><span class=\"ng-star-inserted\">La pregunta es: \u00bfse puede nacer en Madrid y llevar Jerez en la garganta? Lela Soto no solo responde que s\u00ed, sino que lo convierte en arte. Heredera de los Sordera, tiene la hondura de una de las sagas m\u00e1s importantes, pero la usa con una libertad y una frescura que la hacen \u00fanica. Apunta su nombre, porque es una de las\u00a0<\/span><strong class=\"ng-star-inserted\"><span class=\"ng-star-inserted\">voces j\u00f3venes del flamenco<\/span><\/strong><span class=\"ng-star-inserted\">\u00a0que est\u00e1 definiendo el futuro.<\/span><\/p>\n<h3 class=\"ng-star-inserted\"><strong class=\"ng-star-inserted\"><span class=\"ng-star-inserted\">Los Cimientos: Pioneros del Flamenco en Madrid\u00a0<\/span><\/strong><\/h3>\n<p class=\"ng-star-inserted\"><span class=\"ng-star-inserted\">Ning\u00fan edificio se sostiene sin unos buenos cimientos. Antes que todos ellos, pioneros como\u00a0<\/span><strong class=\"ng-star-inserted\"><span class=\"ng-star-inserted\">Ni\u00f1o de Madrid (Juan Sanz Vega)<\/span><\/strong><span class=\"ng-star-inserted\">,\u00a0<\/span><strong class=\"ng-star-inserted\"><span class=\"ng-star-inserted\">Tom\u00e1s \u201cEl Papelista\u201d<\/span><\/strong><span class=\"ng-star-inserted\">\u00a0o\u00a0<\/span><strong class=\"ng-star-inserted\"><span class=\"ng-star-inserted\">La Chata de Madrid<\/span><\/strong><span class=\"ng-star-inserted\">\u00a0abrieron camino en los caf\u00e9s cantantes, dando forma a la\u00a0<\/span><strong class=\"ng-star-inserted\"><span class=\"ng-star-inserted\">historia del flamenco<\/span><\/strong><span class=\"ng-star-inserted\">\u00a0en la capital.<\/span><\/p>\n<h3 class=\"ng-star-inserted\"><strong class=\"ng-star-inserted\"><span class=\"ng-star-inserted\">El G\u00fcito: La Elegancia del Baile Flamenco Madrile\u00f1o\u00a0<\/span><\/strong><\/h3>\n<p class=\"ng-star-inserted\"><span class=\"ng-star-inserted\">Hay bailaores que llenan el escenario de furia. Y luego est\u00e1 El G\u00fcito. Lo suyo es otra cosa: es la elegancia pura, la sobriedad que calla al p\u00fablico. Nacido en el Rastro, su sole\u00e1 es una lecci\u00f3n de maestr\u00eda. Verlo bailar es entender la esencia del\u00a0<\/span><strong class=\"ng-star-inserted\"><span class=\"ng-star-inserted\">baile flamenco<\/span><\/strong><span class=\"ng-star-inserted\"> de la vieja escuela madrile\u00f1a. Una leyenda viva, en todos los sentidos y un estandarte del Flamenco en Madrid y de la <a href=\"https:\/\/flamencomadrid.com\/es\/escuelas\/amor-de-dios\/\"><strong>Escuela Amor de Dios<\/strong><\/a>.<\/span><\/p>\n<div id=\"attachment_1257\" style=\"width: 910px\" class=\"wp-caption aligncenter\"><img loading=\"lazy\" decoding=\"async\" aria-describedby=\"caption-attachment-1257\" class=\"wp-image-1257 size-large\" src=\"https:\/\/flamencomadrid.com\/wp-content\/uploads\/2025\/09\/whatsapp-image-2025-08-12-at-12-19-51-1024x576.jpeg\" alt=\"El Guito, bailaor Madrile\u00f1o, estandarte del flamenco en Madrid.\" width=\"900\" height=\"506\" \/><p id=\"caption-attachment-1257\" class=\"wp-caption-text\">Eduardo Serrano \u00abEl G\u00fcito\u00bb. Fotograf\u00eda de la escuela Amor de Dios.<\/p><\/div>\n<h2 class=\"ng-star-inserted\"><strong class=\"ng-star-inserted\"><span class=\"ng-star-inserted\">\u00bfQuieres sentir el Flamenco de Madrid?<\/span><\/strong><\/h2>\n<p>La mejor forma de honrar a estos artistas es vivir su arte en directo. Madrid ofrece una amplia programaci\u00f3n en tablaos, teatros y festivales como la <strong data-start=\"3120\" data-end=\"3137\">Suma Flamenca<\/strong>.<\/p>\n<p class=\"ng-star-inserted\"><span class=\"ng-star-inserted\">Y que decir de los tablaos. lo mejor no es leer sobre el arte madrile\u00f1o, sino sentirlo en directo. El flamenco pide cercan\u00eda, y Madrid est\u00e1 llena de rincones donde su alma sigue viva.<\/span><\/p>\n<p class=\"ng-star-inserted\"><span class=\"ng-star-inserted\">Si quieres descubrir los templos donde el\u00a0<\/span><strong class=\"ng-star-inserted\"><span class=\"ng-star-inserted\">flamenco madrile\u00f1o<\/span><\/strong><span class=\"ng-star-inserted\">\u00a0se vive cada noche con pasi\u00f3n, hemos preparado un mapa para ti.<\/span><\/p>\n<p class=\"ng-star-inserted\"><a href=\"https:\/\/flamencomadrid.com\/es\/los-mejores-6-espectaculos-flamencos-de-madrid\/\"><strong class=\"ng-star-inserted\"><span class=\"ng-star-inserted\">Consulta aqu\u00ed nuestra gu\u00eda de los mejores tablaos de Madrid<\/span><\/strong><\/a><\/p>\n<p><\/p>","protected":false},"excerpt":{"rendered":"Madrid tiene su propio quej\u00edo. Un sonido con car\u00e1cter que se ha forjado en sus calles, en sus tablaos, en el alma de artistas que no solo pasaron por aqu\u00ed, sino que nacieron con su comp\u00e1s. Aqu\u00ed no te vamos a dar una lista cualquiera. Este es un viaje al coraz\u00f3n de los\u00a0artistas flamencos de&#8230;","protected":false},"author":6,"featured_media":1259,"comment_status":"open","ping_status":"open","sticky":false,"template":"","format":"standard","meta":{"_acf_changed":false,"footnotes":""},"categories":[13],"tags":[],"class_list":["post-1252","post","type-post","status-publish","format-standard","has-post-thumbnail","hentry","category-curiosidades-flamencas"],"acf":[],"yoast_head":"<!-- This site is optimized with the Yoast SEO plugin v27.4 - https:\/\/yoast.com\/product\/yoast-seo-wordpress\/ -->\n<title>Artistas Flamencos de Madrid: Leyendas y Figuras - Flamenco Madrid<\/title>\n<meta name=\"description\" content=\"Descubre los grandes artistas flamencos de Madrid: leyendas, figuras actuales y promesas que llevan el comp\u00e1s de la capital en su arte.\" \/>\n<meta name=\"robots\" content=\"index, follow, max-snippet:-1, max-image-preview:large, max-video-preview:-1\" \/>\n<link rel=\"canonical\" href=\"\/\" \/>\n<meta property=\"og:locale\" content=\"es_ES\" \/>\n<meta property=\"og:type\" content=\"article\" \/>\n<meta property=\"og:title\" content=\"Artistas Flamencos de Madrid: Leyendas y Figuras - Flamenco Madrid\" \/>\n<meta property=\"og:description\" content=\"Descubre los grandes artistas flamencos de Madrid: leyendas, figuras actuales y promesas que llevan el comp\u00e1s de la capital en su arte.\" \/>\n<meta property=\"og:url\" content=\"https:\/\/flamencomadrid.com\/es\/artistas-flamencos-madrid\/\" \/>\n<meta property=\"og:site_name\" content=\"Flamenco Madrid\" \/>\n<meta property=\"article:published_time\" content=\"2025-09-08T09:30:16+00:00\" \/>\n<meta property=\"og:image\" content=\"https:\/\/flamencomadrid.com\/wp-content\/uploads\/2025\/09\/artistas-flamencos-de-madrid.jpg\" \/>\n\t<meta property=\"og:image:width\" content=\"1920\" \/>\n\t<meta property=\"og:image:height\" content=\"1080\" \/>\n\t<meta property=\"og:image:type\" content=\"image\/jpeg\" \/>\n<meta name=\"author\" content=\"Miguel Blanco\" \/>\n<meta name=\"twitter:card\" content=\"summary_large_image\" \/>\n<meta name=\"twitter:label1\" content=\"Escrito por\" \/>\n\t<meta name=\"twitter:data1\" content=\"Miguel Blanco\" \/>\n\t<meta name=\"twitter:label2\" content=\"Tiempo de lectura\" \/>\n\t<meta name=\"twitter:data2\" content=\"5 minutos\" \/>\n<script type=\"application\/ld+json\" class=\"yoast-schema-graph\">{\"@context\":\"https:\\\/\\\/schema.org\",\"@graph\":[{\"@type\":\"Article\",\"@id\":\"https:\\\/\\\/flamencomadrid.com\\\/es\\\/artistas-flamencos-madrid\\\/#article\",\"isPartOf\":{\"@id\":\"https:\\\/\\\/flamencomadrid.com\\\/es\\\/artistas-flamencos-madrid\\\/\"},\"author\":{\"name\":\"Miguel Blanco\",\"@id\":\"https:\\\/\\\/flamencomadrid.com\\\/es\\\/#\\\/schema\\\/person\\\/e60bef1612b66bdb46e0d88400bfab7e\"},\"headline\":\"Artistas Flamencos de Madrid: Leyendas y Figuras\",\"datePublished\":\"2025-09-08T09:30:16+00:00\",\"mainEntityOfPage\":{\"@id\":\"https:\\\/\\\/flamencomadrid.com\\\/es\\\/artistas-flamencos-madrid\\\/\"},\"wordCount\":2841,\"commentCount\":0,\"image\":{\"@id\":\"https:\\\/\\\/flamencomadrid.com\\\/es\\\/artistas-flamencos-madrid\\\/#primaryimage\"},\"thumbnailUrl\":\"https:\\\/\\\/flamencomadrid.com\\\/wp-content\\\/uploads\\\/2025\\\/09\\\/artistas-flamencos-de-madrid.jpg\",\"articleSection\":[\"Curiosidades Flamencas\"],\"inLanguage\":\"es\",\"potentialAction\":[{\"@type\":\"CommentAction\",\"name\":\"Comment\",\"target\":[\"https:\\\/\\\/flamencomadrid.com\\\/es\\\/artistas-flamencos-madrid\\\/#respond\"]}]},{\"@type\":\"WebPage\",\"@id\":\"https:\\\/\\\/flamencomadrid.com\\\/es\\\/artistas-flamencos-madrid\\\/\",\"url\":\"https:\\\/\\\/flamencomadrid.com\\\/es\\\/artistas-flamencos-madrid\\\/\",\"name\":\"Artistas Flamencos de Madrid: Leyendas y Figuras - Flamenco Madrid\",\"isPartOf\":{\"@id\":\"https:\\\/\\\/flamencomadrid.com\\\/es\\\/#website\"},\"primaryImageOfPage\":{\"@id\":\"https:\\\/\\\/flamencomadrid.com\\\/es\\\/artistas-flamencos-madrid\\\/#primaryimage\"},\"image\":{\"@id\":\"https:\\\/\\\/flamencomadrid.com\\\/es\\\/artistas-flamencos-madrid\\\/#primaryimage\"},\"thumbnailUrl\":\"https:\\\/\\\/flamencomadrid.com\\\/wp-content\\\/uploads\\\/2025\\\/09\\\/artistas-flamencos-de-madrid.jpg\",\"datePublished\":\"2025-09-08T09:30:16+00:00\",\"author\":{\"@id\":\"https:\\\/\\\/flamencomadrid.com\\\/es\\\/#\\\/schema\\\/person\\\/e60bef1612b66bdb46e0d88400bfab7e\"},\"description\":\"Descubre los grandes artistas flamencos de Madrid: leyendas, figuras actuales y promesas que llevan el comp\u00e1s de la capital en su arte.\",\"breadcrumb\":{\"@id\":\"https:\\\/\\\/flamencomadrid.com\\\/es\\\/artistas-flamencos-madrid\\\/#breadcrumb\"},\"inLanguage\":\"es\",\"potentialAction\":[{\"@type\":\"ReadAction\",\"target\":[[\"https:\\\/\\\/flamencomadrid.com\\\/es\\\/artistas-flamencos-madrid\\\/\"]]}]},{\"@type\":\"ImageObject\",\"inLanguage\":\"es\",\"@id\":\"https:\\\/\\\/flamencomadrid.com\\\/es\\\/artistas-flamencos-madrid\\\/#primaryimage\",\"url\":\"https:\\\/\\\/flamencomadrid.com\\\/wp-content\\\/uploads\\\/2025\\\/09\\\/artistas-flamencos-de-madrid.jpg\",\"contentUrl\":\"https:\\\/\\\/flamencomadrid.com\\\/wp-content\\\/uploads\\\/2025\\\/09\\\/artistas-flamencos-de-madrid.jpg\",\"width\":1920,\"height\":1080,\"caption\":\"Bailaora bailando flamenco frente al Palacio Real en Madrid\"},{\"@type\":\"BreadcrumbList\",\"@id\":\"https:\\\/\\\/flamencomadrid.com\\\/es\\\/artistas-flamencos-madrid\\\/#breadcrumb\",\"itemListElement\":[{\"@type\":\"ListItem\",\"position\":1,\"name\":\"Home\",\"item\":\"https:\\\/\\\/flamencomadrid.com\\\/es\\\/\"},{\"@type\":\"ListItem\",\"position\":2,\"name\":\"Artistas Flamencos de Madrid: Leyendas y Figuras\"}]},{\"@type\":\"WebSite\",\"@id\":\"https:\\\/\\\/flamencomadrid.com\\\/es\\\/#website\",\"url\":\"https:\\\/\\\/flamencomadrid.com\\\/es\\\/\",\"name\":\"Flamenco Madrid\",\"description\":\"Otro sitio realizado con WordPress\",\"potentialAction\":[{\"@type\":\"SearchAction\",\"target\":{\"@type\":\"EntryPoint\",\"urlTemplate\":\"https:\\\/\\\/flamencomadrid.com\\\/es\\\/?s={search_term_string}\"},\"query-input\":{\"@type\":\"PropertyValueSpecification\",\"valueRequired\":true,\"valueName\":\"search_term_string\"}}],\"inLanguage\":\"es\"},{\"@type\":\"Person\",\"@id\":\"https:\\\/\\\/flamencomadrid.com\\\/es\\\/#\\\/schema\\\/person\\\/e60bef1612b66bdb46e0d88400bfab7e\",\"name\":\"Miguel Blanco\",\"image\":{\"@type\":\"ImageObject\",\"inLanguage\":\"es\",\"@id\":\"https:\\\/\\\/secure.gravatar.com\\\/avatar\\\/359874fd676a9bfbf3a5d62f8bb888a22a657034662dd62c3669b5e7274a1365?s=96&d=mm&r=g\",\"url\":\"https:\\\/\\\/secure.gravatar.com\\\/avatar\\\/359874fd676a9bfbf3a5d62f8bb888a22a657034662dd62c3669b5e7274a1365?s=96&d=mm&r=g\",\"contentUrl\":\"https:\\\/\\\/secure.gravatar.com\\\/avatar\\\/359874fd676a9bfbf3a5d62f8bb888a22a657034662dd62c3669b5e7274a1365?s=96&d=mm&r=g\",\"caption\":\"Miguel Blanco\"}}]}<\/script>\n<!-- \/ Yoast SEO plugin. -->","yoast_head_json":{"title":"Artistas Flamencos de Madrid: Leyendas y Figuras - Flamenco Madrid","description":"Descubre los grandes artistas flamencos de Madrid: leyendas, figuras actuales y promesas que llevan el comp\u00e1s de la capital en su arte.","robots":{"index":"index","follow":"follow","max-snippet":"max-snippet:-1","max-image-preview":"max-image-preview:large","max-video-preview":"max-video-preview:-1"},"canonical":"\/","og_locale":"es_ES","og_type":"article","og_title":"Artistas Flamencos de Madrid: Leyendas y Figuras - Flamenco Madrid","og_description":"Descubre los grandes artistas flamencos de Madrid: leyendas, figuras actuales y promesas que llevan el comp\u00e1s de la capital en su arte.","og_url":"https:\/\/flamencomadrid.com\/es\/artistas-flamencos-madrid\/","og_site_name":"Flamenco Madrid","article_published_time":"2025-09-08T09:30:16+00:00","og_image":[{"width":1920,"height":1080,"url":"https:\/\/flamencomadrid.com\/wp-content\/uploads\/2025\/09\/artistas-flamencos-de-madrid.jpg","type":"image\/jpeg"}],"author":"Miguel Blanco","twitter_card":"summary_large_image","twitter_misc":{"Escrito por":"Miguel Blanco","Tiempo de lectura":"5 minutos"},"schema":{"@context":"https:\/\/schema.org","@graph":[{"@type":"Article","@id":"https:\/\/flamencomadrid.com\/es\/artistas-flamencos-madrid\/#article","isPartOf":{"@id":"https:\/\/flamencomadrid.com\/es\/artistas-flamencos-madrid\/"},"author":{"name":"Miguel Blanco","@id":"https:\/\/flamencomadrid.com\/es\/#\/schema\/person\/e60bef1612b66bdb46e0d88400bfab7e"},"headline":"Artistas Flamencos de Madrid: Leyendas y Figuras","datePublished":"2025-09-08T09:30:16+00:00","mainEntityOfPage":{"@id":"https:\/\/flamencomadrid.com\/es\/artistas-flamencos-madrid\/"},"wordCount":2841,"commentCount":0,"image":{"@id":"https:\/\/flamencomadrid.com\/es\/artistas-flamencos-madrid\/#primaryimage"},"thumbnailUrl":"https:\/\/flamencomadrid.com\/wp-content\/uploads\/2025\/09\/artistas-flamencos-de-madrid.jpg","articleSection":["Curiosidades Flamencas"],"inLanguage":"es","potentialAction":[{"@type":"CommentAction","name":"Comment","target":["https:\/\/flamencomadrid.com\/es\/artistas-flamencos-madrid\/#respond"]}]},{"@type":"WebPage","@id":"https:\/\/flamencomadrid.com\/es\/artistas-flamencos-madrid\/","url":"https:\/\/flamencomadrid.com\/es\/artistas-flamencos-madrid\/","name":"Artistas Flamencos de Madrid: Leyendas y Figuras - Flamenco Madrid","isPartOf":{"@id":"https:\/\/flamencomadrid.com\/es\/#website"},"primaryImageOfPage":{"@id":"https:\/\/flamencomadrid.com\/es\/artistas-flamencos-madrid\/#primaryimage"},"image":{"@id":"https:\/\/flamencomadrid.com\/es\/artistas-flamencos-madrid\/#primaryimage"},"thumbnailUrl":"https:\/\/flamencomadrid.com\/wp-content\/uploads\/2025\/09\/artistas-flamencos-de-madrid.jpg","datePublished":"2025-09-08T09:30:16+00:00","author":{"@id":"https:\/\/flamencomadrid.com\/es\/#\/schema\/person\/e60bef1612b66bdb46e0d88400bfab7e"},"description":"Descubre los grandes artistas flamencos de Madrid: leyendas, figuras actuales y promesas que llevan el comp\u00e1s de la capital en su arte.","breadcrumb":{"@id":"https:\/\/flamencomadrid.com\/es\/artistas-flamencos-madrid\/#breadcrumb"},"inLanguage":"es","potentialAction":[{"@type":"ReadAction","target":[["https:\/\/flamencomadrid.com\/es\/artistas-flamencos-madrid\/"]]}]},{"@type":"ImageObject","inLanguage":"es","@id":"https:\/\/flamencomadrid.com\/es\/artistas-flamencos-madrid\/#primaryimage","url":"https:\/\/flamencomadrid.com\/wp-content\/uploads\/2025\/09\/artistas-flamencos-de-madrid.jpg","contentUrl":"https:\/\/flamencomadrid.com\/wp-content\/uploads\/2025\/09\/artistas-flamencos-de-madrid.jpg","width":1920,"height":1080,"caption":"Bailaora bailando flamenco frente al Palacio Real en Madrid"},{"@type":"BreadcrumbList","@id":"https:\/\/flamencomadrid.com\/es\/artistas-flamencos-madrid\/#breadcrumb","itemListElement":[{"@type":"ListItem","position":1,"name":"Home","item":"https:\/\/flamencomadrid.com\/es\/"},{"@type":"ListItem","position":2,"name":"Artistas Flamencos de Madrid: Leyendas y Figuras"}]},{"@type":"WebSite","@id":"https:\/\/flamencomadrid.com\/es\/#website","url":"https:\/\/flamencomadrid.com\/es\/","name":"Flamenco Madrid","description":"Otro sitio realizado con WordPress","potentialAction":[{"@type":"SearchAction","target":{"@type":"EntryPoint","urlTemplate":"https:\/\/flamencomadrid.com\/es\/?s={search_term_string}"},"query-input":{"@type":"PropertyValueSpecification","valueRequired":true,"valueName":"search_term_string"}}],"inLanguage":"es"},{"@type":"Person","@id":"https:\/\/flamencomadrid.com\/es\/#\/schema\/person\/e60bef1612b66bdb46e0d88400bfab7e","name":"Miguel Blanco","image":{"@type":"ImageObject","inLanguage":"es","@id":"https:\/\/secure.gravatar.com\/avatar\/359874fd676a9bfbf3a5d62f8bb888a22a657034662dd62c3669b5e7274a1365?s=96&d=mm&r=g","url":"https:\/\/secure.gravatar.com\/avatar\/359874fd676a9bfbf3a5d62f8bb888a22a657034662dd62c3669b5e7274a1365?s=96&d=mm&r=g","contentUrl":"https:\/\/secure.gravatar.com\/avatar\/359874fd676a9bfbf3a5d62f8bb888a22a657034662dd62c3669b5e7274a1365?s=96&d=mm&r=g","caption":"Miguel Blanco"}}]}},"_links":{"self":[{"href":"https:\/\/flamencomadrid.com\/es\/wp-json\/wp\/v2\/posts\/1252","targetHints":{"allow":["GET"]}}],"collection":[{"href":"https:\/\/flamencomadrid.com\/es\/wp-json\/wp\/v2\/posts"}],"about":[{"href":"https:\/\/flamencomadrid.com\/es\/wp-json\/wp\/v2\/types\/post"}],"author":[{"embeddable":true,"href":"https:\/\/flamencomadrid.com\/es\/wp-json\/wp\/v2\/users\/6"}],"replies":[{"embeddable":true,"href":"https:\/\/flamencomadrid.com\/es\/wp-json\/wp\/v2\/comments?post=1252"}],"version-history":[{"count":8,"href":"https:\/\/flamencomadrid.com\/es\/wp-json\/wp\/v2\/posts\/1252\/revisions"}],"predecessor-version":[{"id":1300,"href":"https:\/\/flamencomadrid.com\/es\/wp-json\/wp\/v2\/posts\/1252\/revisions\/1300"}],"wp:featuredmedia":[{"embeddable":true,"href":"https:\/\/flamencomadrid.com\/es\/wp-json\/wp\/v2\/media\/1259"}],"wp:attachment":[{"href":"https:\/\/flamencomadrid.com\/es\/wp-json\/wp\/v2\/media?parent=1252"}],"wp:term":[{"taxonomy":"category","embeddable":true,"href":"https:\/\/flamencomadrid.com\/es\/wp-json\/wp\/v2\/categories?post=1252"},{"taxonomy":"post_tag","embeddable":true,"href":"https:\/\/flamencomadrid.com\/es\/wp-json\/wp\/v2\/tags?post=1252"}],"curies":[{"name":"wp","href":"https:\/\/api.w.org\/{rel}","templated":true}]}}