{"id":1240,"date":"2025-09-01T12:54:26","date_gmt":"2025-09-01T10:54:26","guid":{"rendered":"https:\/\/flamencomadrid.com\/es\/?p=1240"},"modified":"2025-07-30T16:19:55","modified_gmt":"2025-07-30T14:19:55","slug":"barrio-de-las-letras-un-paseo-por-el-corazon-literario-y-flamenco-de-madrid","status":"publish","type":"post","link":"https:\/\/flamencomadrid.com\/es\/barrio-letras-flamenco\/","title":{"rendered":"Barrio de las Letras: Un Paseo por el Coraz\u00f3n Literario y Flamenco de Madrid"},"content":{"rendered":"<p><\/p>\n<p data-start=\"357\" data-end=\"660\">Hay barrios que son postales y barrios que tienen alma. El Barrio de las Letras es, sin duda, de los segundos. Un laberinto de calles peatonales donde el suelo que pisas susurra versos de Lope de Vega y Cervantes. Es el epicentro literario de Espa\u00f1a, un lugar que todo visitante de Madrid debe recorrer.<\/p>\n<p data-start=\"662\" data-end=\"965\">Pero cuando el sol se va, este barrio cambia de piel. Las historias de los libros se callan y empieza a sonar otra m\u00fasica, una que sale de m\u00e1s adentro, m\u00e1s de las tripas. Aqu\u00ed, en las mismas tabernas donde se cerraban tratos de imprenta, el quej\u00edo del flamenco en Madrid lleva siglos rompiendo la noche.<\/p>\n<h2 data-start=\"967\" data-end=\"1010\">Un Viaje al Siglo de Oro en Cada Esquina<\/h2>\n<p data-start=\"1012\" data-end=\"1478\">Caminar por el Barrio de las Letras es como entrar en una m\u00e1quina del tiempo. Aqu\u00ed vivi\u00f3 y muri\u00f3 Cervantes. En la calle que lleva su nombre, Lope de Vega tuvo su casa. Quevedo y G\u00f3ngora, eternos rivales, se cruzaban por estas mismas plazas. El barrio es un museo al aire libre: f\u00edjate en las placas que marcan las casas de estos genios y, sobre todo, no dejes de leer el suelo. Los versos dorados incrustados en el asfalto son la banda sonora perfecta para tu paseo.<\/p>\n<p data-start=\"1012\" data-end=\"1478\"><img loading=\"lazy\" decoding=\"async\" class=\"aligncenter wp-image-1245 size-full\" src=\"https:\/\/flamencomadrid.com\/wp-content\/uploads\/2025\/09\/calle_de_quevedo_-_madrid_-_ruiz_de_luna_01.png\" alt=\"Placa de la Calle de Quevedo ubicada en el Barrio de las Letras\" width=\"825\" height=\"732\" \/><\/p>\n<h2 data-start=\"1480\" data-end=\"1548\">De los Caf\u00e9s Cantantes a los Tablaos: La Otra Historia del Barrio<\/h2>\n<p data-start=\"1550\" data-end=\"1998\">Pero la noche en este barrio no era solo de plumas y tinteros. Cuando el sol ca\u00eda, los teatros y los \u00abCaf\u00e9s Cantantes\u00bb se encend\u00edan. Eran los tablaos del siglo XIX, templos de la bohemia donde intelectuales, artistas y arist\u00f3cratas se mezclaban para vivir la catarsis del flamenco. Aqu\u00ed, entre el humo de los puros y el sonido de las copas, la escena flamenca de Madrid ech\u00f3 sus ra\u00edces m\u00e1s profundas, convirti\u00e9ndose en el arte universal que es hoy.<\/p>\n<p data-start=\"2000\" data-end=\"2104\">Ese esp\u00edritu no ha muerto. Ha evolucionado y sigue muy presente en los tablaos del Barrio de las Letras.<\/p>\n<h2 data-start=\"2231\" data-end=\"2294\">Plaza de Santa Ana: El Kil\u00f3metro Cero del Flamenco Madrile\u00f1o<\/h2>\n<p data-start=\"2296\" data-end=\"2853\">Toda esta energ\u00eda confluye en un solo lugar: la Plaza de Santa Ana. Este es el gran sal\u00f3n al aire libre de Madrid, presidido por el majestuoso Teatro Espa\u00f1ol. Es el verdadero kil\u00f3metro cero de la escena art\u00edstica de la ciudad. No es casualidad que aqu\u00ed se erija la famosa estatua del bailaor, un homenaje a todos los artistas que han hecho de esta plaza su hogar. Sentarse en una de sus terrazas es sentir el pulso de un barrio que, como puedes leer en la web oficial de <a class=\"\" href=\"https:\/\/www.esmadrid.com\" target=\"_new\" rel=\"noopener\" data-start=\"2767\" data-end=\"2807\">esmadrid.com<\/a>, es el coraz\u00f3n de la vida cultural madrile\u00f1a.<\/p>\n<p data-start=\"2296\" data-end=\"2853\"><img loading=\"lazy\" decoding=\"async\" class=\"aligncenter wp-image-1244 size-large\" src=\"https:\/\/flamencomadrid.com\/wp-content\/uploads\/2025\/09\/plaza-santa-ana-1024x576.jpg\" alt=\"Plaza de Santa Ana con la estatua de Lorca en primer plano\" width=\"900\" height=\"506\" \/><\/p>\n<h2 data-start=\"2855\" data-end=\"2919\">Vive el Barrio de las Letras Hoy: Tu Noche Flamenca te Espera<\/h2>\n<p data-start=\"2921\" data-end=\"3267\">Hoy, el esp\u00edritu de los caf\u00e9s cantantes sigue m\u00e1s vivo que nunca en los tablaos modernos. La esencia \u2014la b\u00fasqueda de esa emoci\u00f3n pura, de ese arte que te atraviesa\u2014 sigue intacta. Pasear por el barrio, cenar en una de sus tabernas y culminar la noche con un espect\u00e1culo de flamenco no es un plan tur\u00edstico; es vivir Madrid en su m\u00e1xima expresi\u00f3n.<\/p>\n<p data-start=\"3269\" data-end=\"3417\">La pregunta ya no es si debes vivir una noche de flamenco en Madrid, sino cu\u00e1l elegir para que la experiencia en este barrio m\u00e1gico sea inolvidable.<\/p>\n<blockquote>\n<h3 data-start=\"3426\" data-end=\"3479\">\u00bfQuieres vivir una noche aut\u00e9ntica de flamenco?<\/h3>\n<p data-start=\"3482\" data-end=\"3660\"><a href=\"https:\/\/flamencomadrid.com\/es\/los-mejores-6-espectaculos-flamencos-de-madrid\/\"><strong data-start=\"3482\" data-end=\"3599\">Consulta nuestra Gu\u00eda Definitiva de los Mejores Tablaos Flamencos de Madrid<\/strong><\/a><br data-start=\"3599\" data-end=\"3602\" \/>Descubre las joyas del barrio y elige tu noche perfecta.<\/p>\n<\/blockquote>\n<p data-start=\"3667\" data-end=\"3808\" data-is-last-node=\"\" data-is-only-node=\"\">\n<p><\/p>","protected":false},"excerpt":{"rendered":"Hay barrios que son postales y barrios que tienen alma. El Barrio de las Letras es, sin duda, de los segundos. Un laberinto de calles peatonales donde el suelo que pisas susurra versos de Lope de Vega y Cervantes. Es el epicentro literario de Espa\u00f1a, un lugar que todo visitante de Madrid debe recorrer. Pero&#8230;","protected":false},"author":6,"featured_media":1243,"comment_status":"open","ping_status":"open","sticky":false,"template":"","format":"standard","meta":{"_acf_changed":false,"footnotes":""},"categories":[13],"tags":[],"class_list":["post-1240","post","type-post","status-publish","format-standard","has-post-thumbnail","hentry","category-curiosidades-flamencas"],"acf":[],"yoast_head":"<!-- This site is optimized with the Yoast SEO plugin v27.4 - https:\/\/yoast.com\/product\/yoast-seo-wordpress\/ -->\n<title>Barrio de las Letras: Un Paseo por el Coraz\u00f3n Literario y Flamenco de Madrid - Flamenco Madrid<\/title>\n<meta name=\"description\" content=\"Descubre el alma del flamenco en el Barrio de las Letras, donde la historia y el duende se cruzan cada noche en Madrid.\" \/>\n<meta name=\"robots\" content=\"index, follow, max-snippet:-1, max-image-preview:large, max-video-preview:-1\" \/>\n<link rel=\"canonical\" href=\"\/\" \/>\n<meta property=\"og:locale\" content=\"es_ES\" \/>\n<meta property=\"og:type\" content=\"article\" \/>\n<meta property=\"og:title\" content=\"Barrio de las Letras: Un Paseo por el Coraz\u00f3n Literario y Flamenco de Madrid - Flamenco Madrid\" \/>\n<meta property=\"og:description\" content=\"Descubre el alma del flamenco en el Barrio de las Letras, donde la historia y el duende se cruzan cada noche en Madrid.\" \/>\n<meta property=\"og:url\" content=\"https:\/\/flamencomadrid.com\/es\/barrio-letras-flamenco\/\" \/>\n<meta property=\"og:site_name\" content=\"Flamenco Madrid\" \/>\n<meta property=\"article:published_time\" content=\"2025-09-01T10:54:26+00:00\" \/>\n<meta property=\"og:image\" content=\"https:\/\/flamencomadrid.com\/wp-content\/uploads\/2025\/09\/emilia_pardo_bazan_con_logo.jpg\" \/>\n\t<meta property=\"og:image:width\" content=\"2048\" \/>\n\t<meta property=\"og:image:height\" content=\"1113\" \/>\n\t<meta property=\"og:image:type\" content=\"image\/jpeg\" \/>\n<meta name=\"author\" content=\"Miguel Blanco\" \/>\n<meta name=\"twitter:card\" content=\"summary_large_image\" \/>\n<meta name=\"twitter:label1\" content=\"Escrito por\" \/>\n\t<meta name=\"twitter:data1\" content=\"Miguel Blanco\" \/>\n\t<meta name=\"twitter:label2\" content=\"Tiempo de lectura\" \/>\n\t<meta name=\"twitter:data2\" content=\"4 minutos\" \/>\n<script type=\"application\/ld+json\" class=\"yoast-schema-graph\">{\"@context\":\"https:\\\/\\\/schema.org\",\"@graph\":[{\"@type\":\"Article\",\"@id\":\"https:\\\/\\\/flamencomadrid.com\\\/es\\\/barrio-letras-flamenco\\\/#article\",\"isPartOf\":{\"@id\":\"https:\\\/\\\/flamencomadrid.com\\\/es\\\/barrio-letras-flamenco\\\/\"},\"author\":{\"name\":\"Miguel Blanco\",\"@id\":\"https:\\\/\\\/flamencomadrid.com\\\/es\\\/#\\\/schema\\\/person\\\/e60bef1612b66bdb46e0d88400bfab7e\"},\"headline\":\"Barrio de las Letras: Un Paseo por el Coraz\u00f3n Literario y Flamenco de Madrid\",\"datePublished\":\"2025-09-01T10:54:26+00:00\",\"mainEntityOfPage\":{\"@id\":\"https:\\\/\\\/flamencomadrid.com\\\/es\\\/barrio-letras-flamenco\\\/\"},\"wordCount\":2298,\"commentCount\":0,\"image\":{\"@id\":\"https:\\\/\\\/flamencomadrid.com\\\/es\\\/barrio-letras-flamenco\\\/#primaryimage\"},\"thumbnailUrl\":\"https:\\\/\\\/flamencomadrid.com\\\/wp-content\\\/uploads\\\/2025\\\/09\\\/emilia_pardo_bazan_con_logo.jpg\",\"articleSection\":[\"Curiosidades Flamencas\"],\"inLanguage\":\"es\",\"potentialAction\":[{\"@type\":\"CommentAction\",\"name\":\"Comment\",\"target\":[\"https:\\\/\\\/flamencomadrid.com\\\/es\\\/barrio-letras-flamenco\\\/#respond\"]}]},{\"@type\":\"WebPage\",\"@id\":\"https:\\\/\\\/flamencomadrid.com\\\/es\\\/barrio-letras-flamenco\\\/\",\"url\":\"https:\\\/\\\/flamencomadrid.com\\\/es\\\/barrio-letras-flamenco\\\/\",\"name\":\"Barrio de las Letras: Un Paseo por el Coraz\u00f3n Literario y Flamenco de Madrid - Flamenco Madrid\",\"isPartOf\":{\"@id\":\"https:\\\/\\\/flamencomadrid.com\\\/es\\\/#website\"},\"primaryImageOfPage\":{\"@id\":\"https:\\\/\\\/flamencomadrid.com\\\/es\\\/barrio-letras-flamenco\\\/#primaryimage\"},\"image\":{\"@id\":\"https:\\\/\\\/flamencomadrid.com\\\/es\\\/barrio-letras-flamenco\\\/#primaryimage\"},\"thumbnailUrl\":\"https:\\\/\\\/flamencomadrid.com\\\/wp-content\\\/uploads\\\/2025\\\/09\\\/emilia_pardo_bazan_con_logo.jpg\",\"datePublished\":\"2025-09-01T10:54:26+00:00\",\"author\":{\"@id\":\"https:\\\/\\\/flamencomadrid.com\\\/es\\\/#\\\/schema\\\/person\\\/e60bef1612b66bdb46e0d88400bfab7e\"},\"description\":\"Descubre el alma del flamenco en el Barrio de las Letras, donde la historia y el duende se cruzan cada noche en Madrid.\",\"breadcrumb\":{\"@id\":\"https:\\\/\\\/flamencomadrid.com\\\/es\\\/barrio-letras-flamenco\\\/#breadcrumb\"},\"inLanguage\":\"es\",\"potentialAction\":[{\"@type\":\"ReadAction\",\"target\":[[\"https:\\\/\\\/flamencomadrid.com\\\/es\\\/barrio-letras-flamenco\\\/\"]]}]},{\"@type\":\"ImageObject\",\"inLanguage\":\"es\",\"@id\":\"https:\\\/\\\/flamencomadrid.com\\\/es\\\/barrio-letras-flamenco\\\/#primaryimage\",\"url\":\"https:\\\/\\\/flamencomadrid.com\\\/wp-content\\\/uploads\\\/2025\\\/09\\\/emilia_pardo_bazan_con_logo.jpg\",\"contentUrl\":\"https:\\\/\\\/flamencomadrid.com\\\/wp-content\\\/uploads\\\/2025\\\/09\\\/emilia_pardo_bazan_con_logo.jpg\",\"width\":2048,\"height\":1113,\"caption\":\"Calle empedrada del Barrio de las Letras en Madrid con uno de los famosos versos dorados en el suelo.\"},{\"@type\":\"BreadcrumbList\",\"@id\":\"https:\\\/\\\/flamencomadrid.com\\\/es\\\/barrio-letras-flamenco\\\/#breadcrumb\",\"itemListElement\":[{\"@type\":\"ListItem\",\"position\":1,\"name\":\"Home\",\"item\":\"https:\\\/\\\/flamencomadrid.com\\\/es\\\/\"},{\"@type\":\"ListItem\",\"position\":2,\"name\":\"Barrio de las Letras: Un Paseo por el Coraz\u00f3n Literario y Flamenco de Madrid\"}]},{\"@type\":\"WebSite\",\"@id\":\"https:\\\/\\\/flamencomadrid.com\\\/es\\\/#website\",\"url\":\"https:\\\/\\\/flamencomadrid.com\\\/es\\\/\",\"name\":\"Flamenco Madrid\",\"description\":\"Otro sitio realizado con WordPress\",\"potentialAction\":[{\"@type\":\"SearchAction\",\"target\":{\"@type\":\"EntryPoint\",\"urlTemplate\":\"https:\\\/\\\/flamencomadrid.com\\\/es\\\/?s={search_term_string}\"},\"query-input\":{\"@type\":\"PropertyValueSpecification\",\"valueRequired\":true,\"valueName\":\"search_term_string\"}}],\"inLanguage\":\"es\"},{\"@type\":\"Person\",\"@id\":\"https:\\\/\\\/flamencomadrid.com\\\/es\\\/#\\\/schema\\\/person\\\/e60bef1612b66bdb46e0d88400bfab7e\",\"name\":\"Miguel Blanco\",\"image\":{\"@type\":\"ImageObject\",\"inLanguage\":\"es\",\"@id\":\"https:\\\/\\\/secure.gravatar.com\\\/avatar\\\/359874fd676a9bfbf3a5d62f8bb888a22a657034662dd62c3669b5e7274a1365?s=96&d=mm&r=g\",\"url\":\"https:\\\/\\\/secure.gravatar.com\\\/avatar\\\/359874fd676a9bfbf3a5d62f8bb888a22a657034662dd62c3669b5e7274a1365?s=96&d=mm&r=g\",\"contentUrl\":\"https:\\\/\\\/secure.gravatar.com\\\/avatar\\\/359874fd676a9bfbf3a5d62f8bb888a22a657034662dd62c3669b5e7274a1365?s=96&d=mm&r=g\",\"caption\":\"Miguel Blanco\"}}]}<\/script>\n<!-- \/ Yoast SEO plugin. -->","yoast_head_json":{"title":"Barrio de las Letras: Un Paseo por el Coraz\u00f3n Literario y Flamenco de Madrid - Flamenco Madrid","description":"Descubre el alma del flamenco en el Barrio de las Letras, donde la historia y el duende se cruzan cada noche en Madrid.","robots":{"index":"index","follow":"follow","max-snippet":"max-snippet:-1","max-image-preview":"max-image-preview:large","max-video-preview":"max-video-preview:-1"},"canonical":"\/","og_locale":"es_ES","og_type":"article","og_title":"Barrio de las Letras: Un Paseo por el Coraz\u00f3n Literario y Flamenco de Madrid - Flamenco Madrid","og_description":"Descubre el alma del flamenco en el Barrio de las Letras, donde la historia y el duende se cruzan cada noche en Madrid.","og_url":"https:\/\/flamencomadrid.com\/es\/barrio-letras-flamenco\/","og_site_name":"Flamenco Madrid","article_published_time":"2025-09-01T10:54:26+00:00","og_image":[{"width":2048,"height":1113,"url":"https:\/\/flamencomadrid.com\/wp-content\/uploads\/2025\/09\/emilia_pardo_bazan_con_logo.jpg","type":"image\/jpeg"}],"author":"Miguel Blanco","twitter_card":"summary_large_image","twitter_misc":{"Escrito por":"Miguel Blanco","Tiempo de lectura":"4 minutos"},"schema":{"@context":"https:\/\/schema.org","@graph":[{"@type":"Article","@id":"https:\/\/flamencomadrid.com\/es\/barrio-letras-flamenco\/#article","isPartOf":{"@id":"https:\/\/flamencomadrid.com\/es\/barrio-letras-flamenco\/"},"author":{"name":"Miguel Blanco","@id":"https:\/\/flamencomadrid.com\/es\/#\/schema\/person\/e60bef1612b66bdb46e0d88400bfab7e"},"headline":"Barrio de las Letras: Un Paseo por el Coraz\u00f3n Literario y Flamenco de Madrid","datePublished":"2025-09-01T10:54:26+00:00","mainEntityOfPage":{"@id":"https:\/\/flamencomadrid.com\/es\/barrio-letras-flamenco\/"},"wordCount":2298,"commentCount":0,"image":{"@id":"https:\/\/flamencomadrid.com\/es\/barrio-letras-flamenco\/#primaryimage"},"thumbnailUrl":"https:\/\/flamencomadrid.com\/wp-content\/uploads\/2025\/09\/emilia_pardo_bazan_con_logo.jpg","articleSection":["Curiosidades Flamencas"],"inLanguage":"es","potentialAction":[{"@type":"CommentAction","name":"Comment","target":["https:\/\/flamencomadrid.com\/es\/barrio-letras-flamenco\/#respond"]}]},{"@type":"WebPage","@id":"https:\/\/flamencomadrid.com\/es\/barrio-letras-flamenco\/","url":"https:\/\/flamencomadrid.com\/es\/barrio-letras-flamenco\/","name":"Barrio de las Letras: Un Paseo por el Coraz\u00f3n Literario y Flamenco de Madrid - Flamenco Madrid","isPartOf":{"@id":"https:\/\/flamencomadrid.com\/es\/#website"},"primaryImageOfPage":{"@id":"https:\/\/flamencomadrid.com\/es\/barrio-letras-flamenco\/#primaryimage"},"image":{"@id":"https:\/\/flamencomadrid.com\/es\/barrio-letras-flamenco\/#primaryimage"},"thumbnailUrl":"https:\/\/flamencomadrid.com\/wp-content\/uploads\/2025\/09\/emilia_pardo_bazan_con_logo.jpg","datePublished":"2025-09-01T10:54:26+00:00","author":{"@id":"https:\/\/flamencomadrid.com\/es\/#\/schema\/person\/e60bef1612b66bdb46e0d88400bfab7e"},"description":"Descubre el alma del flamenco en el Barrio de las Letras, donde la historia y el duende se cruzan cada noche en Madrid.","breadcrumb":{"@id":"https:\/\/flamencomadrid.com\/es\/barrio-letras-flamenco\/#breadcrumb"},"inLanguage":"es","potentialAction":[{"@type":"ReadAction","target":[["https:\/\/flamencomadrid.com\/es\/barrio-letras-flamenco\/"]]}]},{"@type":"ImageObject","inLanguage":"es","@id":"https:\/\/flamencomadrid.com\/es\/barrio-letras-flamenco\/#primaryimage","url":"https:\/\/flamencomadrid.com\/wp-content\/uploads\/2025\/09\/emilia_pardo_bazan_con_logo.jpg","contentUrl":"https:\/\/flamencomadrid.com\/wp-content\/uploads\/2025\/09\/emilia_pardo_bazan_con_logo.jpg","width":2048,"height":1113,"caption":"Calle empedrada del Barrio de las Letras en Madrid con uno de los famosos versos dorados en el suelo."},{"@type":"BreadcrumbList","@id":"https:\/\/flamencomadrid.com\/es\/barrio-letras-flamenco\/#breadcrumb","itemListElement":[{"@type":"ListItem","position":1,"name":"Home","item":"https:\/\/flamencomadrid.com\/es\/"},{"@type":"ListItem","position":2,"name":"Barrio de las Letras: Un Paseo por el Coraz\u00f3n Literario y Flamenco de Madrid"}]},{"@type":"WebSite","@id":"https:\/\/flamencomadrid.com\/es\/#website","url":"https:\/\/flamencomadrid.com\/es\/","name":"Flamenco Madrid","description":"Otro sitio realizado con WordPress","potentialAction":[{"@type":"SearchAction","target":{"@type":"EntryPoint","urlTemplate":"https:\/\/flamencomadrid.com\/es\/?s={search_term_string}"},"query-input":{"@type":"PropertyValueSpecification","valueRequired":true,"valueName":"search_term_string"}}],"inLanguage":"es"},{"@type":"Person","@id":"https:\/\/flamencomadrid.com\/es\/#\/schema\/person\/e60bef1612b66bdb46e0d88400bfab7e","name":"Miguel Blanco","image":{"@type":"ImageObject","inLanguage":"es","@id":"https:\/\/secure.gravatar.com\/avatar\/359874fd676a9bfbf3a5d62f8bb888a22a657034662dd62c3669b5e7274a1365?s=96&d=mm&r=g","url":"https:\/\/secure.gravatar.com\/avatar\/359874fd676a9bfbf3a5d62f8bb888a22a657034662dd62c3669b5e7274a1365?s=96&d=mm&r=g","contentUrl":"https:\/\/secure.gravatar.com\/avatar\/359874fd676a9bfbf3a5d62f8bb888a22a657034662dd62c3669b5e7274a1365?s=96&d=mm&r=g","caption":"Miguel Blanco"}}]}},"_links":{"self":[{"href":"https:\/\/flamencomadrid.com\/es\/wp-json\/wp\/v2\/posts\/1240","targetHints":{"allow":["GET"]}}],"collection":[{"href":"https:\/\/flamencomadrid.com\/es\/wp-json\/wp\/v2\/posts"}],"about":[{"href":"https:\/\/flamencomadrid.com\/es\/wp-json\/wp\/v2\/types\/post"}],"author":[{"embeddable":true,"href":"https:\/\/flamencomadrid.com\/es\/wp-json\/wp\/v2\/users\/6"}],"replies":[{"embeddable":true,"href":"https:\/\/flamencomadrid.com\/es\/wp-json\/wp\/v2\/comments?post=1240"}],"version-history":[{"count":5,"href":"https:\/\/flamencomadrid.com\/es\/wp-json\/wp\/v2\/posts\/1240\/revisions"}],"predecessor-version":[{"id":1289,"href":"https:\/\/flamencomadrid.com\/es\/wp-json\/wp\/v2\/posts\/1240\/revisions\/1289"}],"wp:featuredmedia":[{"embeddable":true,"href":"https:\/\/flamencomadrid.com\/es\/wp-json\/wp\/v2\/media\/1243"}],"wp:attachment":[{"href":"https:\/\/flamencomadrid.com\/es\/wp-json\/wp\/v2\/media?parent=1240"}],"wp:term":[{"taxonomy":"category","embeddable":true,"href":"https:\/\/flamencomadrid.com\/es\/wp-json\/wp\/v2\/categories?post=1240"},{"taxonomy":"post_tag","embeddable":true,"href":"https:\/\/flamencomadrid.com\/es\/wp-json\/wp\/v2\/tags?post=1240"}],"curies":[{"name":"wp","href":"https:\/\/api.w.org\/{rel}","templated":true}]}}