{"id":1225,"date":"2025-08-25T12:01:49","date_gmt":"2025-08-25T10:01:49","guid":{"rendered":"https:\/\/flamencomadrid.com\/es\/?p=1225"},"modified":"2025-07-17T13:11:29","modified_gmt":"2025-07-17T11:11:29","slug":"toros-y-duende-la-pasion-comun-del-flamenco-y-la-tauromaquia-en-madrid","status":"publish","type":"post","link":"https:\/\/flamencomadrid.com\/es\/toros-y-duende-la-pasion-comun-del-flamenco-y-la-tauromaquia-en-madrid\/","title":{"rendered":"Toros y Duende: La Pasi\u00f3n Com\u00fan del Flamenco y la Tauromaquia en Madrid"},"content":{"rendered":"<p><\/p>\n<p class=\"ng-star-inserted\"><span class=\"ng-star-inserted\">Madrid es una ciudad que se vive con el alma en vilo. Es el estruendo de la Gran V\u00eda y el silencio denso que precede a una obra de arte. En el ADN de esa identidad madrile\u00f1a, dos universos paralelos laten con el mismo coraz\u00f3n apasionado: la\u00a0<\/span><strong class=\"ng-star-inserted\"><span class=\"ng-star-inserted\">tauromaquia y el flamenco<\/span><\/strong><span class=\"ng-star-inserted\">.<\/span><\/p>\n<p class=\"ng-star-inserted\"><span class=\"ng-star-inserted\">Aunque el albero de Las Ventas y las tablas de un\u00a0<\/span><strong class=\"ng-star-inserted\"><span class=\"ng-star-inserted\">tablao flamenco<\/span><\/strong><span class=\"ng-star-inserted\">\u00a0en el Madrid de los Austrias parezcan mundos distintos, comparten un lenguaje secreto forjado en la verdad, el riesgo y esa fuerza inexplicable que llamamos\u00a0<\/span><strong class=\"ng-star-inserted\"><span class=\"ng-star-inserted\">duende<\/span><\/strong><span class=\"ng-star-inserted\">.<\/span><\/p>\n<h2 class=\"ng-star-inserted\"><strong class=\"ng-star-inserted\"><span class=\"ng-star-inserted\">Un Escenario de Verdad: Del Ruedo al Tablao Flamenco<\/span><\/strong><\/h2>\n<p class=\"ng-star-inserted\"><span class=\"ng-star-inserted\">Tanto la plaza de toros como el tablao son templos donde no se permite el enga\u00f1o. Son escenarios de una verdad absoluta.<\/span><\/p>\n<ul class=\"ng-star-inserted\">\n<li class=\"ng-star-inserted\">\n<p class=\"ng-star-inserted\"><strong class=\"ng-star-inserted\"><span class=\"ng-star-inserted\">En la tauromaquia<\/span><\/strong><span class=\"ng-star-inserted\">, el torero se enfrenta a la muerte f\u00edsica. Su arte consiste en transformar el caos de una embestida en una danza de temple y geometr\u00eda. Cada pase es un veredicto instant\u00e1neo.<\/span><\/p>\n<\/li>\n<li class=\"ng-star-inserted\">\n<p class=\"ng-star-inserted\"><strong class=\"ng-star-inserted\"><span class=\"ng-star-inserted\">En el flamenco<\/span><\/strong><span class=\"ng-star-inserted\">, el artista se enfrenta al abismo de su propia emoci\u00f3n. Un\u00a0<\/span><strong class=\"ng-star-inserted\"><span class=\"ng-star-inserted\">cante jondo<\/span><\/strong><span class=\"ng-star-inserted\">\u00a0desgarra el alma, un\u00a0<\/span><strong class=\"ng-star-inserted\"><span class=\"ng-star-inserted\">zapateado<\/span><\/strong><span class=\"ng-star-inserted\">\u00a0furioso golpea las tablas como un coraz\u00f3n desbocado. En un aut\u00e9ntico\u00a0<\/span><strong class=\"ng-star-inserted\"><span class=\"ng-star-inserted\">espect\u00e1culo flamenco en Madrid<\/span><\/strong><span class=\"ng-star-inserted\">, o hay verdad, o no hay nada.<\/span><\/p>\n<\/li>\n<\/ul>\n<p><img loading=\"lazy\" decoding=\"async\" class=\"aligncenter wp-image-1229 size-large\" src=\"https:\/\/flamencomadrid.com\/wp-content\/uploads\/2025\/08\/flamenco-y-toros-1024x683.jpg\" alt=\"Bailaora en vestido rojo realizando un pase taurino con un mant\u00f3n frente a un toro\" width=\"900\" height=\"600\" \/><\/p>\n<h2 data-start=\"191\" data-end=\"241\"><strong data-start=\"199\" data-end=\"241\">Duende: la lucha que da origen al arte<\/strong><\/h2>\n<p data-start=\"243\" data-end=\"420\">Federico Garc\u00eda Lorca, que bebi\u00f3 de ambos mundos, lo describi\u00f3 magistralmente. El duende no es inspiraci\u00f3n, es lucha. \u201cEs una fuerza y no una obra, es un luchar y no un pensar.\u201d<\/p>\n<p data-start=\"422\" data-end=\"787\">Ese duende es el \u201c\u00a1Ol\u00e9!\u201d que se escapa de las entra\u00f1as del p\u00fablico en Las Ventas ante un natural eterno. Es el mismo escalofr\u00edo que recorre la espalda del espectador en un tablao, cuando el <strong data-start=\"612\" data-end=\"622\">quej\u00edo<\/strong> de un cantaor, el vuelo de las manos de una <strong data-start=\"667\" data-end=\"679\">bailaora<\/strong> o el rasgueo de una <strong data-start=\"700\" data-end=\"721\">guitarra espa\u00f1ola<\/strong> rompen el silencio y lo llenan todo de una emoci\u00f3n casi palpable.<\/p>\n<p data-start=\"789\" data-end=\"864\">En ambos mundos, la conciencia de la muerte alimenta una explosi\u00f3n de vida.<\/p>\n<h2 data-start=\"866\" data-end=\"906\"><strong data-start=\"869\" data-end=\"906\">El lenguaje corporal de la pasi\u00f3n<\/strong><\/h2>\n<p data-start=\"908\" data-end=\"1013\">La conexi\u00f3n es visible, casi f\u00edsica. Existe un vocabulario gestual que une a <strong data-start=\"985\" data-end=\"996\">toreros<\/strong> y <strong data-start=\"999\" data-end=\"1012\">bailaores<\/strong>:<\/p>\n<ul data-start=\"1015\" data-end=\"1563\">\n<li data-start=\"1015\" data-end=\"1153\">\n<p data-start=\"1017\" data-end=\"1153\"><strong data-start=\"1017\" data-end=\"1042\">La postura y el porte<\/strong>: La misma verticalidad orgullosa y desafiante del torero se refleja en la pose del bailaor sobre el escenario.<\/p>\n<\/li>\n<li data-start=\"1154\" data-end=\"1270\">\n<p data-start=\"1156\" data-end=\"1270\"><strong data-start=\"1156\" data-end=\"1179\">El juego de mu\u00f1ecas<\/strong>: El giro sutil pero firme del capote es primo hermano del floreo de manos de una bailaora.<\/p>\n<\/li>\n<li data-start=\"1271\" data-end=\"1563\">\n<p data-start=\"1273\" data-end=\"1563\"><strong data-start=\"1273\" data-end=\"1312\">El dominio del ritmo y del silencio<\/strong>: En el flamenco, el comp\u00e1s es ley. La tauromaquia tambi\u00e9n tiene su ritmo: sus pausas, sus aceleraciones y, sobre todo, sus silencios cargados de tensi\u00f3n. Un silencio en la plaza puede ser tan atronador como el que precede a un estallido en el tablao.<\/p>\n<\/li>\n<\/ul>\n<p><img loading=\"lazy\" decoding=\"async\" class=\"aligncenter wp-image-1227 size-large\" src=\"https:\/\/flamencomadrid.com\/wp-content\/uploads\/2025\/07\/flamenca-y-toros-3-1-1024x683.png\" alt=\"Imagen de Flamenca con movimiento de mu\u00f1ecas en FlamencoMadrid\" width=\"900\" height=\"600\" \/><\/p>\n<h2 class=\"ng-star-inserted\"><strong class=\"ng-star-inserted\"><span class=\"ng-star-inserted\">\u00bfD\u00f3nde Vivir esta Pasi\u00f3n? El Mejor Flamenco de Madrid<\/span><\/strong><\/h2>\n<p class=\"ng-star-inserted\"><span class=\"ng-star-inserted\">Madrid es el crisol donde estas artes se encuentran. Entender una ayuda a sentir la otra con mayor profundidad. Pero, \u00bfd\u00f3nde encontrar hoy ese duende que no enga\u00f1a, esa emoci\u00f3n en estado puro?<\/span><\/p>\n<p class=\"ng-star-inserted\"><span class=\"ng-star-inserted\">Para quien busca un\u00a0<\/span><strong class=\"ng-star-inserted\"><span class=\"ng-star-inserted\">espect\u00e1culo flamenco en Madrid<\/span><\/strong><span class=\"ng-star-inserted\">\u00a0que conecte con esta ra\u00edz, aqu\u00ed van dos recomendaciones imprescindibles, cada una con su propia alma:<\/span><\/p>\n<p class=\"ng-star-inserted\"><a href=\"https:\/\/flamencomadrid.com\/es\/blog-flamenco\/\"><strong class=\"ng-star-inserted\"><span class=\"ng-star-inserted\">Descubre horarios, artistas y asegura tu sitio para vivir una noche inolvidable. Explora los mejores tablaos y espect\u00e1culos en\u00a0<\/span><span class=\"ng-star-inserted\">flamencomadrid.com<\/span><span class=\"ng-star-inserted\">.<\/span><\/strong><\/a><\/p>\n<p><\/p>","protected":false},"excerpt":{"rendered":"Madrid es una ciudad que se vive con el alma en vilo. Es el estruendo de la Gran V\u00eda y el silencio denso que precede a una obra de arte. En el ADN de esa identidad madrile\u00f1a, dos universos paralelos laten con el mismo coraz\u00f3n apasionado: la\u00a0tauromaquia y el flamenco. Aunque el albero de Las&#8230;","protected":false},"author":6,"featured_media":1231,"comment_status":"open","ping_status":"open","sticky":false,"template":"","format":"standard","meta":{"_acf_changed":false,"footnotes":""},"categories":[13],"tags":[],"class_list":["post-1225","post","type-post","status-publish","format-standard","has-post-thumbnail","hentry","category-curiosidades-flamencas"],"acf":[],"yoast_head":"<!-- This site is optimized with the Yoast SEO plugin v27.4 - https:\/\/yoast.com\/product\/yoast-seo-wordpress\/ -->\n<title>Toros y Duende: La Pasi\u00f3n Com\u00fan del Flamenco y la Tauromaquia en Madrid - Flamenco Madrid<\/title>\n<meta name=\"description\" content=\"Toros y flamenco se cruzan en Madrid: una mirada apasionada al duende, la emoci\u00f3n, el ritmo y el arte compartido entre tablaos y arenas.\" \/>\n<meta name=\"robots\" content=\"index, follow, max-snippet:-1, max-image-preview:large, max-video-preview:-1\" \/>\n<link rel=\"canonical\" href=\"\/\" \/>\n<meta property=\"og:locale\" content=\"es_ES\" \/>\n<meta property=\"og:type\" content=\"article\" \/>\n<meta property=\"og:title\" content=\"Toros y Duende: La Pasi\u00f3n Com\u00fan del Flamenco y la Tauromaquia en Madrid - Flamenco Madrid\" \/>\n<meta property=\"og:description\" content=\"Toros y flamenco se cruzan en Madrid: una mirada apasionada al duende, la emoci\u00f3n, el ritmo y el arte compartido entre tablaos y arenas.\" \/>\n<meta property=\"og:url\" content=\"https:\/\/flamencomadrid.com\/es\/toros-y-duende-la-pasion-comun-del-flamenco-y-la-tauromaquia-en-madrid\/\" \/>\n<meta property=\"og:site_name\" content=\"Flamenco Madrid\" \/>\n<meta property=\"article:published_time\" content=\"2025-08-25T10:01:49+00:00\" \/>\n<meta property=\"og:image\" content=\"https:\/\/flamencomadrid.com\/wp-content\/uploads\/2025\/08\/toros-y-flamenco.jpg\" \/>\n\t<meta property=\"og:image:width\" content=\"1536\" \/>\n\t<meta property=\"og:image:height\" content=\"1024\" \/>\n\t<meta property=\"og:image:type\" content=\"image\/jpeg\" \/>\n<meta name=\"author\" content=\"Miguel Blanco\" \/>\n<meta name=\"twitter:card\" content=\"summary_large_image\" \/>\n<meta name=\"twitter:label1\" content=\"Escrito por\" \/>\n\t<meta name=\"twitter:data1\" content=\"Miguel Blanco\" \/>\n\t<meta name=\"twitter:label2\" content=\"Tiempo de lectura\" \/>\n\t<meta name=\"twitter:data2\" content=\"3 minutos\" \/>\n<script type=\"application\/ld+json\" class=\"yoast-schema-graph\">{\"@context\":\"https:\\\/\\\/schema.org\",\"@graph\":[{\"@type\":\"Article\",\"@id\":\"https:\\\/\\\/flamencomadrid.com\\\/es\\\/toros-y-duende-la-pasion-comun-del-flamenco-y-la-tauromaquia-en-madrid\\\/#article\",\"isPartOf\":{\"@id\":\"https:\\\/\\\/flamencomadrid.com\\\/es\\\/toros-y-duende-la-pasion-comun-del-flamenco-y-la-tauromaquia-en-madrid\\\/\"},\"author\":{\"name\":\"Miguel Blanco\",\"@id\":\"https:\\\/\\\/flamencomadrid.com\\\/es\\\/#\\\/schema\\\/person\\\/e60bef1612b66bdb46e0d88400bfab7e\"},\"headline\":\"Toros y Duende: La Pasi\u00f3n Com\u00fan del Flamenco y la Tauromaquia en Madrid\",\"datePublished\":\"2025-08-25T10:01:49+00:00\",\"mainEntityOfPage\":{\"@id\":\"https:\\\/\\\/flamencomadrid.com\\\/es\\\/toros-y-duende-la-pasion-comun-del-flamenco-y-la-tauromaquia-en-madrid\\\/\"},\"wordCount\":2209,\"commentCount\":0,\"image\":{\"@id\":\"https:\\\/\\\/flamencomadrid.com\\\/es\\\/toros-y-duende-la-pasion-comun-del-flamenco-y-la-tauromaquia-en-madrid\\\/#primaryimage\"},\"thumbnailUrl\":\"https:\\\/\\\/flamencomadrid.com\\\/wp-content\\\/uploads\\\/2025\\\/08\\\/toros-y-flamenco.jpg\",\"articleSection\":[\"Curiosidades Flamencas\"],\"inLanguage\":\"es\",\"potentialAction\":[{\"@type\":\"CommentAction\",\"name\":\"Comment\",\"target\":[\"https:\\\/\\\/flamencomadrid.com\\\/es\\\/toros-y-duende-la-pasion-comun-del-flamenco-y-la-tauromaquia-en-madrid\\\/#respond\"]}]},{\"@type\":\"WebPage\",\"@id\":\"https:\\\/\\\/flamencomadrid.com\\\/es\\\/toros-y-duende-la-pasion-comun-del-flamenco-y-la-tauromaquia-en-madrid\\\/\",\"url\":\"https:\\\/\\\/flamencomadrid.com\\\/es\\\/toros-y-duende-la-pasion-comun-del-flamenco-y-la-tauromaquia-en-madrid\\\/\",\"name\":\"Toros y Duende: La Pasi\u00f3n Com\u00fan del Flamenco y la Tauromaquia en Madrid - Flamenco Madrid\",\"isPartOf\":{\"@id\":\"https:\\\/\\\/flamencomadrid.com\\\/es\\\/#website\"},\"primaryImageOfPage\":{\"@id\":\"https:\\\/\\\/flamencomadrid.com\\\/es\\\/toros-y-duende-la-pasion-comun-del-flamenco-y-la-tauromaquia-en-madrid\\\/#primaryimage\"},\"image\":{\"@id\":\"https:\\\/\\\/flamencomadrid.com\\\/es\\\/toros-y-duende-la-pasion-comun-del-flamenco-y-la-tauromaquia-en-madrid\\\/#primaryimage\"},\"thumbnailUrl\":\"https:\\\/\\\/flamencomadrid.com\\\/wp-content\\\/uploads\\\/2025\\\/08\\\/toros-y-flamenco.jpg\",\"datePublished\":\"2025-08-25T10:01:49+00:00\",\"author\":{\"@id\":\"https:\\\/\\\/flamencomadrid.com\\\/es\\\/#\\\/schema\\\/person\\\/e60bef1612b66bdb46e0d88400bfab7e\"},\"description\":\"Toros y flamenco se cruzan en Madrid: una mirada apasionada al duende, la emoci\u00f3n, el ritmo y el arte compartido entre tablaos y arenas.\",\"breadcrumb\":{\"@id\":\"https:\\\/\\\/flamencomadrid.com\\\/es\\\/toros-y-duende-la-pasion-comun-del-flamenco-y-la-tauromaquia-en-madrid\\\/#breadcrumb\"},\"inLanguage\":\"es\",\"potentialAction\":[{\"@type\":\"ReadAction\",\"target\":[[\"https:\\\/\\\/flamencomadrid.com\\\/es\\\/toros-y-duende-la-pasion-comun-del-flamenco-y-la-tauromaquia-en-madrid\\\/\"]]}]},{\"@type\":\"ImageObject\",\"inLanguage\":\"es\",\"@id\":\"https:\\\/\\\/flamencomadrid.com\\\/es\\\/toros-y-duende-la-pasion-comun-del-flamenco-y-la-tauromaquia-en-madrid\\\/#primaryimage\",\"url\":\"https:\\\/\\\/flamencomadrid.com\\\/wp-content\\\/uploads\\\/2025\\\/08\\\/toros-y-flamenco.jpg\",\"contentUrl\":\"https:\\\/\\\/flamencomadrid.com\\\/wp-content\\\/uploads\\\/2025\\\/08\\\/toros-y-flamenco.jpg\",\"width\":1536,\"height\":1024,\"caption\":\"Composici\u00f3n art\u00edstica con torero y bailaora reflejados en poses complementarias para FlamencoMadrid\"},{\"@type\":\"BreadcrumbList\",\"@id\":\"https:\\\/\\\/flamencomadrid.com\\\/es\\\/toros-y-duende-la-pasion-comun-del-flamenco-y-la-tauromaquia-en-madrid\\\/#breadcrumb\",\"itemListElement\":[{\"@type\":\"ListItem\",\"position\":1,\"name\":\"Home\",\"item\":\"https:\\\/\\\/flamencomadrid.com\\\/es\\\/\"},{\"@type\":\"ListItem\",\"position\":2,\"name\":\"Toros y Duende: La Pasi\u00f3n Com\u00fan del Flamenco y la Tauromaquia en Madrid\"}]},{\"@type\":\"WebSite\",\"@id\":\"https:\\\/\\\/flamencomadrid.com\\\/es\\\/#website\",\"url\":\"https:\\\/\\\/flamencomadrid.com\\\/es\\\/\",\"name\":\"Flamenco Madrid\",\"description\":\"Otro sitio realizado con WordPress\",\"potentialAction\":[{\"@type\":\"SearchAction\",\"target\":{\"@type\":\"EntryPoint\",\"urlTemplate\":\"https:\\\/\\\/flamencomadrid.com\\\/es\\\/?s={search_term_string}\"},\"query-input\":{\"@type\":\"PropertyValueSpecification\",\"valueRequired\":true,\"valueName\":\"search_term_string\"}}],\"inLanguage\":\"es\"},{\"@type\":\"Person\",\"@id\":\"https:\\\/\\\/flamencomadrid.com\\\/es\\\/#\\\/schema\\\/person\\\/e60bef1612b66bdb46e0d88400bfab7e\",\"name\":\"Miguel Blanco\",\"image\":{\"@type\":\"ImageObject\",\"inLanguage\":\"es\",\"@id\":\"https:\\\/\\\/secure.gravatar.com\\\/avatar\\\/359874fd676a9bfbf3a5d62f8bb888a22a657034662dd62c3669b5e7274a1365?s=96&d=mm&r=g\",\"url\":\"https:\\\/\\\/secure.gravatar.com\\\/avatar\\\/359874fd676a9bfbf3a5d62f8bb888a22a657034662dd62c3669b5e7274a1365?s=96&d=mm&r=g\",\"contentUrl\":\"https:\\\/\\\/secure.gravatar.com\\\/avatar\\\/359874fd676a9bfbf3a5d62f8bb888a22a657034662dd62c3669b5e7274a1365?s=96&d=mm&r=g\",\"caption\":\"Miguel Blanco\"}}]}<\/script>\n<!-- \/ Yoast SEO plugin. -->","yoast_head_json":{"title":"Toros y Duende: La Pasi\u00f3n Com\u00fan del Flamenco y la Tauromaquia en Madrid - Flamenco Madrid","description":"Toros y flamenco se cruzan en Madrid: una mirada apasionada al duende, la emoci\u00f3n, el ritmo y el arte compartido entre tablaos y arenas.","robots":{"index":"index","follow":"follow","max-snippet":"max-snippet:-1","max-image-preview":"max-image-preview:large","max-video-preview":"max-video-preview:-1"},"canonical":"\/","og_locale":"es_ES","og_type":"article","og_title":"Toros y Duende: La Pasi\u00f3n Com\u00fan del Flamenco y la Tauromaquia en Madrid - Flamenco Madrid","og_description":"Toros y flamenco se cruzan en Madrid: una mirada apasionada al duende, la emoci\u00f3n, el ritmo y el arte compartido entre tablaos y arenas.","og_url":"https:\/\/flamencomadrid.com\/es\/toros-y-duende-la-pasion-comun-del-flamenco-y-la-tauromaquia-en-madrid\/","og_site_name":"Flamenco Madrid","article_published_time":"2025-08-25T10:01:49+00:00","og_image":[{"width":1536,"height":1024,"url":"https:\/\/flamencomadrid.com\/wp-content\/uploads\/2025\/08\/toros-y-flamenco.jpg","type":"image\/jpeg"}],"author":"Miguel Blanco","twitter_card":"summary_large_image","twitter_misc":{"Escrito por":"Miguel Blanco","Tiempo de lectura":"3 minutos"},"schema":{"@context":"https:\/\/schema.org","@graph":[{"@type":"Article","@id":"https:\/\/flamencomadrid.com\/es\/toros-y-duende-la-pasion-comun-del-flamenco-y-la-tauromaquia-en-madrid\/#article","isPartOf":{"@id":"https:\/\/flamencomadrid.com\/es\/toros-y-duende-la-pasion-comun-del-flamenco-y-la-tauromaquia-en-madrid\/"},"author":{"name":"Miguel Blanco","@id":"https:\/\/flamencomadrid.com\/es\/#\/schema\/person\/e60bef1612b66bdb46e0d88400bfab7e"},"headline":"Toros y Duende: La Pasi\u00f3n Com\u00fan del Flamenco y la Tauromaquia en Madrid","datePublished":"2025-08-25T10:01:49+00:00","mainEntityOfPage":{"@id":"https:\/\/flamencomadrid.com\/es\/toros-y-duende-la-pasion-comun-del-flamenco-y-la-tauromaquia-en-madrid\/"},"wordCount":2209,"commentCount":0,"image":{"@id":"https:\/\/flamencomadrid.com\/es\/toros-y-duende-la-pasion-comun-del-flamenco-y-la-tauromaquia-en-madrid\/#primaryimage"},"thumbnailUrl":"https:\/\/flamencomadrid.com\/wp-content\/uploads\/2025\/08\/toros-y-flamenco.jpg","articleSection":["Curiosidades Flamencas"],"inLanguage":"es","potentialAction":[{"@type":"CommentAction","name":"Comment","target":["https:\/\/flamencomadrid.com\/es\/toros-y-duende-la-pasion-comun-del-flamenco-y-la-tauromaquia-en-madrid\/#respond"]}]},{"@type":"WebPage","@id":"https:\/\/flamencomadrid.com\/es\/toros-y-duende-la-pasion-comun-del-flamenco-y-la-tauromaquia-en-madrid\/","url":"https:\/\/flamencomadrid.com\/es\/toros-y-duende-la-pasion-comun-del-flamenco-y-la-tauromaquia-en-madrid\/","name":"Toros y Duende: La Pasi\u00f3n Com\u00fan del Flamenco y la Tauromaquia en Madrid - Flamenco Madrid","isPartOf":{"@id":"https:\/\/flamencomadrid.com\/es\/#website"},"primaryImageOfPage":{"@id":"https:\/\/flamencomadrid.com\/es\/toros-y-duende-la-pasion-comun-del-flamenco-y-la-tauromaquia-en-madrid\/#primaryimage"},"image":{"@id":"https:\/\/flamencomadrid.com\/es\/toros-y-duende-la-pasion-comun-del-flamenco-y-la-tauromaquia-en-madrid\/#primaryimage"},"thumbnailUrl":"https:\/\/flamencomadrid.com\/wp-content\/uploads\/2025\/08\/toros-y-flamenco.jpg","datePublished":"2025-08-25T10:01:49+00:00","author":{"@id":"https:\/\/flamencomadrid.com\/es\/#\/schema\/person\/e60bef1612b66bdb46e0d88400bfab7e"},"description":"Toros y flamenco se cruzan en Madrid: una mirada apasionada al duende, la emoci\u00f3n, el ritmo y el arte compartido entre tablaos y arenas.","breadcrumb":{"@id":"https:\/\/flamencomadrid.com\/es\/toros-y-duende-la-pasion-comun-del-flamenco-y-la-tauromaquia-en-madrid\/#breadcrumb"},"inLanguage":"es","potentialAction":[{"@type":"ReadAction","target":[["https:\/\/flamencomadrid.com\/es\/toros-y-duende-la-pasion-comun-del-flamenco-y-la-tauromaquia-en-madrid\/"]]}]},{"@type":"ImageObject","inLanguage":"es","@id":"https:\/\/flamencomadrid.com\/es\/toros-y-duende-la-pasion-comun-del-flamenco-y-la-tauromaquia-en-madrid\/#primaryimage","url":"https:\/\/flamencomadrid.com\/wp-content\/uploads\/2025\/08\/toros-y-flamenco.jpg","contentUrl":"https:\/\/flamencomadrid.com\/wp-content\/uploads\/2025\/08\/toros-y-flamenco.jpg","width":1536,"height":1024,"caption":"Composici\u00f3n art\u00edstica con torero y bailaora reflejados en poses complementarias para FlamencoMadrid"},{"@type":"BreadcrumbList","@id":"https:\/\/flamencomadrid.com\/es\/toros-y-duende-la-pasion-comun-del-flamenco-y-la-tauromaquia-en-madrid\/#breadcrumb","itemListElement":[{"@type":"ListItem","position":1,"name":"Home","item":"https:\/\/flamencomadrid.com\/es\/"},{"@type":"ListItem","position":2,"name":"Toros y Duende: La Pasi\u00f3n Com\u00fan del Flamenco y la Tauromaquia en Madrid"}]},{"@type":"WebSite","@id":"https:\/\/flamencomadrid.com\/es\/#website","url":"https:\/\/flamencomadrid.com\/es\/","name":"Flamenco Madrid","description":"Otro sitio realizado con WordPress","potentialAction":[{"@type":"SearchAction","target":{"@type":"EntryPoint","urlTemplate":"https:\/\/flamencomadrid.com\/es\/?s={search_term_string}"},"query-input":{"@type":"PropertyValueSpecification","valueRequired":true,"valueName":"search_term_string"}}],"inLanguage":"es"},{"@type":"Person","@id":"https:\/\/flamencomadrid.com\/es\/#\/schema\/person\/e60bef1612b66bdb46e0d88400bfab7e","name":"Miguel Blanco","image":{"@type":"ImageObject","inLanguage":"es","@id":"https:\/\/secure.gravatar.com\/avatar\/359874fd676a9bfbf3a5d62f8bb888a22a657034662dd62c3669b5e7274a1365?s=96&d=mm&r=g","url":"https:\/\/secure.gravatar.com\/avatar\/359874fd676a9bfbf3a5d62f8bb888a22a657034662dd62c3669b5e7274a1365?s=96&d=mm&r=g","contentUrl":"https:\/\/secure.gravatar.com\/avatar\/359874fd676a9bfbf3a5d62f8bb888a22a657034662dd62c3669b5e7274a1365?s=96&d=mm&r=g","caption":"Miguel Blanco"}}]}},"_links":{"self":[{"href":"https:\/\/flamencomadrid.com\/es\/wp-json\/wp\/v2\/posts\/1225","targetHints":{"allow":["GET"]}}],"collection":[{"href":"https:\/\/flamencomadrid.com\/es\/wp-json\/wp\/v2\/posts"}],"about":[{"href":"https:\/\/flamencomadrid.com\/es\/wp-json\/wp\/v2\/types\/post"}],"author":[{"embeddable":true,"href":"https:\/\/flamencomadrid.com\/es\/wp-json\/wp\/v2\/users\/6"}],"replies":[{"embeddable":true,"href":"https:\/\/flamencomadrid.com\/es\/wp-json\/wp\/v2\/comments?post=1225"}],"version-history":[{"count":4,"href":"https:\/\/flamencomadrid.com\/es\/wp-json\/wp\/v2\/posts\/1225\/revisions"}],"predecessor-version":[{"id":1278,"href":"https:\/\/flamencomadrid.com\/es\/wp-json\/wp\/v2\/posts\/1225\/revisions\/1278"}],"wp:featuredmedia":[{"embeddable":true,"href":"https:\/\/flamencomadrid.com\/es\/wp-json\/wp\/v2\/media\/1231"}],"wp:attachment":[{"href":"https:\/\/flamencomadrid.com\/es\/wp-json\/wp\/v2\/media?parent=1225"}],"wp:term":[{"taxonomy":"category","embeddable":true,"href":"https:\/\/flamencomadrid.com\/es\/wp-json\/wp\/v2\/categories?post=1225"},{"taxonomy":"post_tag","embeddable":true,"href":"https:\/\/flamencomadrid.com\/es\/wp-json\/wp\/v2\/tags?post=1225"}],"curies":[{"name":"wp","href":"https:\/\/api.w.org\/{rel}","templated":true}]}}