{"id":1207,"date":"2025-08-11T10:46:56","date_gmt":"2025-08-11T08:46:56","guid":{"rendered":"https:\/\/flamencomadrid.com\/es\/?p=1207"},"modified":"2025-07-15T11:55:05","modified_gmt":"2025-07-15T09:55:05","slug":"zarzuela-y-flamenco-la-rivalidad-secreta-de-las-dos-musicas-de-madrid","status":"publish","type":"post","link":"https:\/\/flamencomadrid.com\/es\/zarzuela\/","title":{"rendered":"Zarzuela y Flamenco: La Rivalidad Secreta de las Dos M\u00fasicas de Madrid"},"content":{"rendered":"<p><\/p>\n<div class=\"banner-and-app-container ng-tns-c1465847986-0\">\n<div class=\"makersuite-layout ng-tns-c1465847986-0\">\n<div class=\"layout-wrapper ng-tns-c1465847986-0\" role=\"main\">\n<div class=\"layout-main ng-tns-c1465847986-0\" tabindex=\"-1\">\n<section class=\"chunk-editor-main\">\n<div class=\"chat-container\">\n<div class=\"chat-view-container ng-star-inserted\">\n<div class=\"chat-turn-container model render\" tabindex=\"-1\">\n<div class=\"model-prompt-container\" data-turn-role=\"Model\">\n<div class=\"turn-content\">\n<p class=\"ng-star-inserted\"><span class=\"ng-star-inserted\">Si te paras a escuchar, m\u00e1s all\u00e1 del murmullo de las terrazas y el organillo lejano, Madrid tiene dos bandas sonoras que luchan por el alma de la ciudad. Por un lado, el sonido grandioso, orquestal y castizo de la Zarzuela que se escapa de los teatros centenarios de la calle Alcal\u00e1. Por otro, el quej\u00edo crudo, \u00edntimo y profundo del Flamenco que se filtra por las rendijas de los tablaos en los barrios de las Letras o Lavapi\u00e9s. A simple vista, parecen la noche y el d\u00eda, el agua y el aceite. Uno es de corbata y butaca de terciopelo; el otro, de camisa abierta y silla de enea. Pero si te fijas bien, te dar\u00e1s cuenta de que estos dos gigantes llevan m\u00e1s de un siglo mir\u00e1ndose de reojo, copi\u00e1ndose, pic\u00e1ndose y, en el fondo, respet\u00e1ndose en un abrazo invisible. Esta es la historia de su extra\u00f1a y fascinante relaci\u00f3n.<\/span><\/p>\n<h2 class=\"ng-star-inserted\"><strong class=\"ng-star-inserted\"><span class=\"ng-star-inserted\">Cuando el Flamenco se Col\u00f3 en la Zarzuela<\/span><\/strong><\/h2>\n<p class=\"ng-star-inserted\"><span class=\"ng-star-inserted\">Imag\u00ednate la escena: finales del siglo XIX y principios del XX. La Zarzuela es la reina indiscutible de Madrid, el Netflix de la \u00e9poca, el espect\u00e1culo de masas que todos van a ver. Sus compositores y libretistas, genios como Ruperto Chap\u00ed, Amadeo Vives o Federico Chueca, ten\u00edan un o\u00eddo pegado a la calle. Se dieron cuenta de que en los barrios, en los patios de vecinos y en los ruidosos caf\u00e9s cantantes hab\u00eda un arte visceral que arrastraba al p\u00fablico: el flamenco. Y decidieron, con una astucia brillante, invitarlo a su fiesta.<\/span><\/p>\n<p class=\"ng-star-inserted\"><span class=\"ng-star-inserted\">As\u00ed, empezaron a salpicar sus obras con elementos flamencos. De repente, aparec\u00edan n\u00fameros de baile por tangos, escenas en caf\u00e9s cantantes o personajes con un desparpajo y una actitud \u00abaflamencada\u00bb. Obras maestras como\u00a0<\/span><strong class=\"ng-star-inserted\"><span class=\"ng-star-inserted\">La verbena de la Paloma<\/span><\/strong><span class=\"ng-star-inserted\">\u00a0o\u00a0<\/span><strong class=\"ng-star-inserted\"><span class=\"ng-star-inserted\">La Revoltosa<\/span><\/strong><span class=\"ng-star-inserted\">\u00a0son el retrato perfecto de ese Madrid popular donde la chuler\u00eda tiene un punto jondo. En\u00a0<\/span><strong class=\"ng-star-inserted\"><span class=\"ng-star-inserted\">Agua, azucarillos y aguardiente<\/span><\/strong><span class=\"ng-star-inserted\">\u00a0se representa expl\u00edcitamente ese ambiente popular, mientras que en t\u00edtulos como\u00a0<\/span><strong class=\"ng-star-inserted\"><span class=\"ng-star-inserted\">El hu\u00e9sped del sevillano<\/span><\/strong><span class=\"ng-star-inserted\">, la conexi\u00f3n andaluza es el propio motor de la trama. Era la f\u00f3rmula del \u00e9xito: llevar la calle y la \u00abverdad\u00bb del pueblo al gran escenario.<\/span><\/p>\n<p><img loading=\"lazy\" decoding=\"async\" class=\"aligncenter wp-image-1212 size-large\" src=\"https:\/\/flamencomadrid.com\/wp-content\/uploads\/2025\/08\/la-verbena-de-la-paloma-por-flamencomadrid-1024x576.jpg\" alt=\"Representaci\u00f3n de la Verbena de la Paloma, Zarzuela en el Teatro \" width=\"900\" height=\"506\" \/><\/p>\n<h2 class=\"ng-star-inserted\"><strong class=\"ng-star-inserted\"><span class=\"ng-star-inserted\">\u00bfY al rev\u00e9s? <a href=\"https:\/\/flamencomadrid.com\/es\/opera-flamenca\/\">La \u00d3pera Flamenca<\/a> y el Toque Teatral<\/span><\/strong><\/h2>\n<p class=\"ng-star-inserted\"><span class=\"ng-star-inserted\">Pero ojo, que el flamenco no se qued\u00f3 de brazos cruzados. La relaci\u00f3n fue de ida y vuelta. A medida que sal\u00eda de la intimidad de las reuniones para conquistar teatros, se dio cuenta de que necesitaba algo m\u00e1s que pura emoci\u00f3n y duende. Necesitaba una puesta en escena, un orden, una dramaturgia.<\/span><\/p>\n<p class=\"ng-star-inserted\"><span class=\"ng-star-inserted\">Al compartir cartel con las compa\u00f1\u00edas de Zarzuela, los artistas flamencos aprendieron a estructurar sus espect\u00e1culos. Naci\u00f3 la\u00a0<\/span><strong class=\"ng-star-inserted\"><span class=\"ng-star-inserted\">\u00ab\u00d3pera Flamenca\u00bb<\/span><\/strong><span class=\"ng-star-inserted\">, un formato que, m\u00e1s all\u00e1 de su origen fiscal, reflejaba una realidad: los recitales se organizaban como un viaje emocional, con un principio, un desarrollo y un final. Se cuidaba el vestuario, la iluminaci\u00f3n y el orden de los palos. Las letras de cantes como la\u00a0<\/span><strong class=\"ng-star-inserted\"><span class=\"ng-star-inserted\">Petenera<\/span><\/strong><span class=\"ng-star-inserted\">\u00a0o la\u00a0<\/span><strong class=\"ng-star-inserted\"><span class=\"ng-star-inserted\">Malague\u00f1a<\/span><\/strong><span class=\"ng-star-inserted\">\u00a0se convirtieron en microrrelatos dram\u00e1ticos. El bailaor o la cantaora ya no solo interpretaban, ahora actuaban. El flamenco descubri\u00f3 que, sin perder su alma, pod\u00eda usar las herramientas del teatro para ser a\u00fan m\u00e1s universal.<\/span><\/p>\n<h2 class=\"ng-star-inserted\"><strong class=\"ng-star-inserted\"><span class=\"ng-star-inserted\">Un Idioma Com\u00fan: Versos, Quej\u00edos y Pasi\u00f3n<\/span><\/strong><\/h2>\n<p class=\"ng-star-inserted\"><span class=\"ng-star-inserted\">Al final, aunque el traje sea distinto, la piel es la misma. Zarzuela y Flamenco son dos vasijas diferentes que contienen la misma materia prima: las pasiones humanas. Hablan de lo que nos mueve a todos: el amor, la pena, los celos, la alegr\u00eda.<\/span><\/p>\n<p class=\"ng-star-inserted\"><span class=\"ng-star-inserted\">No es casualidad que grandes poetas como los\u00a0<\/span><strong class=\"ng-star-inserted\"><span class=\"ng-star-inserted\">hermanos \u00c1lvarez Quintero<\/span><\/strong><span class=\"ng-star-inserted\">\u00a0escribieran libretos para zarzuelas y, a la vez, letras para cantes. La romanza de un tenor en\u00a0<\/span><strong class=\"ng-star-inserted\"><span class=\"ng-star-inserted\">Luisa Fernanda<\/span><\/strong><span class=\"ng-star-inserted\">\u00a0puede hablar de un amor tan desgarrado como el que expresa una seguiriya. El escalofr\u00edo que recorre la espalda con un coro de\u00a0<\/span><strong class=\"ng-star-inserted\"><span class=\"ng-star-inserted\">Do\u00f1a Francisquita<\/span><\/strong><span class=\"ng-star-inserted\">\u00a0es primo hermano del pellizco que provoca un buen cante por sole\u00e1. Son dos acentos distintos de un mismo idioma universal: la pasi\u00f3n.<\/span><\/p>\n<h2 class=\"ng-star-inserted\"><strong class=\"ng-star-inserted\"><span class=\"ng-star-inserted\">Pinceladas Flamencas en Zarzuelas Inolvidables<\/span><\/strong><\/h2>\n<p class=\"ng-star-inserted\"><span class=\"ng-star-inserted\">Para que agudices el o\u00eddo, aqu\u00ed tienes algunas de las\u00a0<\/span><strong class=\"ng-star-inserted\"><span class=\"ng-star-inserted\">zarzuelas famosas<\/span><\/strong><span class=\"ng-star-inserted\">\u00a0donde esa conexi\u00f3n con lo popular y lo flamenco es m\u00e1s evidente. Son la prueba perfecta de este romance secreto:<\/span><\/p>\n<ol class=\"ng-star-inserted\">\n<li class=\"ng-star-inserted\">\n<p class=\"ng-star-inserted\"><strong class=\"ng-star-inserted\"><span class=\"ng-star-inserted\">La Revoltosa<\/span><span class=\"ng-star-inserted\">\u00a0(Ruperto Chap\u00ed):<\/span><\/strong><span class=\"ng-star-inserted\">\u00a0La m\u00fasica no solo narra una historia de amor y celos, sino que captura el sonido y el pulso de un patio de vecinos madrile\u00f1o, con una energ\u00eda casi flamenca.<\/span><\/p>\n<\/li>\n<li class=\"ng-star-inserted\">\n<p class=\"ng-star-inserted\"><strong class=\"ng-star-inserted\"><span class=\"ng-star-inserted\">La tabernera del puerto<\/span><span class=\"ng-star-inserted\">\u00a0(Pablo Soroz\u00e1bal):<\/span><\/strong><span class=\"ng-star-inserted\">\u00a0Sus personajes son gente de mar, con pasiones a flor de piel. Las habaneras y los ritmos populares tienen un sabor que conecta directamente con el pueblo.<\/span><\/p>\n<\/li>\n<li class=\"ng-star-inserted\">\n<p class=\"ng-star-inserted\"><strong class=\"ng-star-inserted\"><span class=\"ng-star-inserted\">El hu\u00e9sped del sevillano<\/span><span class=\"ng-star-inserted\">\u00a0(Jacinto Guerrero):<\/span><\/strong><span class=\"ng-star-inserted\">\u00a0El t\u00edtulo lo dice todo. Es una exaltaci\u00f3n de lo andaluz dentro de una estructura de zarzuela, con Toledo como escenario de un cruce de culturas y pasiones.<\/span><\/p>\n<\/li>\n<li class=\"ng-star-inserted\">\n<p class=\"ng-star-inserted\"><strong class=\"ng-star-inserted\"><span class=\"ng-star-inserted\">Gigantes y cabezudos<\/span><span class=\"ng-star-inserted\">\u00a0(Manuel Fern\u00e1ndez Caballero):<\/span><\/strong><span class=\"ng-star-inserted\">\u00a0La jota aragonesa es la protagonista, pero la obra es un canto a la identidad popular y regional, un esp\u00edritu que comparte con el flamenco.<\/span><\/p>\n<\/li>\n<li class=\"ng-star-inserted\">\n<p class=\"ng-star-inserted\"><strong class=\"ng-star-inserted\"><span class=\"ng-star-inserted\">La del manojo de rosas<\/span><span class=\"ng-star-inserted\">\u00a0(Pablo Soroz\u00e1bal):<\/span><\/strong><span class=\"ng-star-inserted\">\u00a0Un sainete madrile\u00f1o moderno para su \u00e9poca, que mezcla el pasodoble con ritmos de moda como el foxtrot, demostrando esa misma capacidad de la zarzuela para absorber lo que se escuchaba en la calle, igual que hizo con el flamenco.<\/span><\/p>\n<\/li>\n<\/ol>\n<p><img loading=\"lazy\" decoding=\"async\" class=\"aligncenter wp-image-1213 size-large\" src=\"https:\/\/flamencomadrid.com\/wp-content\/uploads\/2025\/08\/optimized_sheet_music_image-1024x683.jpg\" alt=\"Partitura original de zarzuela con anotaciones manuscritas.\" width=\"900\" height=\"600\" \/><\/p>\n<p class=\"ng-star-inserted\"><span class=\"ng-star-inserted\">Hoy, un siglo despu\u00e9s de aquellos coqueteos, cada g\u00e9nero ha encontrado su espacio en Madrid. La Zarzuela sigue siendo el gran espect\u00e1culo l\u00edrico de la capital, una joya cultural que hay que disfrutar en sus magn\u00edficos teatros. El Flamenco, por su parte, es el pulso \u00edntimo y visceral de la ciudad, un arte que se renueva cada noche en espacios m\u00e1s recogidos.<\/span><\/p>\n<p class=\"ng-star-inserted\"><span class=\"ng-star-inserted\">Pero esa vieja rivalidad secreta, ese mirarse de reojo, los ha hecho a ambos m\u00e1s fuertes, m\u00e1s ricos. Para entender de verdad el alma de esta ciudad, con sus luces de verbena y sus sombras de corralas, tienes que probar un poco de los dos. Y si bien la Zarzuela te espera en sus butacas, la esencia m\u00e1s pura del flamenco, esa que inspir\u00f3 a tantos maestros y que a su vez aprendi\u00f3 del teatro, sigue viva y ardiendo. Se esconde en esos peque\u00f1os templos donde el silencio es sagrado y solo lo rompe una guitarra, un tac\u00f3n contra la madera y una voz que se rompe sin guion. Es ah\u00ed donde se vive la emoci\u00f3n en directo, donde el arte nace y muere cada noche, demostrando que el eco de esa vieja y fascinante relaci\u00f3n a\u00fan resuena.<\/span><\/p>\n<div class=\"turn-information ng-star-inserted\"><\/div>\n<\/div>\n<\/div>\n<\/div>\n<\/div>\n<\/div>\n<\/section>\n<\/div>\n<\/div>\n<\/div>\n<\/div>\n<div class=\"cdk-overlay-container\">\n<div class=\"cdk-global-overlay-wrapper\" dir=\"ltr\">\n<div id=\"cdk-overlay-43\" class=\"cdk-overlay-pane\">\n<div class=\"mdc-snackbar__surface mat-mdc-snackbar-surface\">\n<div class=\"mat-mdc-snack-bar-label mdc-snackbar__label\">\n<div id=\"mat-snack-bar-container-live-9\" aria-live=\"polite\">\n<div>\n<div class=\"toast ng-star-inserted\">\n<div class=\"callout-container\">\n<div class=\"content-container\">\n<p class=\"gmat-body-medium content\">\n<\/div>\n<\/div>\n<\/div>\n<\/div>\n<\/div>\n<\/div>\n<\/div>\n<\/div>\n<\/div>\n<\/div>\n<p><\/p>","protected":false},"excerpt":{"rendered":"Si te paras a escuchar, m\u00e1s all\u00e1 del murmullo de las terrazas y el organillo lejano, Madrid tiene dos bandas sonoras que luchan por el alma de la ciudad. Por un lado, el sonido grandioso, orquestal y castizo de la Zarzuela que se escapa de los teatros centenarios de la calle Alcal\u00e1. Por otro, el&#8230;","protected":false},"author":6,"featured_media":1211,"comment_status":"open","ping_status":"open","sticky":false,"template":"","format":"standard","meta":{"_acf_changed":false,"footnotes":""},"categories":[13],"tags":[],"class_list":["post-1207","post","type-post","status-publish","format-standard","has-post-thumbnail","hentry","category-curiosidades-flamencas"],"acf":[],"yoast_head":"<!-- This site is optimized with the Yoast SEO plugin v27.4 - https:\/\/yoast.com\/product\/yoast-seo-wordpress\/ -->\n<title>Zarzuela y Flamenco: La Rivalidad Secreta de las Dos M\u00fasicas de Madrid - Flamenco Madrid<\/title>\n<meta name=\"description\" content=\"Zarzuela y flamenco, dos almas musicales de Madrid que se han influido y rivalizado en secreto durante m\u00e1s de un siglo. Una historia de pasi\u00f3n compartida.\" \/>\n<meta name=\"robots\" content=\"index, follow, max-snippet:-1, max-image-preview:large, max-video-preview:-1\" \/>\n<link rel=\"canonical\" href=\"\/\" \/>\n<meta property=\"og:locale\" content=\"es_ES\" \/>\n<meta property=\"og:type\" content=\"article\" \/>\n<meta property=\"og:title\" content=\"Zarzuela y Flamenco: La Rivalidad Secreta de las Dos M\u00fasicas de Madrid - Flamenco Madrid\" \/>\n<meta property=\"og:description\" content=\"Zarzuela y flamenco, dos almas musicales de Madrid que se han influido y rivalizado en secreto durante m\u00e1s de un siglo. Una historia de pasi\u00f3n compartida.\" \/>\n<meta property=\"og:url\" content=\"https:\/\/flamencomadrid.com\/es\/zarzuela\/\" \/>\n<meta property=\"og:site_name\" content=\"Flamenco Madrid\" \/>\n<meta property=\"article:published_time\" content=\"2025-08-11T08:46:56+00:00\" \/>\n<meta property=\"og:image\" content=\"https:\/\/flamencomadrid.com\/wp-content\/uploads\/2025\/08\/zarzuela-y-flamenco.jpg\" \/>\n\t<meta property=\"og:image:width\" content=\"1920\" \/>\n\t<meta property=\"og:image:height\" content=\"1080\" \/>\n\t<meta property=\"og:image:type\" content=\"image\/jpeg\" \/>\n<meta name=\"author\" content=\"Miguel Blanco\" \/>\n<meta name=\"twitter:card\" content=\"summary_large_image\" \/>\n<meta name=\"twitter:label1\" content=\"Escrito por\" \/>\n\t<meta name=\"twitter:data1\" content=\"Miguel Blanco\" \/>\n\t<meta name=\"twitter:label2\" content=\"Tiempo de lectura\" \/>\n\t<meta name=\"twitter:data2\" content=\"6 minutos\" \/>\n<script type=\"application\/ld+json\" class=\"yoast-schema-graph\">{\"@context\":\"https:\\\/\\\/schema.org\",\"@graph\":[{\"@type\":\"Article\",\"@id\":\"https:\\\/\\\/flamencomadrid.com\\\/es\\\/zarzuela\\\/#article\",\"isPartOf\":{\"@id\":\"https:\\\/\\\/flamencomadrid.com\\\/es\\\/zarzuela\\\/\"},\"author\":{\"name\":\"Miguel Blanco\",\"@id\":\"https:\\\/\\\/flamencomadrid.com\\\/es\\\/#\\\/schema\\\/person\\\/e60bef1612b66bdb46e0d88400bfab7e\"},\"headline\":\"Zarzuela y Flamenco: La Rivalidad Secreta de las Dos M\u00fasicas de Madrid\",\"datePublished\":\"2025-08-11T08:46:56+00:00\",\"mainEntityOfPage\":{\"@id\":\"https:\\\/\\\/flamencomadrid.com\\\/es\\\/zarzuela\\\/\"},\"wordCount\":4243,\"commentCount\":0,\"image\":{\"@id\":\"https:\\\/\\\/flamencomadrid.com\\\/es\\\/zarzuela\\\/#primaryimage\"},\"thumbnailUrl\":\"https:\\\/\\\/flamencomadrid.com\\\/wp-content\\\/uploads\\\/2025\\\/08\\\/zarzuela-y-flamenco.jpg\",\"articleSection\":[\"Curiosidades Flamencas\"],\"inLanguage\":\"es\",\"potentialAction\":[{\"@type\":\"CommentAction\",\"name\":\"Comment\",\"target\":[\"https:\\\/\\\/flamencomadrid.com\\\/es\\\/zarzuela\\\/#respond\"]}]},{\"@type\":\"WebPage\",\"@id\":\"https:\\\/\\\/flamencomadrid.com\\\/es\\\/zarzuela\\\/\",\"url\":\"https:\\\/\\\/flamencomadrid.com\\\/es\\\/zarzuela\\\/\",\"name\":\"Zarzuela y Flamenco: La Rivalidad Secreta de las Dos M\u00fasicas de Madrid - Flamenco Madrid\",\"isPartOf\":{\"@id\":\"https:\\\/\\\/flamencomadrid.com\\\/es\\\/#website\"},\"primaryImageOfPage\":{\"@id\":\"https:\\\/\\\/flamencomadrid.com\\\/es\\\/zarzuela\\\/#primaryimage\"},\"image\":{\"@id\":\"https:\\\/\\\/flamencomadrid.com\\\/es\\\/zarzuela\\\/#primaryimage\"},\"thumbnailUrl\":\"https:\\\/\\\/flamencomadrid.com\\\/wp-content\\\/uploads\\\/2025\\\/08\\\/zarzuela-y-flamenco.jpg\",\"datePublished\":\"2025-08-11T08:46:56+00:00\",\"author\":{\"@id\":\"https:\\\/\\\/flamencomadrid.com\\\/es\\\/#\\\/schema\\\/person\\\/e60bef1612b66bdb46e0d88400bfab7e\"},\"description\":\"Zarzuela y flamenco, dos almas musicales de Madrid que se han influido y rivalizado en secreto durante m\u00e1s de un siglo. Una historia de pasi\u00f3n compartida.\",\"breadcrumb\":{\"@id\":\"https:\\\/\\\/flamencomadrid.com\\\/es\\\/zarzuela\\\/#breadcrumb\"},\"inLanguage\":\"es\",\"potentialAction\":[{\"@type\":\"ReadAction\",\"target\":[[\"https:\\\/\\\/flamencomadrid.com\\\/es\\\/zarzuela\\\/\"]]}]},{\"@type\":\"ImageObject\",\"inLanguage\":\"es\",\"@id\":\"https:\\\/\\\/flamencomadrid.com\\\/es\\\/zarzuela\\\/#primaryimage\",\"url\":\"https:\\\/\\\/flamencomadrid.com\\\/wp-content\\\/uploads\\\/2025\\\/08\\\/zarzuela-y-flamenco.jpg\",\"contentUrl\":\"https:\\\/\\\/flamencomadrid.com\\\/wp-content\\\/uploads\\\/2025\\\/08\\\/zarzuela-y-flamenco.jpg\",\"width\":1920,\"height\":1080,\"caption\":\"Representaci\u00f3n de la Zarzuela Goyesca, hombre vestido en celebraci\u00f3n en la Plaza de la Paja\"},{\"@type\":\"BreadcrumbList\",\"@id\":\"https:\\\/\\\/flamencomadrid.com\\\/es\\\/zarzuela\\\/#breadcrumb\",\"itemListElement\":[{\"@type\":\"ListItem\",\"position\":1,\"name\":\"Home\",\"item\":\"https:\\\/\\\/flamencomadrid.com\\\/es\\\/\"},{\"@type\":\"ListItem\",\"position\":2,\"name\":\"Zarzuela y Flamenco: La Rivalidad Secreta de las Dos M\u00fasicas de Madrid\"}]},{\"@type\":\"WebSite\",\"@id\":\"https:\\\/\\\/flamencomadrid.com\\\/es\\\/#website\",\"url\":\"https:\\\/\\\/flamencomadrid.com\\\/es\\\/\",\"name\":\"Flamenco Madrid\",\"description\":\"Otro sitio realizado con WordPress\",\"potentialAction\":[{\"@type\":\"SearchAction\",\"target\":{\"@type\":\"EntryPoint\",\"urlTemplate\":\"https:\\\/\\\/flamencomadrid.com\\\/es\\\/?s={search_term_string}\"},\"query-input\":{\"@type\":\"PropertyValueSpecification\",\"valueRequired\":true,\"valueName\":\"search_term_string\"}}],\"inLanguage\":\"es\"},{\"@type\":\"Person\",\"@id\":\"https:\\\/\\\/flamencomadrid.com\\\/es\\\/#\\\/schema\\\/person\\\/e60bef1612b66bdb46e0d88400bfab7e\",\"name\":\"Miguel Blanco\",\"image\":{\"@type\":\"ImageObject\",\"inLanguage\":\"es\",\"@id\":\"https:\\\/\\\/secure.gravatar.com\\\/avatar\\\/359874fd676a9bfbf3a5d62f8bb888a22a657034662dd62c3669b5e7274a1365?s=96&d=mm&r=g\",\"url\":\"https:\\\/\\\/secure.gravatar.com\\\/avatar\\\/359874fd676a9bfbf3a5d62f8bb888a22a657034662dd62c3669b5e7274a1365?s=96&d=mm&r=g\",\"contentUrl\":\"https:\\\/\\\/secure.gravatar.com\\\/avatar\\\/359874fd676a9bfbf3a5d62f8bb888a22a657034662dd62c3669b5e7274a1365?s=96&d=mm&r=g\",\"caption\":\"Miguel Blanco\"}}]}<\/script>\n<!-- \/ Yoast SEO plugin. -->","yoast_head_json":{"title":"Zarzuela y Flamenco: La Rivalidad Secreta de las Dos M\u00fasicas de Madrid - Flamenco Madrid","description":"Zarzuela y flamenco, dos almas musicales de Madrid que se han influido y rivalizado en secreto durante m\u00e1s de un siglo. Una historia de pasi\u00f3n compartida.","robots":{"index":"index","follow":"follow","max-snippet":"max-snippet:-1","max-image-preview":"max-image-preview:large","max-video-preview":"max-video-preview:-1"},"canonical":"\/","og_locale":"es_ES","og_type":"article","og_title":"Zarzuela y Flamenco: La Rivalidad Secreta de las Dos M\u00fasicas de Madrid - Flamenco Madrid","og_description":"Zarzuela y flamenco, dos almas musicales de Madrid que se han influido y rivalizado en secreto durante m\u00e1s de un siglo. Una historia de pasi\u00f3n compartida.","og_url":"https:\/\/flamencomadrid.com\/es\/zarzuela\/","og_site_name":"Flamenco Madrid","article_published_time":"2025-08-11T08:46:56+00:00","og_image":[{"width":1920,"height":1080,"url":"https:\/\/flamencomadrid.com\/wp-content\/uploads\/2025\/08\/zarzuela-y-flamenco.jpg","type":"image\/jpeg"}],"author":"Miguel Blanco","twitter_card":"summary_large_image","twitter_misc":{"Escrito por":"Miguel Blanco","Tiempo de lectura":"6 minutos"},"schema":{"@context":"https:\/\/schema.org","@graph":[{"@type":"Article","@id":"https:\/\/flamencomadrid.com\/es\/zarzuela\/#article","isPartOf":{"@id":"https:\/\/flamencomadrid.com\/es\/zarzuela\/"},"author":{"name":"Miguel Blanco","@id":"https:\/\/flamencomadrid.com\/es\/#\/schema\/person\/e60bef1612b66bdb46e0d88400bfab7e"},"headline":"Zarzuela y Flamenco: La Rivalidad Secreta de las Dos M\u00fasicas de Madrid","datePublished":"2025-08-11T08:46:56+00:00","mainEntityOfPage":{"@id":"https:\/\/flamencomadrid.com\/es\/zarzuela\/"},"wordCount":4243,"commentCount":0,"image":{"@id":"https:\/\/flamencomadrid.com\/es\/zarzuela\/#primaryimage"},"thumbnailUrl":"https:\/\/flamencomadrid.com\/wp-content\/uploads\/2025\/08\/zarzuela-y-flamenco.jpg","articleSection":["Curiosidades Flamencas"],"inLanguage":"es","potentialAction":[{"@type":"CommentAction","name":"Comment","target":["https:\/\/flamencomadrid.com\/es\/zarzuela\/#respond"]}]},{"@type":"WebPage","@id":"https:\/\/flamencomadrid.com\/es\/zarzuela\/","url":"https:\/\/flamencomadrid.com\/es\/zarzuela\/","name":"Zarzuela y Flamenco: La Rivalidad Secreta de las Dos M\u00fasicas de Madrid - Flamenco Madrid","isPartOf":{"@id":"https:\/\/flamencomadrid.com\/es\/#website"},"primaryImageOfPage":{"@id":"https:\/\/flamencomadrid.com\/es\/zarzuela\/#primaryimage"},"image":{"@id":"https:\/\/flamencomadrid.com\/es\/zarzuela\/#primaryimage"},"thumbnailUrl":"https:\/\/flamencomadrid.com\/wp-content\/uploads\/2025\/08\/zarzuela-y-flamenco.jpg","datePublished":"2025-08-11T08:46:56+00:00","author":{"@id":"https:\/\/flamencomadrid.com\/es\/#\/schema\/person\/e60bef1612b66bdb46e0d88400bfab7e"},"description":"Zarzuela y flamenco, dos almas musicales de Madrid que se han influido y rivalizado en secreto durante m\u00e1s de un siglo. Una historia de pasi\u00f3n compartida.","breadcrumb":{"@id":"https:\/\/flamencomadrid.com\/es\/zarzuela\/#breadcrumb"},"inLanguage":"es","potentialAction":[{"@type":"ReadAction","target":[["https:\/\/flamencomadrid.com\/es\/zarzuela\/"]]}]},{"@type":"ImageObject","inLanguage":"es","@id":"https:\/\/flamencomadrid.com\/es\/zarzuela\/#primaryimage","url":"https:\/\/flamencomadrid.com\/wp-content\/uploads\/2025\/08\/zarzuela-y-flamenco.jpg","contentUrl":"https:\/\/flamencomadrid.com\/wp-content\/uploads\/2025\/08\/zarzuela-y-flamenco.jpg","width":1920,"height":1080,"caption":"Representaci\u00f3n de la Zarzuela Goyesca, hombre vestido en celebraci\u00f3n en la Plaza de la Paja"},{"@type":"BreadcrumbList","@id":"https:\/\/flamencomadrid.com\/es\/zarzuela\/#breadcrumb","itemListElement":[{"@type":"ListItem","position":1,"name":"Home","item":"https:\/\/flamencomadrid.com\/es\/"},{"@type":"ListItem","position":2,"name":"Zarzuela y Flamenco: La Rivalidad Secreta de las Dos M\u00fasicas de Madrid"}]},{"@type":"WebSite","@id":"https:\/\/flamencomadrid.com\/es\/#website","url":"https:\/\/flamencomadrid.com\/es\/","name":"Flamenco Madrid","description":"Otro sitio realizado con WordPress","potentialAction":[{"@type":"SearchAction","target":{"@type":"EntryPoint","urlTemplate":"https:\/\/flamencomadrid.com\/es\/?s={search_term_string}"},"query-input":{"@type":"PropertyValueSpecification","valueRequired":true,"valueName":"search_term_string"}}],"inLanguage":"es"},{"@type":"Person","@id":"https:\/\/flamencomadrid.com\/es\/#\/schema\/person\/e60bef1612b66bdb46e0d88400bfab7e","name":"Miguel Blanco","image":{"@type":"ImageObject","inLanguage":"es","@id":"https:\/\/secure.gravatar.com\/avatar\/359874fd676a9bfbf3a5d62f8bb888a22a657034662dd62c3669b5e7274a1365?s=96&d=mm&r=g","url":"https:\/\/secure.gravatar.com\/avatar\/359874fd676a9bfbf3a5d62f8bb888a22a657034662dd62c3669b5e7274a1365?s=96&d=mm&r=g","contentUrl":"https:\/\/secure.gravatar.com\/avatar\/359874fd676a9bfbf3a5d62f8bb888a22a657034662dd62c3669b5e7274a1365?s=96&d=mm&r=g","caption":"Miguel Blanco"}}]}},"_links":{"self":[{"href":"https:\/\/flamencomadrid.com\/es\/wp-json\/wp\/v2\/posts\/1207","targetHints":{"allow":["GET"]}}],"collection":[{"href":"https:\/\/flamencomadrid.com\/es\/wp-json\/wp\/v2\/posts"}],"about":[{"href":"https:\/\/flamencomadrid.com\/es\/wp-json\/wp\/v2\/types\/post"}],"author":[{"embeddable":true,"href":"https:\/\/flamencomadrid.com\/es\/wp-json\/wp\/v2\/users\/6"}],"replies":[{"embeddable":true,"href":"https:\/\/flamencomadrid.com\/es\/wp-json\/wp\/v2\/comments?post=1207"}],"version-history":[{"count":7,"href":"https:\/\/flamencomadrid.com\/es\/wp-json\/wp\/v2\/posts\/1207\/revisions"}],"predecessor-version":[{"id":1249,"href":"https:\/\/flamencomadrid.com\/es\/wp-json\/wp\/v2\/posts\/1207\/revisions\/1249"}],"wp:featuredmedia":[{"embeddable":true,"href":"https:\/\/flamencomadrid.com\/es\/wp-json\/wp\/v2\/media\/1211"}],"wp:attachment":[{"href":"https:\/\/flamencomadrid.com\/es\/wp-json\/wp\/v2\/media?parent=1207"}],"wp:term":[{"taxonomy":"category","embeddable":true,"href":"https:\/\/flamencomadrid.com\/es\/wp-json\/wp\/v2\/categories?post=1207"},{"taxonomy":"post_tag","embeddable":true,"href":"https:\/\/flamencomadrid.com\/es\/wp-json\/wp\/v2\/tags?post=1207"}],"curies":[{"name":"wp","href":"https:\/\/api.w.org\/{rel}","templated":true}]}}