{"id":1195,"date":"2025-08-04T17:35:26","date_gmt":"2025-08-04T15:35:26","guid":{"rendered":"https:\/\/flamencomadrid.com\/es\/?p=1195"},"modified":"2025-07-15T09:33:48","modified_gmt":"2025-07-15T07:33:48","slug":"el-sonido-cani-el-alma-desnuda-del-flamenco-madrileno","status":"publish","type":"post","link":"https:\/\/flamencomadrid.com\/es\/sonido-cani\/","title":{"rendered":"El &#8216;Sonido Ca\u00f1\u00ed'"},"content":{"rendered":"<p><\/p>\n<p class=\"ng-star-inserted\"><span class=\"ng-star-inserted\">Hay palabras en el flamenco que son m\u00e1s un calambre que una definici\u00f3n. No se buscan en un diccionario, se sienten en el pecho. Hablamos de \u00abduende\u00bb, de \u00abpellizco\u00bb&#8230; y en Madrid, sobre todo, hablamos de \u00abca\u00f1\u00ed\u00bb. Pero que no te enga\u00f1e la simpleza, esta palabra es mucho m\u00e1s que un sin\u00f3nimo de \u00abgitano\u00bb.<\/span><\/p>\n<p class=\"ng-star-inserted\"><span class=\"ng-star-inserted\">No es solo una palabra, es todo un mundo. Es una forma de hacer flamenco que sale de dentro, sin filtros, a veces rota, pero siempre de verdad. Hoy nos metemos de lleno en ese sonido que late bajo el asfalto de la capital.<\/span><\/p>\n<h2 class=\"ng-star-inserted\"><strong class=\"ng-star-inserted\"><span class=\"ng-star-inserted\">La Est\u00e9tica de lo Aut\u00e9ntico: \u00bfQu\u00e9 Es Exactamente el Sonido Ca\u00f1\u00ed?<\/span><\/strong><\/h2>\n<p class=\"ng-star-inserted\"><span class=\"ng-star-inserted\">Olv\u00eddate de la t\u00e9cnica perfecta por un segundo. El sonido ca\u00f1\u00ed va de otra cosa: de la verdad emocional. Si el flamenco m\u00e1s acad\u00e9mico es un cuadro perfectamente delineado, lo ca\u00f1\u00ed es el brochazo visceral, el que mancha pero transmite. Es el arte desnudo, sin nada que le sobre.<\/span><\/p>\n<p class=\"ng-star-inserted\"><span class=\"ng-star-inserted\">Lo escuchas en la voz \u00abafill\u00e1\u00bb, esa voz rota que parece que va a desgarrarse en cada lamento. Lo sientes en el toque de guitarra que tiene \u00absoniquete\u00bb, ese ritmo que te obliga a moverte, y en el golpe de la \u00abalzap\u00faa\u00bb, que suena a fiesta y a pelea a la vez. En pocas palabras: es honestidad brutal hecha m\u00fasica.<\/span><\/p>\n<p><img loading=\"lazy\" decoding=\"async\" class=\"aligncenter wp-image-1199 size-large\" src=\"https:\/\/flamencomadrid.com\/wp-content\/uploads\/2025\/08\/flamencomadrid_guitarra_optimizada-1024x683.jpg\" alt=\"Manos marcadas tocando una guitarra flamenca gastada, reflejo de la est\u00e9tica cruda del sonido ca\u00f1\u00ed.\" width=\"900\" height=\"600\" \/><\/p>\n<h3 class=\"ng-star-inserted\"><strong class=\"ng-star-inserted\"><span class=\"ng-star-inserted\">La Cuna del Toque: Donde Naci\u00f3 un Estilo Inconfundible<\/span><\/strong><\/h3>\n<p class=\"ng-star-inserted\"><span class=\"ng-star-inserted\">Este sonido no naci\u00f3 en un teatro. Naci\u00f3 en la calle. Para ser exactos, en la periferia de Madrid, en barrios humildes que en los a\u00f1os 50 y 60 se convirtieron en el laboratorio del flamenco. Las condiciones eran duras, pero el talento era inmenso.<\/span><\/p>\n<p class=\"ng-star-inserted\"><span class=\"ng-star-inserted\">Fue all\u00ed donde familias enteras, como\u00a0<\/span><strong class=\"ng-star-inserted\"><span class=\"ng-star-inserted\">los Habichuela<\/span><\/strong><span class=\"ng-star-inserted\">, encontraron su sitio. Aunque ven\u00edan de Granada, fue aqu\u00ed donde su toque de guitarra se impregn\u00f3 del sabor de la capital. Maestros como el gran\u00a0<\/span><strong class=\"ng-star-inserted\"><span class=\"ng-star-inserted\">Pepe Habichuela<\/span><\/strong><span class=\"ng-star-inserted\">, junto a otros genios como\u00a0<\/span><strong class=\"ng-star-inserted\"><span class=\"ng-star-inserted\">El Nani<\/span><\/strong><span class=\"ng-star-inserted\">\u00a0o\u00a0<\/span><strong class=\"ng-star-inserted\"><span class=\"ng-star-inserted\">El Viej\u00edn<\/span><\/strong><span class=\"ng-star-inserted\">, crearon un estilo que se reconoc\u00eda al instante. No es solo una leyenda, el famoso \u00absonido de Ca\u00f1o Roto\u00bb es una denominaci\u00f3n de origen musical que lo cambi\u00f3 todo.<\/span><\/p>\n<h3 class=\"ng-star-inserted\"><strong class=\"ng-star-inserted\"><span class=\"ng-star-inserted\">Del Tablao a la Lista de \u00c9xitos: La Evoluci\u00f3n de un Sentimiento<\/span><\/strong><\/h3>\n<p class=\"ng-star-inserted\"><span class=\"ng-star-inserted\">Pero un sonido tan potente no pod\u00eda quedarse solo en un barrio. En los 70 y 80, esa energ\u00eda explot\u00f3 y se col\u00f3 en las radios de todo el pa\u00eds. La rumba, en su versi\u00f3n m\u00e1s callejera y el\u00e9ctrica, se convirti\u00f3 en la banda sonora de una generaci\u00f3n que necesitaba contar sus historias.<\/span><\/p>\n<p class=\"ng-star-inserted\"><span class=\"ng-star-inserted\">Grupos como\u00a0<\/span><strong class=\"ng-star-inserted\"><span class=\"ng-star-inserted\">Los Chichos<\/span><\/strong><span class=\"ng-star-inserted\">\u00a0o\u00a0<\/span><strong class=\"ng-star-inserted\"><span class=\"ng-star-inserted\">Los Chunguitos<\/span><\/strong><span class=\"ng-star-inserted\">\u00a0le pusieron letra a la vida de la calle con una autenticidad que desarmaba. Pero quiz\u00e1 fueron\u00a0<\/span><strong class=\"ng-star-inserted\"><span class=\"ng-star-inserted\">Las Grecas<\/span><\/strong><span class=\"ng-star-inserted\">\u00a0quienes dieron en el clavo. Cogieron esa rabia ca\u00f1\u00ed, la mezclaron con guitarras de rock y crearon himnos como \u00abTe estoy amando locamente\u00bb. Ese grito era puro flamenco, pero toda Espa\u00f1a lo entendi\u00f3.<\/span><\/p>\n<p><img loading=\"lazy\" decoding=\"async\" class=\"aligncenter wp-image-1205 size-large\" src=\"https:\/\/flamencomadrid.com\/wp-content\/uploads\/2025\/08\/radio_rumba_cani_optimizada-1024x683.jpg\" alt=\"Radio antigua sobre una mesa de cocina junto a un cassette titulado &quot;Rumba Ca\u00f1\u00ed&quot;, evocando la banda sonora callejera del flamenco en los a\u00f1os 70.\" width=\"900\" height=\"600\" \/><\/p>\n<h2 class=\"ng-star-inserted\"><strong class=\"ng-star-inserted\"><span class=\"ng-star-inserted\">El Eco del Sonido Ca\u00f1\u00ed en el Madrid de Hoy<\/span><\/strong><\/h2>\n<p class=\"ng-star-inserted\"><span class=\"ng-star-inserted\">Al final, esa es la lecci\u00f3n del sonido ca\u00f1\u00ed: el arte m\u00e1s profundo nace de la verdad, no de la perfecci\u00f3n. Y esa ra\u00edz, plantada hace d\u00e9cadas en los barrios de Madrid, sigue dando sus frutos hoy.<\/span><\/p>\n<p class=\"ng-star-inserted\"><span class=\"ng-star-inserted\">Esa misma b\u00fasqueda de la emoci\u00f3n sin filtros es lo que define la experiencia en los mejores tablaos. La encuentras en la garra de un bailaor en un tablao de vanguardia como <a href=\"https:\/\/flamencomadrid.com\/es\/los-mejores-6-espectaculos-flamencos-de-madrid\/\"><b>los que te recomendamos desde FlamencoMadrid.<\/b><\/a><\/span><\/p>\n<p class=\"ng-star-inserted\"><span class=\"ng-star-inserted\">Porque el flamenco, al final, siempre vuelve al mismo sitio: a ese pellizco, a esa verdad visceral que nos recuerda que este arte no se ejecuta, se vive.<\/span><\/p>\n<p><\/p>","protected":false},"excerpt":{"rendered":"Hay palabras en el flamenco que son m\u00e1s un calambre que una definici\u00f3n. No se buscan en un diccionario, se sienten en el pecho. Hablamos de \u00abduende\u00bb, de \u00abpellizco\u00bb&#8230; y en Madrid, sobre todo, hablamos de \u00abca\u00f1\u00ed\u00bb. Pero que no te enga\u00f1e la simpleza, esta palabra es mucho m\u00e1s que un sin\u00f3nimo de \u00abgitano\u00bb. No&#8230;","protected":false},"author":6,"featured_media":1196,"comment_status":"open","ping_status":"open","sticky":false,"template":"","format":"standard","meta":{"_acf_changed":false,"footnotes":""},"categories":[13],"tags":[],"class_list":["post-1195","post","type-post","status-publish","format-standard","has-post-thumbnail","hentry","category-curiosidades-flamencas"],"acf":[],"yoast_head":"<!-- This site is optimized with the Yoast SEO plugin v27.4 - https:\/\/yoast.com\/product\/yoast-seo-wordpress\/ -->\n<title>El &#039;Sonido Ca\u00f1\u00ed&#039; - Flamenco Madrid<\/title>\n<meta name=\"description\" content=\"Descubre el alma del flamenco m\u00e1s visceral: el sonido ca\u00f1\u00ed. De Ca\u00f1o Roto a los tablaos de Madrid, una historia de pellizco, duende y verdad.\" \/>\n<meta name=\"robots\" content=\"index, follow, max-snippet:-1, max-image-preview:large, max-video-preview:-1\" \/>\n<link rel=\"canonical\" href=\"\/\" \/>\n<meta property=\"og:locale\" content=\"es_ES\" \/>\n<meta property=\"og:type\" content=\"article\" \/>\n<meta property=\"og:title\" content=\"El &#039;Sonido Ca\u00f1\u00ed&#039; - Flamenco Madrid\" \/>\n<meta property=\"og:description\" content=\"Descubre el alma del flamenco m\u00e1s visceral: el sonido ca\u00f1\u00ed. De Ca\u00f1o Roto a los tablaos de Madrid, una historia de pellizco, duende y verdad.\" \/>\n<meta property=\"og:url\" content=\"https:\/\/flamencomadrid.com\/es\/sonido-cani\/\" \/>\n<meta property=\"og:site_name\" content=\"Flamenco Madrid\" \/>\n<meta property=\"article:published_time\" content=\"2025-08-04T15:35:26+00:00\" \/>\n<meta property=\"og:image\" content=\"https:\/\/flamencomadrid.com\/wp-content\/uploads\/2025\/07\/el_sonido_cani_optimizada.jpg\" \/>\n\t<meta property=\"og:image:width\" content=\"1536\" \/>\n\t<meta property=\"og:image:height\" content=\"1024\" \/>\n\t<meta property=\"og:image:type\" content=\"image\/jpeg\" \/>\n<meta name=\"author\" content=\"Miguel Blanco\" \/>\n<meta name=\"twitter:card\" content=\"summary_large_image\" \/>\n<meta name=\"twitter:label1\" content=\"Escrito por\" \/>\n\t<meta name=\"twitter:data1\" content=\"Miguel Blanco\" \/>\n\t<meta name=\"twitter:label2\" content=\"Tiempo de lectura\" \/>\n\t<meta name=\"twitter:data2\" content=\"4 minutos\" \/>\n<script type=\"application\/ld+json\" class=\"yoast-schema-graph\">{\"@context\":\"https:\\\/\\\/schema.org\",\"@graph\":[{\"@type\":\"Article\",\"@id\":\"https:\\\/\\\/flamencomadrid.com\\\/es\\\/sonido-cani\\\/#article\",\"isPartOf\":{\"@id\":\"https:\\\/\\\/flamencomadrid.com\\\/es\\\/sonido-cani\\\/\"},\"author\":{\"name\":\"Miguel Blanco\",\"@id\":\"https:\\\/\\\/flamencomadrid.com\\\/es\\\/#\\\/schema\\\/person\\\/e60bef1612b66bdb46e0d88400bfab7e\"},\"headline\":\"El &#8216;Sonido Ca\u00f1\u00ed'\",\"datePublished\":\"2025-08-04T15:35:26+00:00\",\"mainEntityOfPage\":{\"@id\":\"https:\\\/\\\/flamencomadrid.com\\\/es\\\/sonido-cani\\\/\"},\"wordCount\":2274,\"commentCount\":0,\"image\":{\"@id\":\"https:\\\/\\\/flamencomadrid.com\\\/es\\\/sonido-cani\\\/#primaryimage\"},\"thumbnailUrl\":\"https:\\\/\\\/flamencomadrid.com\\\/wp-content\\\/uploads\\\/2025\\\/07\\\/el_sonido_cani_optimizada.jpg\",\"articleSection\":[\"Curiosidades Flamencas\"],\"inLanguage\":\"es\",\"potentialAction\":[{\"@type\":\"CommentAction\",\"name\":\"Comment\",\"target\":[\"https:\\\/\\\/flamencomadrid.com\\\/es\\\/sonido-cani\\\/#respond\"]}]},{\"@type\":\"WebPage\",\"@id\":\"https:\\\/\\\/flamencomadrid.com\\\/es\\\/sonido-cani\\\/\",\"url\":\"https:\\\/\\\/flamencomadrid.com\\\/es\\\/sonido-cani\\\/\",\"name\":\"El 'Sonido Ca\u00f1\u00ed' - Flamenco Madrid\",\"isPartOf\":{\"@id\":\"https:\\\/\\\/flamencomadrid.com\\\/es\\\/#website\"},\"primaryImageOfPage\":{\"@id\":\"https:\\\/\\\/flamencomadrid.com\\\/es\\\/sonido-cani\\\/#primaryimage\"},\"image\":{\"@id\":\"https:\\\/\\\/flamencomadrid.com\\\/es\\\/sonido-cani\\\/#primaryimage\"},\"thumbnailUrl\":\"https:\\\/\\\/flamencomadrid.com\\\/wp-content\\\/uploads\\\/2025\\\/07\\\/el_sonido_cani_optimizada.jpg\",\"datePublished\":\"2025-08-04T15:35:26+00:00\",\"author\":{\"@id\":\"https:\\\/\\\/flamencomadrid.com\\\/es\\\/#\\\/schema\\\/person\\\/e60bef1612b66bdb46e0d88400bfab7e\"},\"description\":\"Descubre el alma del flamenco m\u00e1s visceral: el sonido ca\u00f1\u00ed. De Ca\u00f1o Roto a los tablaos de Madrid, una historia de pellizco, duende y verdad.\",\"breadcrumb\":{\"@id\":\"https:\\\/\\\/flamencomadrid.com\\\/es\\\/sonido-cani\\\/#breadcrumb\"},\"inLanguage\":\"es\",\"potentialAction\":[{\"@type\":\"ReadAction\",\"target\":[[\"https:\\\/\\\/flamencomadrid.com\\\/es\\\/sonido-cani\\\/\"]]}]},{\"@type\":\"ImageObject\",\"inLanguage\":\"es\",\"@id\":\"https:\\\/\\\/flamencomadrid.com\\\/es\\\/sonido-cani\\\/#primaryimage\",\"url\":\"https:\\\/\\\/flamencomadrid.com\\\/wp-content\\\/uploads\\\/2025\\\/07\\\/el_sonido_cani_optimizada.jpg\",\"contentUrl\":\"https:\\\/\\\/flamencomadrid.com\\\/wp-content\\\/uploads\\\/2025\\\/07\\\/el_sonido_cani_optimizada.jpg\",\"width\":1536,\"height\":1024,\"caption\":\"Imagen de un Flamenco tocando y cantando en la calle de Ca\u00f1o Roto, estandarte del Sonido Ca\u00f1\u00ed\"},{\"@type\":\"BreadcrumbList\",\"@id\":\"https:\\\/\\\/flamencomadrid.com\\\/es\\\/sonido-cani\\\/#breadcrumb\",\"itemListElement\":[{\"@type\":\"ListItem\",\"position\":1,\"name\":\"Home\",\"item\":\"https:\\\/\\\/flamencomadrid.com\\\/es\\\/\"},{\"@type\":\"ListItem\",\"position\":2,\"name\":\"El &#8216;Sonido Ca\u00f1\u00ed&#8217;\"}]},{\"@type\":\"WebSite\",\"@id\":\"https:\\\/\\\/flamencomadrid.com\\\/es\\\/#website\",\"url\":\"https:\\\/\\\/flamencomadrid.com\\\/es\\\/\",\"name\":\"Flamenco Madrid\",\"description\":\"Otro sitio realizado con WordPress\",\"potentialAction\":[{\"@type\":\"SearchAction\",\"target\":{\"@type\":\"EntryPoint\",\"urlTemplate\":\"https:\\\/\\\/flamencomadrid.com\\\/es\\\/?s={search_term_string}\"},\"query-input\":{\"@type\":\"PropertyValueSpecification\",\"valueRequired\":true,\"valueName\":\"search_term_string\"}}],\"inLanguage\":\"es\"},{\"@type\":\"Person\",\"@id\":\"https:\\\/\\\/flamencomadrid.com\\\/es\\\/#\\\/schema\\\/person\\\/e60bef1612b66bdb46e0d88400bfab7e\",\"name\":\"Miguel Blanco\",\"image\":{\"@type\":\"ImageObject\",\"inLanguage\":\"es\",\"@id\":\"https:\\\/\\\/secure.gravatar.com\\\/avatar\\\/359874fd676a9bfbf3a5d62f8bb888a22a657034662dd62c3669b5e7274a1365?s=96&d=mm&r=g\",\"url\":\"https:\\\/\\\/secure.gravatar.com\\\/avatar\\\/359874fd676a9bfbf3a5d62f8bb888a22a657034662dd62c3669b5e7274a1365?s=96&d=mm&r=g\",\"contentUrl\":\"https:\\\/\\\/secure.gravatar.com\\\/avatar\\\/359874fd676a9bfbf3a5d62f8bb888a22a657034662dd62c3669b5e7274a1365?s=96&d=mm&r=g\",\"caption\":\"Miguel Blanco\"}}]}<\/script>\n<!-- \/ Yoast SEO plugin. -->","yoast_head_json":{"title":"El 'Sonido Ca\u00f1\u00ed' - Flamenco Madrid","description":"Descubre el alma del flamenco m\u00e1s visceral: el sonido ca\u00f1\u00ed. De Ca\u00f1o Roto a los tablaos de Madrid, una historia de pellizco, duende y verdad.","robots":{"index":"index","follow":"follow","max-snippet":"max-snippet:-1","max-image-preview":"max-image-preview:large","max-video-preview":"max-video-preview:-1"},"canonical":"\/","og_locale":"es_ES","og_type":"article","og_title":"El 'Sonido Ca\u00f1\u00ed' - Flamenco Madrid","og_description":"Descubre el alma del flamenco m\u00e1s visceral: el sonido ca\u00f1\u00ed. De Ca\u00f1o Roto a los tablaos de Madrid, una historia de pellizco, duende y verdad.","og_url":"https:\/\/flamencomadrid.com\/es\/sonido-cani\/","og_site_name":"Flamenco Madrid","article_published_time":"2025-08-04T15:35:26+00:00","og_image":[{"width":1536,"height":1024,"url":"https:\/\/flamencomadrid.com\/wp-content\/uploads\/2025\/07\/el_sonido_cani_optimizada.jpg","type":"image\/jpeg"}],"author":"Miguel Blanco","twitter_card":"summary_large_image","twitter_misc":{"Escrito por":"Miguel Blanco","Tiempo de lectura":"4 minutos"},"schema":{"@context":"https:\/\/schema.org","@graph":[{"@type":"Article","@id":"https:\/\/flamencomadrid.com\/es\/sonido-cani\/#article","isPartOf":{"@id":"https:\/\/flamencomadrid.com\/es\/sonido-cani\/"},"author":{"name":"Miguel Blanco","@id":"https:\/\/flamencomadrid.com\/es\/#\/schema\/person\/e60bef1612b66bdb46e0d88400bfab7e"},"headline":"El &#8216;Sonido Ca\u00f1\u00ed'","datePublished":"2025-08-04T15:35:26+00:00","mainEntityOfPage":{"@id":"https:\/\/flamencomadrid.com\/es\/sonido-cani\/"},"wordCount":2274,"commentCount":0,"image":{"@id":"https:\/\/flamencomadrid.com\/es\/sonido-cani\/#primaryimage"},"thumbnailUrl":"https:\/\/flamencomadrid.com\/wp-content\/uploads\/2025\/07\/el_sonido_cani_optimizada.jpg","articleSection":["Curiosidades Flamencas"],"inLanguage":"es","potentialAction":[{"@type":"CommentAction","name":"Comment","target":["https:\/\/flamencomadrid.com\/es\/sonido-cani\/#respond"]}]},{"@type":"WebPage","@id":"https:\/\/flamencomadrid.com\/es\/sonido-cani\/","url":"https:\/\/flamencomadrid.com\/es\/sonido-cani\/","name":"El 'Sonido Ca\u00f1\u00ed' - Flamenco Madrid","isPartOf":{"@id":"https:\/\/flamencomadrid.com\/es\/#website"},"primaryImageOfPage":{"@id":"https:\/\/flamencomadrid.com\/es\/sonido-cani\/#primaryimage"},"image":{"@id":"https:\/\/flamencomadrid.com\/es\/sonido-cani\/#primaryimage"},"thumbnailUrl":"https:\/\/flamencomadrid.com\/wp-content\/uploads\/2025\/07\/el_sonido_cani_optimizada.jpg","datePublished":"2025-08-04T15:35:26+00:00","author":{"@id":"https:\/\/flamencomadrid.com\/es\/#\/schema\/person\/e60bef1612b66bdb46e0d88400bfab7e"},"description":"Descubre el alma del flamenco m\u00e1s visceral: el sonido ca\u00f1\u00ed. De Ca\u00f1o Roto a los tablaos de Madrid, una historia de pellizco, duende y verdad.","breadcrumb":{"@id":"https:\/\/flamencomadrid.com\/es\/sonido-cani\/#breadcrumb"},"inLanguage":"es","potentialAction":[{"@type":"ReadAction","target":[["https:\/\/flamencomadrid.com\/es\/sonido-cani\/"]]}]},{"@type":"ImageObject","inLanguage":"es","@id":"https:\/\/flamencomadrid.com\/es\/sonido-cani\/#primaryimage","url":"https:\/\/flamencomadrid.com\/wp-content\/uploads\/2025\/07\/el_sonido_cani_optimizada.jpg","contentUrl":"https:\/\/flamencomadrid.com\/wp-content\/uploads\/2025\/07\/el_sonido_cani_optimizada.jpg","width":1536,"height":1024,"caption":"Imagen de un Flamenco tocando y cantando en la calle de Ca\u00f1o Roto, estandarte del Sonido Ca\u00f1\u00ed"},{"@type":"BreadcrumbList","@id":"https:\/\/flamencomadrid.com\/es\/sonido-cani\/#breadcrumb","itemListElement":[{"@type":"ListItem","position":1,"name":"Home","item":"https:\/\/flamencomadrid.com\/es\/"},{"@type":"ListItem","position":2,"name":"El &#8216;Sonido Ca\u00f1\u00ed&#8217;"}]},{"@type":"WebSite","@id":"https:\/\/flamencomadrid.com\/es\/#website","url":"https:\/\/flamencomadrid.com\/es\/","name":"Flamenco Madrid","description":"Otro sitio realizado con WordPress","potentialAction":[{"@type":"SearchAction","target":{"@type":"EntryPoint","urlTemplate":"https:\/\/flamencomadrid.com\/es\/?s={search_term_string}"},"query-input":{"@type":"PropertyValueSpecification","valueRequired":true,"valueName":"search_term_string"}}],"inLanguage":"es"},{"@type":"Person","@id":"https:\/\/flamencomadrid.com\/es\/#\/schema\/person\/e60bef1612b66bdb46e0d88400bfab7e","name":"Miguel Blanco","image":{"@type":"ImageObject","inLanguage":"es","@id":"https:\/\/secure.gravatar.com\/avatar\/359874fd676a9bfbf3a5d62f8bb888a22a657034662dd62c3669b5e7274a1365?s=96&d=mm&r=g","url":"https:\/\/secure.gravatar.com\/avatar\/359874fd676a9bfbf3a5d62f8bb888a22a657034662dd62c3669b5e7274a1365?s=96&d=mm&r=g","contentUrl":"https:\/\/secure.gravatar.com\/avatar\/359874fd676a9bfbf3a5d62f8bb888a22a657034662dd62c3669b5e7274a1365?s=96&d=mm&r=g","caption":"Miguel Blanco"}}]}},"_links":{"self":[{"href":"https:\/\/flamencomadrid.com\/es\/wp-json\/wp\/v2\/posts\/1195","targetHints":{"allow":["GET"]}}],"collection":[{"href":"https:\/\/flamencomadrid.com\/es\/wp-json\/wp\/v2\/posts"}],"about":[{"href":"https:\/\/flamencomadrid.com\/es\/wp-json\/wp\/v2\/types\/post"}],"author":[{"embeddable":true,"href":"https:\/\/flamencomadrid.com\/es\/wp-json\/wp\/v2\/users\/6"}],"replies":[{"embeddable":true,"href":"https:\/\/flamencomadrid.com\/es\/wp-json\/wp\/v2\/comments?post=1195"}],"version-history":[{"count":9,"href":"https:\/\/flamencomadrid.com\/es\/wp-json\/wp\/v2\/posts\/1195\/revisions"}],"predecessor-version":[{"id":1248,"href":"https:\/\/flamencomadrid.com\/es\/wp-json\/wp\/v2\/posts\/1195\/revisions\/1248"}],"wp:featuredmedia":[{"embeddable":true,"href":"https:\/\/flamencomadrid.com\/es\/wp-json\/wp\/v2\/media\/1196"}],"wp:attachment":[{"href":"https:\/\/flamencomadrid.com\/es\/wp-json\/wp\/v2\/media?parent=1195"}],"wp:term":[{"taxonomy":"category","embeddable":true,"href":"https:\/\/flamencomadrid.com\/es\/wp-json\/wp\/v2\/categories?post=1195"},{"taxonomy":"post_tag","embeddable":true,"href":"https:\/\/flamencomadrid.com\/es\/wp-json\/wp\/v2\/tags?post=1195"}],"curies":[{"name":"wp","href":"https:\/\/api.w.org\/{rel}","templated":true}]}}