{"id":1167,"date":"2025-07-21T10:53:29","date_gmt":"2025-07-21T08:53:29","guid":{"rendered":"https:\/\/flamencomadrid.com\/es\/?p=1167"},"modified":"2025-07-14T10:12:12","modified_gmt":"2025-07-14T08:12:12","slug":"ruta-a-pie-por-el-madrid-mas-flamenco","status":"publish","type":"post","link":"https:\/\/flamencomadrid.com\/es\/ruta-a-pie-por-el-madrid-mas-flamenco\/","title":{"rendered":"Ruta a Pie por el Madrid m\u00e1s Flamenco: Un Paseo de 2 horas lleno de Duende"},"content":{"rendered":"<p><\/p>\n<p class=\"ng-star-inserted\"><span class=\"ng-star-inserted\">Crees que conoces el Madrid flamenco porque has reservado una entrada para un tablao. Y haces bien. Pero, \u00bfy si te dij\u00e9ramos que el verdadero duende de la ciudad no solo vive bajo los focos, sino que respira en sus aceras, en el olor a madera de un taller centenario o en el eco de un zapateado que se escapa de una ventana?<\/span><\/p>\n<p class=\"ng-star-inserted\"><span class=\"ng-star-inserted\">Olv\u00eddate de las gu\u00edas convencionales. Te proponemos un plan para sentir Madrid de otra manera. C\u00e1lzate unos zapatos c\u00f3modos, porque vamos a desvelarte la ruta definitiva. Un recorrido que te llevar\u00e1 por la historia, la artesan\u00eda, el sudor y el sabor que alimentan cada noche la magia del flamenco.<\/span><\/p>\n<p><img loading=\"lazy\" decoding=\"async\" class=\"aligncenter wp-image-1179 size-large\" src=\"https:\/\/flamencomadrid.com\/wp-content\/uploads\/2025\/07\/mapa_ruta_madrid_flamenco_optimizada-1024x540.jpg\" alt=\"Ruta por el Madrid mas Flamenco, representaci\u00f3n gr\u00e1fica de la ruta con Google Maps\" width=\"900\" height=\"475\" \/><\/p>\n<h2 class=\"ng-star-inserted\"><strong class=\"ng-star-inserted\"><span class=\"ng-star-inserted\">Las Paradas de Nuestra Ruta: El Ecosistema del Duende<\/span><\/strong><\/h2>\n<h3 class=\"ng-star-inserted\"><strong class=\"ng-star-inserted\"><span class=\"ng-star-inserted\">1. Plaza de Santa Ana: El Kil\u00f3metro Cero del Arte<\/span><\/strong><\/h3>\n<p class=\"ng-star-inserted\"><span class=\"ng-star-inserted\">Todo empieza aqu\u00ed. La Plaza de Santa Ana no es solo una de las m\u00e1s bonitas de Madrid; es el escenario al aire libre donde todo comenz\u00f3. Frente a ti tienes el Teatro Espa\u00f1ol y la estatua de Lorca, casi nada. Pero busca con los ojos el n\u00famero 15. Esa fachada de azulejos incre\u00edblemente conservada es el legendario\u00a0<\/span><strong class=\"ng-star-inserted\"><span class=\"ng-star-inserted\">Villa Rosa<\/span><\/strong><span class=\"ng-star-inserted\">. Imagina por un momento el murmullo de los antiguos Caf\u00e9s Cantantes, el humo, las palmas y el jaleo. Est\u00e1s pisando el epicentro.<\/span><\/p>\n<p class=\"ng-star-inserted\"><span class=\"ng-star-inserted\">Pero la magia no termina ah\u00ed. Gira la cabeza y ad\u00e9ntrate en la\u00a0<\/span><strong class=\"ng-star-inserted\"><span class=\"ng-star-inserted\">Calle Echegaray<\/span><\/strong><span class=\"ng-star-inserted\">, la arteria principal de la bohemia flamenca que nace aqu\u00ed mismo.<\/span><\/p>\n<p class=\"ng-star-inserted\"><span class=\"ng-star-inserted\">Este callej\u00f3n, con m\u00e1s duende por metro cuadrado que ning\u00fan otro en Madrid, fue el hogar de templos legendarios como\u00a0<\/span><strong class=\"ng-star-inserted\"><span class=\"ng-star-inserted\">Los Gabrieles<\/span><\/strong><span class=\"ng-star-inserted\">, otro local m\u00edtico famoso por sus azulejos y por las leyendas que cantaron entre sus paredes. Era una calle de trasnoche, de artistas y de un flamenco crudo y sin filtros.<\/span><\/p>\n<p class=\"ng-star-inserted\"><span class=\"ng-star-inserted\">Y lo incre\u00edble es que esa tradici\u00f3n no ha muerto. Precisamente en esta calle, en el n\u00famero 15, sigue latiendo el coraz\u00f3n del flamenco.\u00a0<\/span><strong class=\"ng-star-inserted\"><span class=\"ng-star-inserted\">Cardamomo Flamenco Madrid<\/span><\/strong><span class=\"ng-star-inserted\">\u00a0ha recogido el testigo de esos locales hist\u00f3ricos para convertirse en uno de los escenarios m\u00e1s respetados y vibrantes del mundo.<\/span><\/p>\n<p class=\"ng-star-inserted\"><span class=\"ng-star-inserted\">En apenas 100 metros a la redonda, has visto el pasado (Villa Rosa, Los Gabrieles) y el presente m\u00e1s potente del flamenco madrile\u00f1o. Acabas de empezar y ya est\u00e1s en el coraz\u00f3n de todo.<\/span><\/p>\n<p class=\"ng-star-inserted\"><img loading=\"lazy\" decoding=\"async\" class=\"aligncenter wp-image-1169 size-large\" src=\"https:\/\/flamencomadrid.com\/wp-content\/uploads\/2025\/07\/villarosa_fachada_optimizada-1024x576.jpg\" alt=\"Fachada de azulejos azules y amarillos del antiguo tablao Villa Rosa en la Plaza de Santa Ana, Madrid.\" width=\"900\" height=\"506\" \/><\/p>\n<h3 class=\"ng-star-inserted\"><strong class=\"ng-star-inserted\"><span class=\"ng-star-inserted\">2. Guitarras Ram\u00edrez (Calle de la Paz, 8): Donde Nace el Alma de las Cuerdas<\/span><\/strong><\/h3>\n<p class=\"ng-star-inserted\"><span class=\"ng-star-inserted\">Desde la plaza, nos desviamos unos minutos hacia la Calle de la Paz, junto a Sol. Aqu\u00ed no hay ruido, solo respeto. En el n\u00famero 8 se encuentra el taller de\u00a0<\/span><strong class=\"ng-star-inserted\"><span class=\"ng-star-inserted\">Guitarras Ram\u00edrez<\/span><\/strong><span class=\"ng-star-inserted\">. No es una tienda, es un santuario. Desde 1882, sus manos han creado guitarras para Paco de Luc\u00eda y otras leyendas. Asomarse a su escaparate es oler la madera y el barniz, es entender que una guitarra no se fabrica, se alumbra.<\/span><\/p>\n<p class=\"ng-star-inserted\"><img loading=\"lazy\" decoding=\"async\" class=\"aligncenter wp-image-1170 size-large\" src=\"https:\/\/flamencomadrid.com\/wp-content\/uploads\/2025\/07\/luthier_optimizada-1024x683.jpg\" alt=\"Primer plano de las manos de un luthier trabajando en el cuerpo de una guitarra espa\u00f1ola de madera.\" width=\"900\" height=\"600\" \/><\/p>\n<h3 class=\"ng-star-inserted\"><strong class=\"ng-star-inserted\"><span class=\"ng-star-inserted\">3. Amor de Dios (Mercado de Ant\u00f3n Mart\u00edn): La Cocina del Arte<\/span><\/strong><\/h3>\n<p class=\"ng-star-inserted\"><span class=\"ng-star-inserted\">Ahora nos dirigimos a un lugar secreto a plena vista: la planta de arriba del Mercado de Ant\u00f3n Mart\u00edn. All\u00ed se esconde el\u00a0<\/span><strong class=\"ng-star-inserted\"><span class=\"ng-star-inserted\">Centro de Arte Flamenco Amor de Dios<\/span><\/strong><span class=\"ng-star-inserted\">. Esta es la f\u00e1brica de sue\u00f1os, la cantera de la que han salido y se siguen puliendo los mejores artistas del planeta. No necesitas entrar. Sube las escaleras y escucha. El eco de un taconeo, una voz corrigiendo un braceo&#8230; Est\u00e1s escuchando el motor del flamenco de Madrid. Es el sonido del esfuerzo y la pasi\u00f3n.<\/span><\/p>\n<p><span class=\"ng-star-inserted\"><img loading=\"lazy\" decoding=\"async\" class=\"aligncenter wp-image-1171 size-large\" src=\"https:\/\/flamencomadrid.com\/wp-content\/uploads\/2025\/07\/centro_de_arte_flamenco_y_danza_espanola_amor_de_dios-1024x385.jpg\" alt=\"Fachada y cartel de la Escuela Flamenca Amor de Dios, referencia de grandes artistas\" width=\"900\" height=\"338\" \/><\/span><\/p>\n<h3 class=\"ng-star-inserted\"><strong class=\"ng-star-inserted\"><span class=\"ng-star-inserted\">4. El Flamenco Vive (Calle del Conde de Lemos, 7): El Arte que se Viste<\/span><\/strong><\/h3>\n<p class=\"ng-star-inserted\"><span class=\"ng-star-inserted\">El flamenco se aprende, se toca, pero tambi\u00e9n se viste. A un paseo agradable desde Ant\u00f3n Mart\u00edn, cerca de \u00d3pera, encontramos\u00a0<\/span><a href=\"https:\/\/flamencomadrid.com\/es\/instrumentos\/flamenco-vive\/\"><strong class=\"ng-star-inserted\"><span class=\"ng-star-inserted\">El Flamenco Vive<\/span><\/strong><\/a><span class=\"ng-star-inserted\">. Es mucho m\u00e1s que una tienda. Es un centro cultural donde puedes admirar de cerca la ca\u00edda de un mant\u00f3n de Manila, el trabajo de unos zapatos de baile profesionales o perderte entre libros y discos. Es la parada perfecta para entender que la est\u00e9tica flamenca es una declaraci\u00f3n de intenciones.<\/span><\/p>\n<h3 class=\"ng-star-inserted\"><strong class=\"ng-star-inserted\"><span class=\"ng-star-inserted\">5. Taberna La Dolores (Plaza de Jes\u00fas, 4): Una Parada T\u00e9cnica y Sentimental<\/span><\/strong><\/h3>\n<p class=\"ng-star-inserted\"><span class=\"ng-star-inserted\">Tanto caminar abre el apetito. Y el alma. Muy cerca del Barrio de las Letras, te proponemos una parada en una de las tabernas m\u00e1s castizas y con m\u00e1s solera:\u00a0<\/span><a href=\"https:\/\/www.tripadvisor.es\/Restaurant_Review-g187514-d6214621-Reviews-Taberna_La_Dolores-Madrid.html\"><strong class=\"ng-star-inserted\"><span class=\"ng-star-inserted\">La Dolores<\/span><\/strong><\/a><span class=\"ng-star-inserted\">. Un vermut de grifo, una ca\u00f1a bien tirada y una tapa de boquerones en vinagre. Es el momento de sentarse, comentar el paseo y sentir el pulso de la ciudad. El flamenco tambi\u00e9n es compartir, y este es el aperitivo perfecto antes del plato fuerte de la noche.<\/span><\/p>\n<p class=\"ng-star-inserted\"><span class=\"ng-star-inserted\"><br \/>\n<img loading=\"lazy\" decoding=\"async\" class=\"aligncenter wp-image-1172 size-full\" src=\"https:\/\/flamencomadrid.com\/wp-content\/uploads\/2025\/07\/whatsapp-image-2025-07-10-at-12-05-02.jpeg\" alt=\"Fachada de azulejos y ambiente animado en la cl\u00e1sica Taberna La Dolores de Madrid.\" width=\"660\" height=\"335\" \/><\/span><\/p>\n<h3 class=\"ng-star-inserted\"><strong class=\"ng-star-inserted\"><span class=\"ng-star-inserted\">6. El Acto Final: De la Calle al Escenario<\/span><\/strong><\/h3>\n<p class=\"ng-star-inserted\"><span class=\"ng-star-inserted\">Con la historia en los pies y el sabor de Madrid en la boca, volvemos al coraz\u00f3n del Barrio de las Letras. Has sentido la artesan\u00eda, la formaci\u00f3n y el peso de la tradici\u00f3n. Ahora, es el momento de ver c\u00f3mo todo eso explota en directo sobre un escenario.<\/span><\/p>\n<p class=\"ng-star-inserted\"><span class=\"ng-star-inserted\">Llegados a este punto, te enfrentas a la gran pregunta: \u00bfy ahora, qu\u00e9 tablao elijo?<\/span><\/p>\n<p class=\"ng-star-inserted\"><span class=\"ng-star-inserted\">La oferta en Madrid es inmensa y cada escenario tiene su propia magia. Algunos conservan el eco de un siglo de historia en un ambiente \u00edntimo que te eriza la piel. Otros apuestan por la vanguardia, la energ\u00eda desbordante y producciones espectaculares. La elecci\u00f3n es personal y es, sin duda, la clave para que tu noche sea inolvidable.<\/span><\/p>\n<p><span class=\"ng-star-inserted\">Para que esa decisi\u00f3n sea f\u00e1cil y acertada, hemos hecho el trabajo por ti. Hemos analizado la escena madrile\u00f1a para ofrecerte una selecci\u00f3n con las propuestas m\u00e1s destacadas.<\/span><\/p>\n<p><a href=\"https:\/\/flamencomadrid.com\/es\/los-mejores-6-espectaculos-flamencos-de-madrid\/\"><strong class=\"ng-star-inserted\"><span class=\"ng-star-inserted\">Consulta aqu\u00ed nuestra gu\u00eda actualizada con los 6 mejores espect\u00e1culos flamencos de Madrid y elige el escenario perfecto para culminar tu ruta.<\/span><\/strong><\/a><\/p>\n<h3 class=\"ng-star-inserted\"><strong class=\"ng-star-inserted\"><span class=\"ng-star-inserted\">Madrid en tus Pies, el Flamenco en tu Alma<\/span><\/strong><\/h3>\n<p class=\"ng-star-inserted\"><span class=\"ng-star-inserted\">Esperamos que esta ruta te haya descubierto un Madrid diferente. Ahora, cuando camines por estas calles, ya no solo ver\u00e1s edificios, sino que sentir\u00e1s las historias que guardan.<\/span><\/p>\n<p class=\"ng-star-inserted\"><span class=\"ng-star-inserted\">La ciudad te ha contado sus secretos. Ahora solo queda que el tablao te hable directamente al coraz\u00f3n.\u00a0<\/span><\/p>\n<p>&nbsp;<\/p>\n<p class=\"ng-star-inserted\">\n<p><\/p>","protected":false},"excerpt":{"rendered":"Crees que conoces el Madrid flamenco porque has reservado una entrada para un tablao. Y haces bien. Pero, \u00bfy si te dij\u00e9ramos que el verdadero duende de la ciudad no solo vive bajo los focos, sino que respira en sus aceras, en el olor a madera de un taller centenario o en el eco de&#8230;","protected":false},"author":6,"featured_media":1176,"comment_status":"open","ping_status":"open","sticky":false,"template":"","format":"standard","meta":{"_acf_changed":false,"footnotes":""},"categories":[13],"tags":[],"class_list":["post-1167","post","type-post","status-publish","format-standard","has-post-thumbnail","hentry","category-curiosidades-flamencas"],"acf":[],"yoast_head":"<!-- This site is optimized with the Yoast SEO plugin v27.4 - https:\/\/yoast.com\/product\/yoast-seo-wordpress\/ -->\n<title>Ruta a Pie por el Madrid m\u00e1s Flamenco: Un Paseo de 2 horas lleno de Duende - Flamenco Madrid<\/title>\n<meta name=\"description\" content=\"Descubre el Madrid m\u00e1s flamenco en una ruta a pie de 2 horas: tablaos hist\u00f3ricos, talleres artesanos y rincones llenos de duende que dan alma a la ciudad.\" \/>\n<meta name=\"robots\" content=\"index, follow, max-snippet:-1, max-image-preview:large, max-video-preview:-1\" \/>\n<link rel=\"canonical\" href=\"\/\" \/>\n<meta property=\"og:locale\" content=\"es_ES\" \/>\n<meta property=\"og:type\" content=\"article\" \/>\n<meta property=\"og:title\" content=\"Ruta a Pie por el Madrid m\u00e1s Flamenco: Un Paseo de 2 horas lleno de Duende - Flamenco Madrid\" \/>\n<meta property=\"og:description\" content=\"Descubre el Madrid m\u00e1s flamenco en una ruta a pie de 2 horas: tablaos hist\u00f3ricos, talleres artesanos y rincones llenos de duende que dan alma a la ciudad.\" \/>\n<meta property=\"og:url\" content=\"https:\/\/flamencomadrid.com\/es\/ruta-a-pie-por-el-madrid-mas-flamenco\/\" \/>\n<meta property=\"og:site_name\" content=\"Flamenco Madrid\" \/>\n<meta property=\"article:published_time\" content=\"2025-07-21T08:53:29+00:00\" \/>\n<meta property=\"og:image\" content=\"https:\/\/flamencomadrid.com\/wp-content\/uploads\/2025\/07\/ruta_madrid_flamenco_optimizada.jpg\" \/>\n\t<meta property=\"og:image:width\" content=\"1536\" \/>\n\t<meta property=\"og:image:height\" content=\"1024\" \/>\n\t<meta property=\"og:image:type\" content=\"image\/jpeg\" \/>\n<meta name=\"author\" content=\"Miguel Blanco\" \/>\n<meta name=\"twitter:card\" content=\"summary_large_image\" \/>\n<meta name=\"twitter:label1\" content=\"Escrito por\" \/>\n\t<meta name=\"twitter:data1\" content=\"Miguel Blanco\" \/>\n\t<meta name=\"twitter:label2\" content=\"Tiempo de lectura\" \/>\n\t<meta name=\"twitter:data2\" content=\"6 minutos\" \/>\n<script type=\"application\/ld+json\" class=\"yoast-schema-graph\">{\"@context\":\"https:\\\/\\\/schema.org\",\"@graph\":[{\"@type\":\"Article\",\"@id\":\"https:\\\/\\\/flamencomadrid.com\\\/es\\\/ruta-a-pie-por-el-madrid-mas-flamenco\\\/#article\",\"isPartOf\":{\"@id\":\"https:\\\/\\\/flamencomadrid.com\\\/es\\\/ruta-a-pie-por-el-madrid-mas-flamenco\\\/\"},\"author\":{\"name\":\"Miguel Blanco\",\"@id\":\"https:\\\/\\\/flamencomadrid.com\\\/es\\\/#\\\/schema\\\/person\\\/e60bef1612b66bdb46e0d88400bfab7e\"},\"headline\":\"Ruta a Pie por el Madrid m\u00e1s Flamenco: Un Paseo de 2 horas lleno de Duende\",\"datePublished\":\"2025-07-21T08:53:29+00:00\",\"mainEntityOfPage\":{\"@id\":\"https:\\\/\\\/flamencomadrid.com\\\/es\\\/ruta-a-pie-por-el-madrid-mas-flamenco\\\/\"},\"wordCount\":3955,\"commentCount\":0,\"image\":{\"@id\":\"https:\\\/\\\/flamencomadrid.com\\\/es\\\/ruta-a-pie-por-el-madrid-mas-flamenco\\\/#primaryimage\"},\"thumbnailUrl\":\"https:\\\/\\\/flamencomadrid.com\\\/wp-content\\\/uploads\\\/2025\\\/07\\\/ruta_madrid_flamenco_optimizada.jpg\",\"articleSection\":[\"Curiosidades Flamencas\"],\"inLanguage\":\"es\",\"potentialAction\":[{\"@type\":\"CommentAction\",\"name\":\"Comment\",\"target\":[\"https:\\\/\\\/flamencomadrid.com\\\/es\\\/ruta-a-pie-por-el-madrid-mas-flamenco\\\/#respond\"]}]},{\"@type\":\"WebPage\",\"@id\":\"https:\\\/\\\/flamencomadrid.com\\\/es\\\/ruta-a-pie-por-el-madrid-mas-flamenco\\\/\",\"url\":\"https:\\\/\\\/flamencomadrid.com\\\/es\\\/ruta-a-pie-por-el-madrid-mas-flamenco\\\/\",\"name\":\"Ruta a Pie por el Madrid m\u00e1s Flamenco: Un Paseo de 2 horas lleno de Duende - Flamenco Madrid\",\"isPartOf\":{\"@id\":\"https:\\\/\\\/flamencomadrid.com\\\/es\\\/#website\"},\"primaryImageOfPage\":{\"@id\":\"https:\\\/\\\/flamencomadrid.com\\\/es\\\/ruta-a-pie-por-el-madrid-mas-flamenco\\\/#primaryimage\"},\"image\":{\"@id\":\"https:\\\/\\\/flamencomadrid.com\\\/es\\\/ruta-a-pie-por-el-madrid-mas-flamenco\\\/#primaryimage\"},\"thumbnailUrl\":\"https:\\\/\\\/flamencomadrid.com\\\/wp-content\\\/uploads\\\/2025\\\/07\\\/ruta_madrid_flamenco_optimizada.jpg\",\"datePublished\":\"2025-07-21T08:53:29+00:00\",\"author\":{\"@id\":\"https:\\\/\\\/flamencomadrid.com\\\/es\\\/#\\\/schema\\\/person\\\/e60bef1612b66bdb46e0d88400bfab7e\"},\"description\":\"Descubre el Madrid m\u00e1s flamenco en una ruta a pie de 2 horas: tablaos hist\u00f3ricos, talleres artesanos y rincones llenos de duende que dan alma a la ciudad.\",\"breadcrumb\":{\"@id\":\"https:\\\/\\\/flamencomadrid.com\\\/es\\\/ruta-a-pie-por-el-madrid-mas-flamenco\\\/#breadcrumb\"},\"inLanguage\":\"es\",\"potentialAction\":[{\"@type\":\"ReadAction\",\"target\":[[\"https:\\\/\\\/flamencomadrid.com\\\/es\\\/ruta-a-pie-por-el-madrid-mas-flamenco\\\/\"]]}]},{\"@type\":\"ImageObject\",\"inLanguage\":\"es\",\"@id\":\"https:\\\/\\\/flamencomadrid.com\\\/es\\\/ruta-a-pie-por-el-madrid-mas-flamenco\\\/#primaryimage\",\"url\":\"https:\\\/\\\/flamencomadrid.com\\\/wp-content\\\/uploads\\\/2025\\\/07\\\/ruta_madrid_flamenco_optimizada.jpg\",\"contentUrl\":\"https:\\\/\\\/flamencomadrid.com\\\/wp-content\\\/uploads\\\/2025\\\/07\\\/ruta_madrid_flamenco_optimizada.jpg\",\"width\":1536,\"height\":1024,\"caption\":\"Cartel de la Ruta Flamenca de Madrid por flamencomadrid.com\"},{\"@type\":\"BreadcrumbList\",\"@id\":\"https:\\\/\\\/flamencomadrid.com\\\/es\\\/ruta-a-pie-por-el-madrid-mas-flamenco\\\/#breadcrumb\",\"itemListElement\":[{\"@type\":\"ListItem\",\"position\":1,\"name\":\"Home\",\"item\":\"https:\\\/\\\/flamencomadrid.com\\\/es\\\/\"},{\"@type\":\"ListItem\",\"position\":2,\"name\":\"Ruta a Pie por el Madrid m\u00e1s Flamenco: Un Paseo de 2 horas lleno de Duende\"}]},{\"@type\":\"WebSite\",\"@id\":\"https:\\\/\\\/flamencomadrid.com\\\/es\\\/#website\",\"url\":\"https:\\\/\\\/flamencomadrid.com\\\/es\\\/\",\"name\":\"Flamenco Madrid\",\"description\":\"Otro sitio realizado con WordPress\",\"potentialAction\":[{\"@type\":\"SearchAction\",\"target\":{\"@type\":\"EntryPoint\",\"urlTemplate\":\"https:\\\/\\\/flamencomadrid.com\\\/es\\\/?s={search_term_string}\"},\"query-input\":{\"@type\":\"PropertyValueSpecification\",\"valueRequired\":true,\"valueName\":\"search_term_string\"}}],\"inLanguage\":\"es\"},{\"@type\":\"Person\",\"@id\":\"https:\\\/\\\/flamencomadrid.com\\\/es\\\/#\\\/schema\\\/person\\\/e60bef1612b66bdb46e0d88400bfab7e\",\"name\":\"Miguel Blanco\",\"image\":{\"@type\":\"ImageObject\",\"inLanguage\":\"es\",\"@id\":\"https:\\\/\\\/secure.gravatar.com\\\/avatar\\\/359874fd676a9bfbf3a5d62f8bb888a22a657034662dd62c3669b5e7274a1365?s=96&d=mm&r=g\",\"url\":\"https:\\\/\\\/secure.gravatar.com\\\/avatar\\\/359874fd676a9bfbf3a5d62f8bb888a22a657034662dd62c3669b5e7274a1365?s=96&d=mm&r=g\",\"contentUrl\":\"https:\\\/\\\/secure.gravatar.com\\\/avatar\\\/359874fd676a9bfbf3a5d62f8bb888a22a657034662dd62c3669b5e7274a1365?s=96&d=mm&r=g\",\"caption\":\"Miguel Blanco\"}}]}<\/script>\n<!-- \/ Yoast SEO plugin. -->","yoast_head_json":{"title":"Ruta a Pie por el Madrid m\u00e1s Flamenco: Un Paseo de 2 horas lleno de Duende - Flamenco Madrid","description":"Descubre el Madrid m\u00e1s flamenco en una ruta a pie de 2 horas: tablaos hist\u00f3ricos, talleres artesanos y rincones llenos de duende que dan alma a la ciudad.","robots":{"index":"index","follow":"follow","max-snippet":"max-snippet:-1","max-image-preview":"max-image-preview:large","max-video-preview":"max-video-preview:-1"},"canonical":"\/","og_locale":"es_ES","og_type":"article","og_title":"Ruta a Pie por el Madrid m\u00e1s Flamenco: Un Paseo de 2 horas lleno de Duende - Flamenco Madrid","og_description":"Descubre el Madrid m\u00e1s flamenco en una ruta a pie de 2 horas: tablaos hist\u00f3ricos, talleres artesanos y rincones llenos de duende que dan alma a la ciudad.","og_url":"https:\/\/flamencomadrid.com\/es\/ruta-a-pie-por-el-madrid-mas-flamenco\/","og_site_name":"Flamenco Madrid","article_published_time":"2025-07-21T08:53:29+00:00","og_image":[{"width":1536,"height":1024,"url":"https:\/\/flamencomadrid.com\/wp-content\/uploads\/2025\/07\/ruta_madrid_flamenco_optimizada.jpg","type":"image\/jpeg"}],"author":"Miguel Blanco","twitter_card":"summary_large_image","twitter_misc":{"Escrito por":"Miguel Blanco","Tiempo de lectura":"6 minutos"},"schema":{"@context":"https:\/\/schema.org","@graph":[{"@type":"Article","@id":"https:\/\/flamencomadrid.com\/es\/ruta-a-pie-por-el-madrid-mas-flamenco\/#article","isPartOf":{"@id":"https:\/\/flamencomadrid.com\/es\/ruta-a-pie-por-el-madrid-mas-flamenco\/"},"author":{"name":"Miguel Blanco","@id":"https:\/\/flamencomadrid.com\/es\/#\/schema\/person\/e60bef1612b66bdb46e0d88400bfab7e"},"headline":"Ruta a Pie por el Madrid m\u00e1s Flamenco: Un Paseo de 2 horas lleno de Duende","datePublished":"2025-07-21T08:53:29+00:00","mainEntityOfPage":{"@id":"https:\/\/flamencomadrid.com\/es\/ruta-a-pie-por-el-madrid-mas-flamenco\/"},"wordCount":3955,"commentCount":0,"image":{"@id":"https:\/\/flamencomadrid.com\/es\/ruta-a-pie-por-el-madrid-mas-flamenco\/#primaryimage"},"thumbnailUrl":"https:\/\/flamencomadrid.com\/wp-content\/uploads\/2025\/07\/ruta_madrid_flamenco_optimizada.jpg","articleSection":["Curiosidades Flamencas"],"inLanguage":"es","potentialAction":[{"@type":"CommentAction","name":"Comment","target":["https:\/\/flamencomadrid.com\/es\/ruta-a-pie-por-el-madrid-mas-flamenco\/#respond"]}]},{"@type":"WebPage","@id":"https:\/\/flamencomadrid.com\/es\/ruta-a-pie-por-el-madrid-mas-flamenco\/","url":"https:\/\/flamencomadrid.com\/es\/ruta-a-pie-por-el-madrid-mas-flamenco\/","name":"Ruta a Pie por el Madrid m\u00e1s Flamenco: Un Paseo de 2 horas lleno de Duende - Flamenco Madrid","isPartOf":{"@id":"https:\/\/flamencomadrid.com\/es\/#website"},"primaryImageOfPage":{"@id":"https:\/\/flamencomadrid.com\/es\/ruta-a-pie-por-el-madrid-mas-flamenco\/#primaryimage"},"image":{"@id":"https:\/\/flamencomadrid.com\/es\/ruta-a-pie-por-el-madrid-mas-flamenco\/#primaryimage"},"thumbnailUrl":"https:\/\/flamencomadrid.com\/wp-content\/uploads\/2025\/07\/ruta_madrid_flamenco_optimizada.jpg","datePublished":"2025-07-21T08:53:29+00:00","author":{"@id":"https:\/\/flamencomadrid.com\/es\/#\/schema\/person\/e60bef1612b66bdb46e0d88400bfab7e"},"description":"Descubre el Madrid m\u00e1s flamenco en una ruta a pie de 2 horas: tablaos hist\u00f3ricos, talleres artesanos y rincones llenos de duende que dan alma a la ciudad.","breadcrumb":{"@id":"https:\/\/flamencomadrid.com\/es\/ruta-a-pie-por-el-madrid-mas-flamenco\/#breadcrumb"},"inLanguage":"es","potentialAction":[{"@type":"ReadAction","target":[["https:\/\/flamencomadrid.com\/es\/ruta-a-pie-por-el-madrid-mas-flamenco\/"]]}]},{"@type":"ImageObject","inLanguage":"es","@id":"https:\/\/flamencomadrid.com\/es\/ruta-a-pie-por-el-madrid-mas-flamenco\/#primaryimage","url":"https:\/\/flamencomadrid.com\/wp-content\/uploads\/2025\/07\/ruta_madrid_flamenco_optimizada.jpg","contentUrl":"https:\/\/flamencomadrid.com\/wp-content\/uploads\/2025\/07\/ruta_madrid_flamenco_optimizada.jpg","width":1536,"height":1024,"caption":"Cartel de la Ruta Flamenca de Madrid por flamencomadrid.com"},{"@type":"BreadcrumbList","@id":"https:\/\/flamencomadrid.com\/es\/ruta-a-pie-por-el-madrid-mas-flamenco\/#breadcrumb","itemListElement":[{"@type":"ListItem","position":1,"name":"Home","item":"https:\/\/flamencomadrid.com\/es\/"},{"@type":"ListItem","position":2,"name":"Ruta a Pie por el Madrid m\u00e1s Flamenco: Un Paseo de 2 horas lleno de Duende"}]},{"@type":"WebSite","@id":"https:\/\/flamencomadrid.com\/es\/#website","url":"https:\/\/flamencomadrid.com\/es\/","name":"Flamenco Madrid","description":"Otro sitio realizado con WordPress","potentialAction":[{"@type":"SearchAction","target":{"@type":"EntryPoint","urlTemplate":"https:\/\/flamencomadrid.com\/es\/?s={search_term_string}"},"query-input":{"@type":"PropertyValueSpecification","valueRequired":true,"valueName":"search_term_string"}}],"inLanguage":"es"},{"@type":"Person","@id":"https:\/\/flamencomadrid.com\/es\/#\/schema\/person\/e60bef1612b66bdb46e0d88400bfab7e","name":"Miguel Blanco","image":{"@type":"ImageObject","inLanguage":"es","@id":"https:\/\/secure.gravatar.com\/avatar\/359874fd676a9bfbf3a5d62f8bb888a22a657034662dd62c3669b5e7274a1365?s=96&d=mm&r=g","url":"https:\/\/secure.gravatar.com\/avatar\/359874fd676a9bfbf3a5d62f8bb888a22a657034662dd62c3669b5e7274a1365?s=96&d=mm&r=g","contentUrl":"https:\/\/secure.gravatar.com\/avatar\/359874fd676a9bfbf3a5d62f8bb888a22a657034662dd62c3669b5e7274a1365?s=96&d=mm&r=g","caption":"Miguel Blanco"}}]}},"_links":{"self":[{"href":"https:\/\/flamencomadrid.com\/es\/wp-json\/wp\/v2\/posts\/1167","targetHints":{"allow":["GET"]}}],"collection":[{"href":"https:\/\/flamencomadrid.com\/es\/wp-json\/wp\/v2\/posts"}],"about":[{"href":"https:\/\/flamencomadrid.com\/es\/wp-json\/wp\/v2\/types\/post"}],"author":[{"embeddable":true,"href":"https:\/\/flamencomadrid.com\/es\/wp-json\/wp\/v2\/users\/6"}],"replies":[{"embeddable":true,"href":"https:\/\/flamencomadrid.com\/es\/wp-json\/wp\/v2\/comments?post=1167"}],"version-history":[{"count":6,"href":"https:\/\/flamencomadrid.com\/es\/wp-json\/wp\/v2\/posts\/1167\/revisions"}],"predecessor-version":[{"id":1233,"href":"https:\/\/flamencomadrid.com\/es\/wp-json\/wp\/v2\/posts\/1167\/revisions\/1233"}],"wp:featuredmedia":[{"embeddable":true,"href":"https:\/\/flamencomadrid.com\/es\/wp-json\/wp\/v2\/media\/1176"}],"wp:attachment":[{"href":"https:\/\/flamencomadrid.com\/es\/wp-json\/wp\/v2\/media?parent=1167"}],"wp:term":[{"taxonomy":"category","embeddable":true,"href":"https:\/\/flamencomadrid.com\/es\/wp-json\/wp\/v2\/categories?post=1167"},{"taxonomy":"post_tag","embeddable":true,"href":"https:\/\/flamencomadrid.com\/es\/wp-json\/wp\/v2\/tags?post=1167"}],"curies":[{"name":"wp","href":"https:\/\/api.w.org\/{rel}","templated":true}]}}