{"id":1150,"date":"2025-07-07T10:31:32","date_gmt":"2025-07-07T08:31:32","guid":{"rendered":"https:\/\/flamencomadrid.com\/es\/?p=1150"},"modified":"2025-07-04T14:59:26","modified_gmt":"2025-07-04T12:59:26","slug":"flamenco-sin-fronteras-la-historia-de-ivo-glibota-un-argentino-enamorado-del-flamenc-en-madrid","status":"publish","type":"post","link":"https:\/\/flamencomadrid.com\/es\/flamenco-sin-fronteras\/","title":{"rendered":"De Argentina a Madrid: El Flamenco y un amor sin fronteras"},"content":{"rendered":"<p><\/p>\n<p data-start=\"262\" data-end=\"303\"><strong><em>\u201cEl flamenco no lo eleg\u00ed, me eligi\u00f3 a m\u00ed\u201d<\/em><\/strong><\/p>\n<p data-start=\"305\" data-end=\"612\">Madrid es una ciudad donde el flamenco se vive cada d\u00eda, en cada barrio, en cada tablao. Ivo Glibota lo sabe bien. Naci\u00f3 en El Chaco, al norte de Argentina, pero desde hace casi diez a\u00f1os vive en Alcorc\u00f3n. Y fue en Madrid donde descubri\u00f3 que el flamenco no es solo m\u00fasica: es emoci\u00f3n, es identidad, es casa.<\/p>\n<h2 data-start=\"614\" data-end=\"653\"><strong data-start=\"617\" data-end=\"653\">El tablao como refugio emocional<\/strong><\/h2>\n<p data-start=\"655\" data-end=\"933\"><em><strong data-start=\"655\" data-end=\"701\">\u00bfC\u00f3mo comenz\u00f3 tu historia con el flamenco?<\/strong><\/em><\/p>\n<p data-start=\"655\" data-end=\"933\"><em>\u201cFue en un momento personal complicado. Un amigo me ense\u00f1\u00f3 un v\u00eddeo de Camar\u00f3n. No entend\u00ed las letras, pero s\u00ed lo que transmit\u00eda. Hab\u00eda algo que me hablaba directamente. Desde entonces, no solt\u00e9 el flamenco, ni \u00e9l me solt\u00f3 a m\u00ed.\u201d<\/em><\/p>\n<p data-start=\"935\" data-end=\"1189\"><em><strong data-start=\"935\" data-end=\"974\">\u00bfC\u00f3mo llegaste a vivirlo en Madrid?<\/strong><\/em><\/p>\n<p data-start=\"935\" data-end=\"1189\"><em>\u201cVine hace casi diez a\u00f1os y me instal\u00e9 en Alcorc\u00f3n. Al principio iba de curioso a los tablaos, y termin\u00e9 enganchado. El flamenco me dio estabilidad, identidad, comunidad. Empec\u00e9 a entender Madrid a trav\u00e9s de \u00e9l.\u201d<\/em><\/p>\n<p data-start=\"935\" data-end=\"1189\"><img loading=\"lazy\" decoding=\"async\" class=\"aligncenter wp-image-1155 size-full\" src=\"https:\/\/flamencomadrid.com\/wp-content\/uploads\/2025\/07\/ivo-glibota-y-amigos-en-tablao-flamenco-1911.jpeg\" alt=\"Ivo Glibota y amigos en Tablao Flamenco 1911\" width=\"1024\" height=\"576\" \/><\/p>\n<h2 data-start=\"1191\" data-end=\"1246\"><strong data-start=\"1194\" data-end=\"1246\">Una noche inolvidable en el Tablao Flamenco 1911<\/strong><\/h2>\n<p data-start=\"1248\" data-end=\"1557\"><em>\u201cUna vez, en el Tablao Flamenco 1911, vi bailar a El Tete \u2014para m\u00ed, el mejor bailaor joven que hay ahora mismo\u2014. Al cante estaban Jos\u00e9 del Calli y Jos\u00e9 de la Miguela. Empezaron a mirarse, a hacerse comp\u00e1s entre ellos\u2026 se estaban gozando. Fue puro arte. Y yo, desde mi mesa, no pod\u00eda m\u00e1s. Se me eriz\u00f3 la piel.\u201d<\/em><\/p>\n<h2 data-start=\"1559\" data-end=\"1606\"><strong data-start=\"1562\" data-end=\"1606\">Flamenco sin fronteras: verdad y emoci\u00f3n<\/strong><\/h2>\n<p data-start=\"1608\" data-end=\"1844\"><em><strong data-start=\"1608\" data-end=\"1654\">\u00bfQu\u00e9 es lo que m\u00e1s te atrapa del flamenco?<\/strong><\/em><\/p>\n<p data-start=\"1608\" data-end=\"1844\"><em>\u201cEs un lenguaje universal. Cuando hay verdad, el flamenco no necesita traducci\u00f3n. No importa de d\u00f3nde seas. Lo sientes. Y Madrid est\u00e1 llena de lugares donde esa verdad ocurre cada noche.\u201d<\/em><\/p>\n<h2 data-start=\"1846\" data-end=\"1902\"><strong data-start=\"1849\" data-end=\"1902\">Los mejores tablaos flamencos de Madrid seg\u00fan Ivo<\/strong><\/h2>\n<p data-start=\"1904\" data-end=\"2381\"><em><strong data-start=\"1904\" data-end=\"1991\">\u00bfQu\u00e9 tablaos recomendar\u00edas a alguien que quiere vivir una noche flamenca en Madrid?<\/strong><\/em><\/p>\n<p data-start=\"1904\" data-end=\"2381\"><em>\u201cMi favorito es Tablao Flamenco 1911. Tiene nivel, historia y duende. Tambi\u00e9n me gusta mucho Cardamomo, sobre todo por la calidad de los artistas que pasan por all\u00ed. Para m\u00ed, esos dos est\u00e1n al nivel que ten\u00eda Casa Patas antes de cerrar. El Corral de la Morer\u00eda est\u00e1 bien si quieres una cena con espect\u00e1culo, pero lo que yo busco es que me remueva por dentro, y eso lo encuentro en 1911.\u201d<\/em><\/p>\n<p data-start=\"1904\" data-end=\"2381\"><img loading=\"lazy\" decoding=\"async\" class=\"aligncenter wp-image-1153 size-full\" src=\"https:\/\/flamencomadrid.com\/wp-content\/uploads\/2025\/07\/ivo-glibota-con-su-familia-en-un-tablao-flamenco-en-madrid.jpeg\" alt=\"Ivo Glibota con su familia en Cardamomo, Tablao Flamenco en Madrid\" width=\"1024\" height=\"768\" \/><\/p>\n<h2 data-start=\"2383\" data-end=\"2442\"><strong data-start=\"2386\" data-end=\"2442\">La magia irrepetible de una noche flamenca aut\u00e9ntica<\/strong><\/h2>\n<p data-start=\"2444\" data-end=\"2801\"><em><strong data-start=\"2444\" data-end=\"2518\">\u00bfQu\u00e9 crees que diferencia una buena noche flamenca de una inolvidable?<\/strong><\/em><\/p>\n<p data-start=\"2444\" data-end=\"2801\"><em>\u201cPara m\u00ed, la diferencia est\u00e1 en la entrega. Puede haber t\u00e9cnica, buena producci\u00f3n\u2026 pero si no hay emoci\u00f3n, no te llega. En cambio, cuando el artista se deja la piel, cuando hay conexi\u00f3n entre ellos y con el p\u00fablico, pasa algo que no se puede repetir. Eso es lo que busco siempre.\u201d<\/em><\/p>\n<h2 data-start=\"2803\" data-end=\"2857\"><strong data-start=\"2806\" data-end=\"2857\">El tablao como faro: una pasi\u00f3n que no se apaga<\/strong><\/h2>\n<p data-start=\"2859\" data-end=\"3097\"><em><strong data-start=\"2859\" data-end=\"2908\">\u00bfTe ves alguna vez dejando de ir a un tablao?<\/strong><\/em><\/p>\n<p data-start=\"2859\" data-end=\"3097\"><em>\u201cNo. Aunque vaya menos por trabajo o por lo que sea, siempre vuelvo. El tablao es como un faro. Cuando necesito sentir, vuelvo a \u00e9l. No es solo cultura o arte: es algo que me equilibra.\u201d<\/em><\/p>\n<p data-start=\"3104\" data-end=\"3439\">Ivo no busca entender el flamenco. Lo vive. Y lo reconoce en una mirada entre artistas, en una seguiriya bien cantada, en una noche que se queda en el cuerpo varios d\u00edas.<\/p>\n<p data-start=\"3104\" data-end=\"3439\">Historias como la suya nos recuerdan que Madrid no solo ofrece flamenco: lo respira, lo guarda y lo comparte.<\/p>\n<p data-start=\"3104\" data-end=\"3439\">Como Ivo, solo hay que estar dispuesto a sentirlo.<\/p>\n<p data-start=\"3441\" data-end=\"3579\">\u00bfY t\u00fa? \u00bfHas vivido ya una noche de flamenco en Madrid como la que vivi\u00f3 Ivo?<\/p>\n<p data-start=\"3441\" data-end=\"3579\">Madrid es flamenca. Solo tienes que dejarte llevar.<\/p>\n<p data-start=\"3581\" data-end=\"3653\"><strong><a href=\"https:\/\/flamencomadrid.com\/es\/los-mejores-6-espectaculos-flamencos-de-madrid\/\"><em data-start=\"3584\" data-end=\"3653\">Descubre los mejores tablaos flamencos para sentirlo de verdad aqu\u00ed<\/em><\/a><\/strong><\/p>\n<p><\/p>","protected":false},"excerpt":{"rendered":"\u201cEl flamenco no lo eleg\u00ed, me eligi\u00f3 a m\u00ed\u201d Madrid es una ciudad donde el flamenco se vive cada d\u00eda, en cada barrio, en cada tablao. Ivo Glibota lo sabe bien. Naci\u00f3 en El Chaco, al norte de Argentina, pero desde hace casi diez a\u00f1os vive en Alcorc\u00f3n. Y fue en Madrid donde descubri\u00f3 que&#8230;","protected":false},"author":6,"featured_media":1164,"comment_status":"open","ping_status":"open","sticky":false,"template":"","format":"standard","meta":{"_acf_changed":false,"footnotes":""},"categories":[13],"tags":[],"class_list":["post-1150","post","type-post","status-publish","format-standard","has-post-thumbnail","hentry","category-curiosidades-flamencas"],"acf":[],"yoast_head":"<!-- This site is optimized with the Yoast SEO plugin v27.4 - https:\/\/yoast.com\/product\/yoast-seo-wordpress\/ -->\n<title>De Argentina a Madrid: El Flamenco y un amor sin fronteras - Flamenco Madrid<\/title>\n<meta name=\"description\" content=\"Flamenco sin fronteras: la historia de Ivo Glibota, un argentino que encontr\u00f3 en Madrid su hogar flamenco. Una entrevista \u00edntima sobre emoci\u00f3n, identidad y noches inolvidables en los tablaos.\" \/>\n<meta name=\"robots\" content=\"index, follow, max-snippet:-1, max-image-preview:large, max-video-preview:-1\" \/>\n<link rel=\"canonical\" href=\"\/\" \/>\n<meta property=\"og:locale\" content=\"es_ES\" \/>\n<meta property=\"og:type\" content=\"article\" \/>\n<meta property=\"og:title\" content=\"De Argentina a Madrid: El Flamenco y un amor sin fronteras - Flamenco Madrid\" \/>\n<meta property=\"og:description\" content=\"Flamenco sin fronteras: la historia de Ivo Glibota, un argentino que encontr\u00f3 en Madrid su hogar flamenco. Una entrevista \u00edntima sobre emoci\u00f3n, identidad y noches inolvidables en los tablaos.\" \/>\n<meta property=\"og:url\" content=\"https:\/\/flamencomadrid.com\/es\/flamenco-sin-fronteras\/\" \/>\n<meta property=\"og:site_name\" content=\"Flamenco Madrid\" \/>\n<meta property=\"article:published_time\" content=\"2025-07-07T08:31:32+00:00\" \/>\n<meta property=\"og:image\" content=\"https:\/\/flamencomadrid.com\/wp-content\/uploads\/2025\/07\/ivo-glibota-con-jose-maya.jpeg\" \/>\n\t<meta property=\"og:image:width\" content=\"769\" \/>\n\t<meta property=\"og:image:height\" content=\"673\" \/>\n\t<meta property=\"og:image:type\" content=\"image\/jpeg\" \/>\n<meta name=\"author\" content=\"Miguel Blanco\" \/>\n<meta name=\"twitter:card\" content=\"summary_large_image\" \/>\n<meta name=\"twitter:label1\" content=\"Escrito por\" \/>\n\t<meta name=\"twitter:data1\" content=\"Miguel Blanco\" \/>\n\t<meta name=\"twitter:label2\" content=\"Tiempo de lectura\" \/>\n\t<meta name=\"twitter:data2\" content=\"4 minutos\" \/>\n<script type=\"application\/ld+json\" class=\"yoast-schema-graph\">{\"@context\":\"https:\\\/\\\/schema.org\",\"@graph\":[{\"@type\":\"Article\",\"@id\":\"https:\\\/\\\/flamencomadrid.com\\\/es\\\/flamenco-sin-fronteras\\\/#article\",\"isPartOf\":{\"@id\":\"https:\\\/\\\/flamencomadrid.com\\\/es\\\/flamenco-sin-fronteras\\\/\"},\"author\":{\"name\":\"Miguel Blanco\",\"@id\":\"https:\\\/\\\/flamencomadrid.com\\\/es\\\/#\\\/schema\\\/person\\\/e60bef1612b66bdb46e0d88400bfab7e\"},\"headline\":\"De Argentina a Madrid: El Flamenco y un amor sin fronteras\",\"datePublished\":\"2025-07-07T08:31:32+00:00\",\"mainEntityOfPage\":{\"@id\":\"https:\\\/\\\/flamencomadrid.com\\\/es\\\/flamenco-sin-fronteras\\\/\"},\"wordCount\":2591,\"commentCount\":0,\"image\":{\"@id\":\"https:\\\/\\\/flamencomadrid.com\\\/es\\\/flamenco-sin-fronteras\\\/#primaryimage\"},\"thumbnailUrl\":\"https:\\\/\\\/flamencomadrid.com\\\/wp-content\\\/uploads\\\/2025\\\/07\\\/ivo-glibota-con-jose-maya.jpeg\",\"articleSection\":[\"Curiosidades Flamencas\"],\"inLanguage\":\"es\",\"potentialAction\":[{\"@type\":\"CommentAction\",\"name\":\"Comment\",\"target\":[\"https:\\\/\\\/flamencomadrid.com\\\/es\\\/flamenco-sin-fronteras\\\/#respond\"]}]},{\"@type\":\"WebPage\",\"@id\":\"https:\\\/\\\/flamencomadrid.com\\\/es\\\/flamenco-sin-fronteras\\\/\",\"url\":\"https:\\\/\\\/flamencomadrid.com\\\/es\\\/flamenco-sin-fronteras\\\/\",\"name\":\"De Argentina a Madrid: El Flamenco y un amor sin fronteras - Flamenco Madrid\",\"isPartOf\":{\"@id\":\"https:\\\/\\\/flamencomadrid.com\\\/es\\\/#website\"},\"primaryImageOfPage\":{\"@id\":\"https:\\\/\\\/flamencomadrid.com\\\/es\\\/flamenco-sin-fronteras\\\/#primaryimage\"},\"image\":{\"@id\":\"https:\\\/\\\/flamencomadrid.com\\\/es\\\/flamenco-sin-fronteras\\\/#primaryimage\"},\"thumbnailUrl\":\"https:\\\/\\\/flamencomadrid.com\\\/wp-content\\\/uploads\\\/2025\\\/07\\\/ivo-glibota-con-jose-maya.jpeg\",\"datePublished\":\"2025-07-07T08:31:32+00:00\",\"author\":{\"@id\":\"https:\\\/\\\/flamencomadrid.com\\\/es\\\/#\\\/schema\\\/person\\\/e60bef1612b66bdb46e0d88400bfab7e\"},\"description\":\"Flamenco sin fronteras: la historia de Ivo Glibota, un argentino que encontr\u00f3 en Madrid su hogar flamenco. Una entrevista \u00edntima sobre emoci\u00f3n, identidad y noches inolvidables en los tablaos.\",\"breadcrumb\":{\"@id\":\"https:\\\/\\\/flamencomadrid.com\\\/es\\\/flamenco-sin-fronteras\\\/#breadcrumb\"},\"inLanguage\":\"es\",\"potentialAction\":[{\"@type\":\"ReadAction\",\"target\":[[\"https:\\\/\\\/flamencomadrid.com\\\/es\\\/flamenco-sin-fronteras\\\/\"]]}]},{\"@type\":\"ImageObject\",\"inLanguage\":\"es\",\"@id\":\"https:\\\/\\\/flamencomadrid.com\\\/es\\\/flamenco-sin-fronteras\\\/#primaryimage\",\"url\":\"https:\\\/\\\/flamencomadrid.com\\\/wp-content\\\/uploads\\\/2025\\\/07\\\/ivo-glibota-con-jose-maya.jpeg\",\"contentUrl\":\"https:\\\/\\\/flamencomadrid.com\\\/wp-content\\\/uploads\\\/2025\\\/07\\\/ivo-glibota-con-jose-maya.jpeg\",\"width\":769,\"height\":673,\"caption\":\"Fotograf\u00eda del gran Jose Maya con el adicionado argentino Ivo Glibota\"},{\"@type\":\"BreadcrumbList\",\"@id\":\"https:\\\/\\\/flamencomadrid.com\\\/es\\\/flamenco-sin-fronteras\\\/#breadcrumb\",\"itemListElement\":[{\"@type\":\"ListItem\",\"position\":1,\"name\":\"Home\",\"item\":\"https:\\\/\\\/flamencomadrid.com\\\/es\\\/\"},{\"@type\":\"ListItem\",\"position\":2,\"name\":\"De Argentina a Madrid: El Flamenco y un amor sin fronteras\"}]},{\"@type\":\"WebSite\",\"@id\":\"https:\\\/\\\/flamencomadrid.com\\\/es\\\/#website\",\"url\":\"https:\\\/\\\/flamencomadrid.com\\\/es\\\/\",\"name\":\"Flamenco Madrid\",\"description\":\"Otro sitio realizado con WordPress\",\"potentialAction\":[{\"@type\":\"SearchAction\",\"target\":{\"@type\":\"EntryPoint\",\"urlTemplate\":\"https:\\\/\\\/flamencomadrid.com\\\/es\\\/?s={search_term_string}\"},\"query-input\":{\"@type\":\"PropertyValueSpecification\",\"valueRequired\":true,\"valueName\":\"search_term_string\"}}],\"inLanguage\":\"es\"},{\"@type\":\"Person\",\"@id\":\"https:\\\/\\\/flamencomadrid.com\\\/es\\\/#\\\/schema\\\/person\\\/e60bef1612b66bdb46e0d88400bfab7e\",\"name\":\"Miguel Blanco\",\"image\":{\"@type\":\"ImageObject\",\"inLanguage\":\"es\",\"@id\":\"https:\\\/\\\/secure.gravatar.com\\\/avatar\\\/359874fd676a9bfbf3a5d62f8bb888a22a657034662dd62c3669b5e7274a1365?s=96&d=mm&r=g\",\"url\":\"https:\\\/\\\/secure.gravatar.com\\\/avatar\\\/359874fd676a9bfbf3a5d62f8bb888a22a657034662dd62c3669b5e7274a1365?s=96&d=mm&r=g\",\"contentUrl\":\"https:\\\/\\\/secure.gravatar.com\\\/avatar\\\/359874fd676a9bfbf3a5d62f8bb888a22a657034662dd62c3669b5e7274a1365?s=96&d=mm&r=g\",\"caption\":\"Miguel Blanco\"}}]}<\/script>\n<!-- \/ Yoast SEO plugin. -->","yoast_head_json":{"title":"De Argentina a Madrid: El Flamenco y un amor sin fronteras - Flamenco Madrid","description":"Flamenco sin fronteras: la historia de Ivo Glibota, un argentino que encontr\u00f3 en Madrid su hogar flamenco. Una entrevista \u00edntima sobre emoci\u00f3n, identidad y noches inolvidables en los tablaos.","robots":{"index":"index","follow":"follow","max-snippet":"max-snippet:-1","max-image-preview":"max-image-preview:large","max-video-preview":"max-video-preview:-1"},"canonical":"\/","og_locale":"es_ES","og_type":"article","og_title":"De Argentina a Madrid: El Flamenco y un amor sin fronteras - Flamenco Madrid","og_description":"Flamenco sin fronteras: la historia de Ivo Glibota, un argentino que encontr\u00f3 en Madrid su hogar flamenco. Una entrevista \u00edntima sobre emoci\u00f3n, identidad y noches inolvidables en los tablaos.","og_url":"https:\/\/flamencomadrid.com\/es\/flamenco-sin-fronteras\/","og_site_name":"Flamenco Madrid","article_published_time":"2025-07-07T08:31:32+00:00","og_image":[{"width":769,"height":673,"url":"https:\/\/flamencomadrid.com\/wp-content\/uploads\/2025\/07\/ivo-glibota-con-jose-maya.jpeg","type":"image\/jpeg"}],"author":"Miguel Blanco","twitter_card":"summary_large_image","twitter_misc":{"Escrito por":"Miguel Blanco","Tiempo de lectura":"4 minutos"},"schema":{"@context":"https:\/\/schema.org","@graph":[{"@type":"Article","@id":"https:\/\/flamencomadrid.com\/es\/flamenco-sin-fronteras\/#article","isPartOf":{"@id":"https:\/\/flamencomadrid.com\/es\/flamenco-sin-fronteras\/"},"author":{"name":"Miguel Blanco","@id":"https:\/\/flamencomadrid.com\/es\/#\/schema\/person\/e60bef1612b66bdb46e0d88400bfab7e"},"headline":"De Argentina a Madrid: El Flamenco y un amor sin fronteras","datePublished":"2025-07-07T08:31:32+00:00","mainEntityOfPage":{"@id":"https:\/\/flamencomadrid.com\/es\/flamenco-sin-fronteras\/"},"wordCount":2591,"commentCount":0,"image":{"@id":"https:\/\/flamencomadrid.com\/es\/flamenco-sin-fronteras\/#primaryimage"},"thumbnailUrl":"https:\/\/flamencomadrid.com\/wp-content\/uploads\/2025\/07\/ivo-glibota-con-jose-maya.jpeg","articleSection":["Curiosidades Flamencas"],"inLanguage":"es","potentialAction":[{"@type":"CommentAction","name":"Comment","target":["https:\/\/flamencomadrid.com\/es\/flamenco-sin-fronteras\/#respond"]}]},{"@type":"WebPage","@id":"https:\/\/flamencomadrid.com\/es\/flamenco-sin-fronteras\/","url":"https:\/\/flamencomadrid.com\/es\/flamenco-sin-fronteras\/","name":"De Argentina a Madrid: El Flamenco y un amor sin fronteras - Flamenco Madrid","isPartOf":{"@id":"https:\/\/flamencomadrid.com\/es\/#website"},"primaryImageOfPage":{"@id":"https:\/\/flamencomadrid.com\/es\/flamenco-sin-fronteras\/#primaryimage"},"image":{"@id":"https:\/\/flamencomadrid.com\/es\/flamenco-sin-fronteras\/#primaryimage"},"thumbnailUrl":"https:\/\/flamencomadrid.com\/wp-content\/uploads\/2025\/07\/ivo-glibota-con-jose-maya.jpeg","datePublished":"2025-07-07T08:31:32+00:00","author":{"@id":"https:\/\/flamencomadrid.com\/es\/#\/schema\/person\/e60bef1612b66bdb46e0d88400bfab7e"},"description":"Flamenco sin fronteras: la historia de Ivo Glibota, un argentino que encontr\u00f3 en Madrid su hogar flamenco. Una entrevista \u00edntima sobre emoci\u00f3n, identidad y noches inolvidables en los tablaos.","breadcrumb":{"@id":"https:\/\/flamencomadrid.com\/es\/flamenco-sin-fronteras\/#breadcrumb"},"inLanguage":"es","potentialAction":[{"@type":"ReadAction","target":[["https:\/\/flamencomadrid.com\/es\/flamenco-sin-fronteras\/"]]}]},{"@type":"ImageObject","inLanguage":"es","@id":"https:\/\/flamencomadrid.com\/es\/flamenco-sin-fronteras\/#primaryimage","url":"https:\/\/flamencomadrid.com\/wp-content\/uploads\/2025\/07\/ivo-glibota-con-jose-maya.jpeg","contentUrl":"https:\/\/flamencomadrid.com\/wp-content\/uploads\/2025\/07\/ivo-glibota-con-jose-maya.jpeg","width":769,"height":673,"caption":"Fotograf\u00eda del gran Jose Maya con el adicionado argentino Ivo Glibota"},{"@type":"BreadcrumbList","@id":"https:\/\/flamencomadrid.com\/es\/flamenco-sin-fronteras\/#breadcrumb","itemListElement":[{"@type":"ListItem","position":1,"name":"Home","item":"https:\/\/flamencomadrid.com\/es\/"},{"@type":"ListItem","position":2,"name":"De Argentina a Madrid: El Flamenco y un amor sin fronteras"}]},{"@type":"WebSite","@id":"https:\/\/flamencomadrid.com\/es\/#website","url":"https:\/\/flamencomadrid.com\/es\/","name":"Flamenco Madrid","description":"Otro sitio realizado con WordPress","potentialAction":[{"@type":"SearchAction","target":{"@type":"EntryPoint","urlTemplate":"https:\/\/flamencomadrid.com\/es\/?s={search_term_string}"},"query-input":{"@type":"PropertyValueSpecification","valueRequired":true,"valueName":"search_term_string"}}],"inLanguage":"es"},{"@type":"Person","@id":"https:\/\/flamencomadrid.com\/es\/#\/schema\/person\/e60bef1612b66bdb46e0d88400bfab7e","name":"Miguel Blanco","image":{"@type":"ImageObject","inLanguage":"es","@id":"https:\/\/secure.gravatar.com\/avatar\/359874fd676a9bfbf3a5d62f8bb888a22a657034662dd62c3669b5e7274a1365?s=96&d=mm&r=g","url":"https:\/\/secure.gravatar.com\/avatar\/359874fd676a9bfbf3a5d62f8bb888a22a657034662dd62c3669b5e7274a1365?s=96&d=mm&r=g","contentUrl":"https:\/\/secure.gravatar.com\/avatar\/359874fd676a9bfbf3a5d62f8bb888a22a657034662dd62c3669b5e7274a1365?s=96&d=mm&r=g","caption":"Miguel Blanco"}}]}},"_links":{"self":[{"href":"https:\/\/flamencomadrid.com\/es\/wp-json\/wp\/v2\/posts\/1150","targetHints":{"allow":["GET"]}}],"collection":[{"href":"https:\/\/flamencomadrid.com\/es\/wp-json\/wp\/v2\/posts"}],"about":[{"href":"https:\/\/flamencomadrid.com\/es\/wp-json\/wp\/v2\/types\/post"}],"author":[{"embeddable":true,"href":"https:\/\/flamencomadrid.com\/es\/wp-json\/wp\/v2\/users\/6"}],"replies":[{"embeddable":true,"href":"https:\/\/flamencomadrid.com\/es\/wp-json\/wp\/v2\/comments?post=1150"}],"version-history":[{"count":9,"href":"https:\/\/flamencomadrid.com\/es\/wp-json\/wp\/v2\/posts\/1150\/revisions"}],"predecessor-version":[{"id":1166,"href":"https:\/\/flamencomadrid.com\/es\/wp-json\/wp\/v2\/posts\/1150\/revisions\/1166"}],"wp:featuredmedia":[{"embeddable":true,"href":"https:\/\/flamencomadrid.com\/es\/wp-json\/wp\/v2\/media\/1164"}],"wp:attachment":[{"href":"https:\/\/flamencomadrid.com\/es\/wp-json\/wp\/v2\/media?parent=1150"}],"wp:term":[{"taxonomy":"category","embeddable":true,"href":"https:\/\/flamencomadrid.com\/es\/wp-json\/wp\/v2\/categories?post=1150"},{"taxonomy":"post_tag","embeddable":true,"href":"https:\/\/flamencomadrid.com\/es\/wp-json\/wp\/v2\/tags?post=1150"}],"curies":[{"name":"wp","href":"https:\/\/api.w.org\/{rel}","templated":true}]}}