{"id":1144,"date":"2025-07-13T10:06:59","date_gmt":"2025-07-13T08:06:59","guid":{"rendered":"https:\/\/flamencomadrid.com\/es\/?p=1144"},"modified":"2025-12-15T10:35:01","modified_gmt":"2025-12-15T09:35:01","slug":"un-paseo-por-los-barrios-flamencos-de-madrid","status":"publish","type":"post","link":"https:\/\/flamencomadrid.com\/es\/barrios-flamencos-madrid\/","title":{"rendered":"Un Paseo por los Barrios Flamencos de Madrid"},"content":{"rendered":"<p><span style=\"font-weight: 400;\">Madrid tiene un comp\u00e1s secreto. No suena igual el flamenco si te pierdes por las callejuelas del centro que si te adentras en el coraz\u00f3n castizo de Lavapi\u00e9s o buscas la ra\u00edz en barrios m\u00e1s alejados. Cada zona tiene su propio \u00absoniquete\u00bb, su manera de vivir y sentir este arte.<\/span><\/p>\n<p><span style=\"font-weight: 400;\">\u00bfTe vienes con <\/span><span style=\"font-weight: 400;\">flamencomadrid.com<\/span><span style=\"font-weight: 400;\"> a dar un paseo diferente? Olv\u00eddate de las gu\u00edas tur\u00edsticas t\u00edpicas. Vamos a buscar el <\/span><b>duende barrio a barrio<\/b><span style=\"font-weight: 400;\">, a sentir d\u00f3nde late el <\/span><b>flamenco m\u00e1s aut\u00e9ntico de Madrid<\/b><span style=\"font-weight: 400;\">.<\/span><\/p>\n<h2><span style=\"font-weight: 400;\">El Centro Hist\u00f3rico (Letras, Sol, Austrias): Elegancia y Solera entre Adoquines<\/span><\/h2>\n<p><span style=\"font-weight: 400;\">Aqu\u00ed huele a historia. Entre plazas majestuosas y calles con nombres de escritores, el flamenco se viste de gala.<\/span><\/p>\n<p><span style=\"font-weight: 400;\">Es zona de\u00a0<b>tablaos legendarios<\/b>, algunos con m\u00e1s de cien a\u00f1os viendo pasar arte, un\u00a0<a href=\"https:\/\/tablaoflamenco1911.com\/es\/\" target=\"_blank\" rel=\"noopener\">tablao hist\u00f3rico en el centro<\/a>\u00a0(\u00a1imagina la solera del\u00a0<b>1911 en plaza de Santa Ana<\/b>!), y otros m\u00e1s nuevos pero con una\u00a0<b>energ\u00eda brutal<\/b>\u00a0y artistas de primera (\u00a1date una vuelta por\u00a0<b>Cardamomo en el barrio de Las Letras<\/b>!).<\/span><\/p>\n<p><img loading=\"lazy\" decoding=\"async\" class=\"aligncenter wp-image-1146 size-large\" src=\"https:\/\/flamencomadrid.com\/wp-content\/uploads\/2025\/07\/fachada_villarosa_optimizada-1024x576.jpg\" alt=\"La elegancia y la historia del flamenco en el centro de Madrid.\" width=\"900\" height=\"506\" \/><\/p>\n<h2><span style=\"font-weight: 400;\">Lavapi\u00e9s: El Caos Flamenco M\u00e1s Genuino y Multicultural<\/span><\/h2>\n<p><span style=\"font-weight: 400;\">Bajar a Lavapi\u00e9s es sumergirte en un Madrid diferente: castizo, ruidoso, mestizo&#8230; \u00a1y muy flamenco! Aqu\u00ed quiz\u00e1s no encuentres el lujo, pero s\u00ed la <\/span><b>verdad<\/b><span style=\"font-weight: 400;\">. Es el barrio de las <\/span><b>escuelas m\u00edticas<\/b><span style=\"font-weight: 400;\"> donde se forman los artistas (\u00a1hola, Amor de Dios!), de <\/span><b>pe\u00f1as<\/b><span style=\"font-weight: 400;\"> donde se respeta el cante puro, y de <\/span><b>bares<\/b><span style=\"font-weight: 400;\"> donde, si tienes suerte, la fiesta salta cuando menos te lo esperas. El flamenco de Lavapi\u00e9s es m\u00e1s crudo, m\u00e1s de calle, m\u00e1s imprevisible. \u00a1Pura vida!<\/span><\/p>\n<h2><span style=\"font-weight: 400;\">Vallecas, Carabanchel, Ca\u00f1o Roto&#8230; La Ra\u00edz que Nutre el \u00c1rbol<\/span><\/h2>\n<p><span style=\"font-weight: 400;\">Hay que alejarse un poco del centro para encontrar la <\/span><b>cuna de muchas sagas gitanas<\/b><span style=\"font-weight: 400;\"> que son pilares del flamenco madrile\u00f1o. Barrios como <\/span><b>Vallecas<\/b><span style=\"font-weight: 400;\">, <\/span><b>Carabanchel<\/b><span style=\"font-weight: 400;\"> (con zonas como Pan Bendito) o el legendario <\/span><b>Ca\u00f1o Roto<\/b><span style=\"font-weight: 400;\"> (\u00a1ay, ese sonido de guitarra!) son pura cantera.<\/span><\/p>\n<p><span style=\"font-weight: 400;\">Aqu\u00ed el flamenco no es tanto un espect\u00e1culo para fuera, sino <\/span><b>parte de la vida cotidiana<\/b><span style=\"font-weight: 400;\">, de las fiestas familiares, de las reuniones en las pe\u00f1as de barrio. No busques aqu\u00ed grandes tablaos tur\u00edsticos, busca el eco de la tradici\u00f3n, el flamenco vivido como herencia. Es otro Madrid flamenco, igualmente esencial.<\/span><\/p>\n<p><img loading=\"lazy\" decoding=\"async\" class=\"aligncenter wp-image-1147 size-large\" src=\"https:\/\/flamencomadrid.com\/wp-content\/uploads\/2025\/07\/vida_de_barrio_horizontal_opt-1024x683.jpg\" alt=\"La ra\u00edz familiar y la tradici\u00f3n flamenca en los barrios de la periferia de Madrid. \" width=\"900\" height=\"600\" \/><\/p>\n<h2><span style=\"font-weight: 400;\">Madrid Entero: \u00a1El Comp\u00e1s No Para!<\/span><\/h2>\n<p><span style=\"font-weight: 400;\">Y la verdad es que el flamenco en Madrid no se acaba aqu\u00ed. Hay escuelas en casi todos los distritos, salas que programan conciertos, festivales que llenan la ciudad&#8230; \u00a1Es un arte que est\u00e1 por todas partes!<\/span><\/p>\n<p><span style=\"font-weight: 400;\">Lo importante es salir a buscarlo con los o\u00eddos y el coraz\u00f3n abiertos. Cada barrio te contar\u00e1 una historia flamenca diferente. \u00bfCu\u00e1l ser\u00e1 la tuya?<\/span><\/p>","protected":false},"excerpt":{"rendered":"Madrid tiene un comp\u00e1s secreto. No suena igual el flamenco si te pierdes por las callejuelas del centro que si te adentras en el coraz\u00f3n castizo de Lavapi\u00e9s o buscas la ra\u00edz en barrios m\u00e1s alejados. Cada zona tiene su propio \u00absoniquete\u00bb, su manera de vivir y sentir este arte. \u00bfTe vienes con flamencomadrid.com a&#8230;","protected":false},"author":6,"featured_media":1145,"comment_status":"open","ping_status":"open","sticky":false,"template":"","format":"standard","meta":{"_acf_changed":false,"footnotes":""},"categories":[13],"tags":[],"class_list":["post-1144","post","type-post","status-publish","format-standard","has-post-thumbnail","hentry","category-curiosidades-flamencas"],"acf":[],"yoast_head":"<!-- This site is optimized with the Yoast SEO plugin v27.4 - https:\/\/yoast.com\/product\/yoast-seo-wordpress\/ -->\n<title>Un Paseo por los Barrios Flamencos de Madrid - Flamenco Madrid<\/title>\n<meta name=\"robots\" content=\"index, follow, max-snippet:-1, max-image-preview:large, max-video-preview:-1\" \/>\n<link rel=\"canonical\" href=\"\/\" \/>\n<meta property=\"og:locale\" content=\"es_ES\" \/>\n<meta property=\"og:type\" content=\"article\" \/>\n<meta property=\"og:title\" content=\"Un Paseo por los Barrios Flamencos de Madrid - Flamenco Madrid\" \/>\n<meta property=\"og:url\" content=\"https:\/\/flamencomadrid.com\/es\/barrios-flamencos-madrid\/\" \/>\n<meta property=\"og:site_name\" content=\"Flamenco Madrid\" \/>\n<meta property=\"article:published_time\" content=\"2025-07-13T08:06:59+00:00\" \/>\n<meta property=\"article:modified_time\" content=\"2025-12-15T09:35:01+00:00\" \/>\n<meta property=\"og:image\" content=\"https:\/\/flamencomadrid.com\/wp-content\/uploads\/2025\/07\/madrid_flamenco_mapa_optimizado.jpg\" \/>\n\t<meta property=\"og:image:width\" content=\"1536\" \/>\n\t<meta property=\"og:image:height\" content=\"1024\" \/>\n\t<meta property=\"og:image:type\" content=\"image\/jpeg\" \/>\n<meta name=\"author\" content=\"Miguel Blanco\" \/>\n<meta name=\"twitter:card\" content=\"summary_large_image\" \/>\n<meta name=\"twitter:label1\" content=\"Escrito por\" \/>\n\t<meta name=\"twitter:data1\" content=\"Miguel Blanco\" \/>\n\t<meta name=\"twitter:label2\" content=\"Tiempo de lectura\" \/>\n\t<meta name=\"twitter:data2\" content=\"3 minutos\" \/>\n<script type=\"application\/ld+json\" class=\"yoast-schema-graph\">{\"@context\":\"https:\\\/\\\/schema.org\",\"@graph\":[{\"@type\":\"Article\",\"@id\":\"https:\\\/\\\/flamencomadrid.com\\\/es\\\/barrios-flamencos-madrid\\\/#article\",\"isPartOf\":{\"@id\":\"https:\\\/\\\/flamencomadrid.com\\\/es\\\/barrios-flamencos-madrid\\\/\"},\"author\":{\"name\":\"Miguel Blanco\",\"@id\":\"https:\\\/\\\/flamencomadrid.com\\\/es\\\/#\\\/schema\\\/person\\\/e60bef1612b66bdb46e0d88400bfab7e\"},\"headline\":\"Un Paseo por los Barrios Flamencos de Madrid\",\"datePublished\":\"2025-07-13T08:06:59+00:00\",\"dateModified\":\"2025-12-15T09:35:01+00:00\",\"mainEntityOfPage\":{\"@id\":\"https:\\\/\\\/flamencomadrid.com\\\/es\\\/barrios-flamencos-madrid\\\/\"},\"wordCount\":1911,\"commentCount\":0,\"image\":{\"@id\":\"https:\\\/\\\/flamencomadrid.com\\\/es\\\/barrios-flamencos-madrid\\\/#primaryimage\"},\"thumbnailUrl\":\"https:\\\/\\\/flamencomadrid.com\\\/wp-content\\\/uploads\\\/2025\\\/07\\\/madrid_flamenco_mapa_optimizado.jpg\",\"articleSection\":[\"Curiosidades Flamencas\"],\"inLanguage\":\"es\",\"potentialAction\":[{\"@type\":\"CommentAction\",\"name\":\"Comment\",\"target\":[\"https:\\\/\\\/flamencomadrid.com\\\/es\\\/barrios-flamencos-madrid\\\/#respond\"]}]},{\"@type\":\"WebPage\",\"@id\":\"https:\\\/\\\/flamencomadrid.com\\\/es\\\/barrios-flamencos-madrid\\\/\",\"url\":\"https:\\\/\\\/flamencomadrid.com\\\/es\\\/barrios-flamencos-madrid\\\/\",\"name\":\"Un Paseo por los Barrios Flamencos de Madrid - Flamenco Madrid\",\"isPartOf\":{\"@id\":\"https:\\\/\\\/flamencomadrid.com\\\/es\\\/#website\"},\"primaryImageOfPage\":{\"@id\":\"https:\\\/\\\/flamencomadrid.com\\\/es\\\/barrios-flamencos-madrid\\\/#primaryimage\"},\"image\":{\"@id\":\"https:\\\/\\\/flamencomadrid.com\\\/es\\\/barrios-flamencos-madrid\\\/#primaryimage\"},\"thumbnailUrl\":\"https:\\\/\\\/flamencomadrid.com\\\/wp-content\\\/uploads\\\/2025\\\/07\\\/madrid_flamenco_mapa_optimizado.jpg\",\"datePublished\":\"2025-07-13T08:06:59+00:00\",\"dateModified\":\"2025-12-15T09:35:01+00:00\",\"author\":{\"@id\":\"https:\\\/\\\/flamencomadrid.com\\\/es\\\/#\\\/schema\\\/person\\\/e60bef1612b66bdb46e0d88400bfab7e\"},\"description\":\"\",\"breadcrumb\":{\"@id\":\"https:\\\/\\\/flamencomadrid.com\\\/es\\\/barrios-flamencos-madrid\\\/#breadcrumb\"},\"inLanguage\":\"es\",\"potentialAction\":[{\"@type\":\"ReadAction\",\"target\":[[\"https:\\\/\\\/flamencomadrid.com\\\/es\\\/barrios-flamencos-madrid\\\/\"]]}]},{\"@type\":\"ImageObject\",\"inLanguage\":\"es\",\"@id\":\"https:\\\/\\\/flamencomadrid.com\\\/es\\\/barrios-flamencos-madrid\\\/#primaryimage\",\"url\":\"https:\\\/\\\/flamencomadrid.com\\\/wp-content\\\/uploads\\\/2025\\\/07\\\/madrid_flamenco_mapa_optimizado.jpg\",\"contentUrl\":\"https:\\\/\\\/flamencomadrid.com\\\/wp-content\\\/uploads\\\/2025\\\/07\\\/madrid_flamenco_mapa_optimizado.jpg\",\"width\":1536,\"height\":1024,\"caption\":\"Sintiendo el diferente duende flamenco en los barrios de Madrid.\"},{\"@type\":\"BreadcrumbList\",\"@id\":\"https:\\\/\\\/flamencomadrid.com\\\/es\\\/barrios-flamencos-madrid\\\/#breadcrumb\",\"itemListElement\":[{\"@type\":\"ListItem\",\"position\":1,\"name\":\"Home\",\"item\":\"https:\\\/\\\/flamencomadrid.com\\\/es\\\/\"},{\"@type\":\"ListItem\",\"position\":2,\"name\":\"Un Paseo por los Barrios Flamencos de Madrid\"}]},{\"@type\":\"WebSite\",\"@id\":\"https:\\\/\\\/flamencomadrid.com\\\/es\\\/#website\",\"url\":\"https:\\\/\\\/flamencomadrid.com\\\/es\\\/\",\"name\":\"Flamenco Madrid\",\"description\":\"Otro sitio realizado con WordPress\",\"potentialAction\":[{\"@type\":\"SearchAction\",\"target\":{\"@type\":\"EntryPoint\",\"urlTemplate\":\"https:\\\/\\\/flamencomadrid.com\\\/es\\\/?s={search_term_string}\"},\"query-input\":{\"@type\":\"PropertyValueSpecification\",\"valueRequired\":true,\"valueName\":\"search_term_string\"}}],\"inLanguage\":\"es\"},{\"@type\":\"Person\",\"@id\":\"https:\\\/\\\/flamencomadrid.com\\\/es\\\/#\\\/schema\\\/person\\\/e60bef1612b66bdb46e0d88400bfab7e\",\"name\":\"Miguel Blanco\",\"image\":{\"@type\":\"ImageObject\",\"inLanguage\":\"es\",\"@id\":\"https:\\\/\\\/secure.gravatar.com\\\/avatar\\\/359874fd676a9bfbf3a5d62f8bb888a22a657034662dd62c3669b5e7274a1365?s=96&d=mm&r=g\",\"url\":\"https:\\\/\\\/secure.gravatar.com\\\/avatar\\\/359874fd676a9bfbf3a5d62f8bb888a22a657034662dd62c3669b5e7274a1365?s=96&d=mm&r=g\",\"contentUrl\":\"https:\\\/\\\/secure.gravatar.com\\\/avatar\\\/359874fd676a9bfbf3a5d62f8bb888a22a657034662dd62c3669b5e7274a1365?s=96&d=mm&r=g\",\"caption\":\"Miguel Blanco\"}}]}<\/script>\n<!-- \/ Yoast SEO plugin. -->","yoast_head_json":{"title":"Un Paseo por los Barrios Flamencos de Madrid - Flamenco Madrid","robots":{"index":"index","follow":"follow","max-snippet":"max-snippet:-1","max-image-preview":"max-image-preview:large","max-video-preview":"max-video-preview:-1"},"canonical":"\/","og_locale":"es_ES","og_type":"article","og_title":"Un Paseo por los Barrios Flamencos de Madrid - Flamenco Madrid","og_url":"https:\/\/flamencomadrid.com\/es\/barrios-flamencos-madrid\/","og_site_name":"Flamenco Madrid","article_published_time":"2025-07-13T08:06:59+00:00","article_modified_time":"2025-12-15T09:35:01+00:00","og_image":[{"width":1536,"height":1024,"url":"https:\/\/flamencomadrid.com\/wp-content\/uploads\/2025\/07\/madrid_flamenco_mapa_optimizado.jpg","type":"image\/jpeg"}],"author":"Miguel Blanco","twitter_card":"summary_large_image","twitter_misc":{"Escrito por":"Miguel Blanco","Tiempo de lectura":"3 minutos"},"schema":{"@context":"https:\/\/schema.org","@graph":[{"@type":"Article","@id":"https:\/\/flamencomadrid.com\/es\/barrios-flamencos-madrid\/#article","isPartOf":{"@id":"https:\/\/flamencomadrid.com\/es\/barrios-flamencos-madrid\/"},"author":{"name":"Miguel Blanco","@id":"https:\/\/flamencomadrid.com\/es\/#\/schema\/person\/e60bef1612b66bdb46e0d88400bfab7e"},"headline":"Un Paseo por los Barrios Flamencos de Madrid","datePublished":"2025-07-13T08:06:59+00:00","dateModified":"2025-12-15T09:35:01+00:00","mainEntityOfPage":{"@id":"https:\/\/flamencomadrid.com\/es\/barrios-flamencos-madrid\/"},"wordCount":1911,"commentCount":0,"image":{"@id":"https:\/\/flamencomadrid.com\/es\/barrios-flamencos-madrid\/#primaryimage"},"thumbnailUrl":"https:\/\/flamencomadrid.com\/wp-content\/uploads\/2025\/07\/madrid_flamenco_mapa_optimizado.jpg","articleSection":["Curiosidades Flamencas"],"inLanguage":"es","potentialAction":[{"@type":"CommentAction","name":"Comment","target":["https:\/\/flamencomadrid.com\/es\/barrios-flamencos-madrid\/#respond"]}]},{"@type":"WebPage","@id":"https:\/\/flamencomadrid.com\/es\/barrios-flamencos-madrid\/","url":"https:\/\/flamencomadrid.com\/es\/barrios-flamencos-madrid\/","name":"Un Paseo por los Barrios Flamencos de Madrid - Flamenco Madrid","isPartOf":{"@id":"https:\/\/flamencomadrid.com\/es\/#website"},"primaryImageOfPage":{"@id":"https:\/\/flamencomadrid.com\/es\/barrios-flamencos-madrid\/#primaryimage"},"image":{"@id":"https:\/\/flamencomadrid.com\/es\/barrios-flamencos-madrid\/#primaryimage"},"thumbnailUrl":"https:\/\/flamencomadrid.com\/wp-content\/uploads\/2025\/07\/madrid_flamenco_mapa_optimizado.jpg","datePublished":"2025-07-13T08:06:59+00:00","dateModified":"2025-12-15T09:35:01+00:00","author":{"@id":"https:\/\/flamencomadrid.com\/es\/#\/schema\/person\/e60bef1612b66bdb46e0d88400bfab7e"},"description":"","breadcrumb":{"@id":"https:\/\/flamencomadrid.com\/es\/barrios-flamencos-madrid\/#breadcrumb"},"inLanguage":"es","potentialAction":[{"@type":"ReadAction","target":[["https:\/\/flamencomadrid.com\/es\/barrios-flamencos-madrid\/"]]}]},{"@type":"ImageObject","inLanguage":"es","@id":"https:\/\/flamencomadrid.com\/es\/barrios-flamencos-madrid\/#primaryimage","url":"https:\/\/flamencomadrid.com\/wp-content\/uploads\/2025\/07\/madrid_flamenco_mapa_optimizado.jpg","contentUrl":"https:\/\/flamencomadrid.com\/wp-content\/uploads\/2025\/07\/madrid_flamenco_mapa_optimizado.jpg","width":1536,"height":1024,"caption":"Sintiendo el diferente duende flamenco en los barrios de Madrid."},{"@type":"BreadcrumbList","@id":"https:\/\/flamencomadrid.com\/es\/barrios-flamencos-madrid\/#breadcrumb","itemListElement":[{"@type":"ListItem","position":1,"name":"Home","item":"https:\/\/flamencomadrid.com\/es\/"},{"@type":"ListItem","position":2,"name":"Un Paseo por los Barrios Flamencos de Madrid"}]},{"@type":"WebSite","@id":"https:\/\/flamencomadrid.com\/es\/#website","url":"https:\/\/flamencomadrid.com\/es\/","name":"Flamenco Madrid","description":"Otro sitio realizado con WordPress","potentialAction":[{"@type":"SearchAction","target":{"@type":"EntryPoint","urlTemplate":"https:\/\/flamencomadrid.com\/es\/?s={search_term_string}"},"query-input":{"@type":"PropertyValueSpecification","valueRequired":true,"valueName":"search_term_string"}}],"inLanguage":"es"},{"@type":"Person","@id":"https:\/\/flamencomadrid.com\/es\/#\/schema\/person\/e60bef1612b66bdb46e0d88400bfab7e","name":"Miguel Blanco","image":{"@type":"ImageObject","inLanguage":"es","@id":"https:\/\/secure.gravatar.com\/avatar\/359874fd676a9bfbf3a5d62f8bb888a22a657034662dd62c3669b5e7274a1365?s=96&d=mm&r=g","url":"https:\/\/secure.gravatar.com\/avatar\/359874fd676a9bfbf3a5d62f8bb888a22a657034662dd62c3669b5e7274a1365?s=96&d=mm&r=g","contentUrl":"https:\/\/secure.gravatar.com\/avatar\/359874fd676a9bfbf3a5d62f8bb888a22a657034662dd62c3669b5e7274a1365?s=96&d=mm&r=g","caption":"Miguel Blanco"}}]}},"_links":{"self":[{"href":"https:\/\/flamencomadrid.com\/es\/wp-json\/wp\/v2\/posts\/1144","targetHints":{"allow":["GET"]}}],"collection":[{"href":"https:\/\/flamencomadrid.com\/es\/wp-json\/wp\/v2\/posts"}],"about":[{"href":"https:\/\/flamencomadrid.com\/es\/wp-json\/wp\/v2\/types\/post"}],"author":[{"embeddable":true,"href":"https:\/\/flamencomadrid.com\/es\/wp-json\/wp\/v2\/users\/6"}],"replies":[{"embeddable":true,"href":"https:\/\/flamencomadrid.com\/es\/wp-json\/wp\/v2\/comments?post=1144"}],"version-history":[{"count":3,"href":"https:\/\/flamencomadrid.com\/es\/wp-json\/wp\/v2\/posts\/1144\/revisions"}],"predecessor-version":[{"id":1344,"href":"https:\/\/flamencomadrid.com\/es\/wp-json\/wp\/v2\/posts\/1144\/revisions\/1344"}],"wp:featuredmedia":[{"embeddable":true,"href":"https:\/\/flamencomadrid.com\/es\/wp-json\/wp\/v2\/media\/1145"}],"wp:attachment":[{"href":"https:\/\/flamencomadrid.com\/es\/wp-json\/wp\/v2\/media?parent=1144"}],"wp:term":[{"taxonomy":"category","embeddable":true,"href":"https:\/\/flamencomadrid.com\/es\/wp-json\/wp\/v2\/categories?post=1144"},{"taxonomy":"post_tag","embeddable":true,"href":"https:\/\/flamencomadrid.com\/es\/wp-json\/wp\/v2\/tags?post=1144"}],"curies":[{"name":"wp","href":"https:\/\/api.w.org\/{rel}","templated":true}]}}