{"id":1125,"date":"2025-06-25T19:10:26","date_gmt":"2025-06-25T17:10:26","guid":{"rendered":"https:\/\/flamencomadrid.com\/es\/?p=1125"},"modified":"2025-06-25T20:01:38","modified_gmt":"2025-06-25T18:01:38","slug":"el-madrid-de-los-cafes-cantantes-noches-de-juerga-y-quejio","status":"publish","type":"post","link":"https:\/\/flamencomadrid.com\/es\/los-cafes-cantantes\/","title":{"rendered":"El Madrid de los Caf\u00e9s Cantantes: Noches de Juerga y Quej\u00edo"},"content":{"rendered":"<p>Imagina cerrar los ojos y viajar al Madrid de finales del XIX. Las calles huelen a gas, los coches de caballos traquetean, y al caer la noche, una m\u00fasica nueva y desgarradora empieza a sonar con fuerza en unos locales que est\u00e1n revolucionando la ciudad: los <b>Caf\u00e9s Cantantes<\/b>. \u00a1Ah, amigo! Aquello no eran bares cualquiera. Eran el epicentro de la modernidad, de la bohemia, \u00a1y el primer gran escenario donde el <b>flamenco<\/b> plant\u00f3 su bandera en la capital!<\/p>\n<p><span style=\"font-weight: 400;\">Aunque las ra\u00edces jondas est\u00e1n al sur, fue aqu\u00ed, en el jaleo de Madrid, donde el flamenco se hizo profesional, se puli\u00f3 y conquist\u00f3 a propios y extra\u00f1os. En <\/span><span style=\"font-weight: 400;\">flamencomadrid.com<\/span><span style=\"font-weight: 400;\">, te invitamos a colarte en aquellas noches legendarias y descubrir la <\/span><b>edad de oro de los caf\u00e9s cantantes madrile\u00f1os<\/b><span style=\"font-weight: 400;\">. \u00a1Agarra una copa imaginaria que empezamos!<\/span><\/p>\n<h2><strong>\u00bfCaf\u00e9, Copa y&#8230; Flamenco? As\u00ed Eran Aquellos Templos Nocturnos<\/strong><\/h2>\n<p><span style=\"font-weight: 400;\">Olv\u00eddate del tablao \u00edntimo de hoy. Los caf\u00e9s cantantes eran \u00a1enormes! Salones decorados a todo tren, a veces con aire un poco decadente, llenos de espejos, terciopelos y mucho humo. \u00bfEl plan? Una noche larga con de todo un poco: cupletistas, n\u00fameros c\u00f3micos, bailes regionales&#8230; y, cada vez m\u00e1s, la estrella de la funci\u00f3n: \u00a1el <\/span><b>flamenco<\/b><span style=\"font-weight: 400;\">!<\/span><\/p>\n<p><span style=\"font-weight: 400;\">All\u00ed se mezclaba todo Madrid: se\u00f1oritos buscando emociones fuertes, intelectuales y artistas fascinados por ese arte tan \u00abaut\u00e9ntico\u00bb, y gente del pueblo que encontraba all\u00ed un eco de sus propias alegr\u00edas y penas. \u00a1Menudo ambientazo deb\u00eda haber! Entre palmas, copas y alg\u00fan que otro esc\u00e1ndalo, el flamenco crec\u00eda a pasos agigantados.<\/span><\/p>\n<p><img loading=\"lazy\" decoding=\"async\" class=\"aligncenter wp-image-1129 size-large\" src=\"https:\/\/flamencomadrid.com\/wp-content\/uploads\/2025\/06\/cafe_suizo_madrid_ca-1873-1024x745.jpeg\" alt=\"Dibujo (alegor\u00eda del Madrid de la segunda mitad del siglo XIX) con varios tipos castizos ante el Cafe Suizo, con un cartel de la proclamaci\u00f3n de la Rep\u00fablica Federal.\" width=\"900\" height=\"655\" \/><\/p>\n<h2><strong>Madrid: El Im\u00e1n Irresistible para el Arte del Sur<\/strong><\/h2>\n<p><span style=\"font-weight: 400;\">\u00bfY por qu\u00e9 Madrid se convirti\u00f3 en la Meca de estos caf\u00e9s y del flamenco? Pues porque Madrid era (y es) Madrid.<\/span><\/p>\n<ul>\n<li style=\"font-weight: 400;\" aria-level=\"1\"><b>Era la Capital:<\/b><span style=\"font-weight: 400;\"> Aqu\u00ed se mov\u00eda el dinero, la pol\u00edtica, la cultura&#8230; \u00a1y la fiesta!<\/span><\/li>\n<li style=\"font-weight: 400;\" aria-level=\"1\"><b>Hambre de Novedades:<\/b><span style=\"font-weight: 400;\"> El p\u00fablico madrile\u00f1o siempre ha sido curioso y abierto a nuevos espect\u00e1culos.<\/span><\/li>\n<li style=\"font-weight: 400;\" aria-level=\"1\"><b>El Sue\u00f1o del Triunfo:<\/b><span style=\"font-weight: 400;\"> Para un cantaor, bailaora o guitarrista del sur, triunfar en Madrid era el pasaporte a la fama y a poder vivir de su arte. \u00a1Todos quer\u00edan probar suerte aqu\u00ed!<\/span><\/li>\n<\/ul>\n<p><span style=\"font-weight: 400;\">Nombres como el <\/span><b>Caf\u00e9 de Silverio<\/b><span style=\"font-weight: 400;\"> (\u00a1aunque Silverio fuera sevillano, aqu\u00ed mont\u00f3 unos saraos de categor\u00eda!), el <\/span><b>Caf\u00e9 de Chinitas<\/b><span style=\"font-weight: 400;\"> (\u00a1que no era el de M\u00e1laga, ojo!), el Gato, el Barbieri&#8230; se convirtieron en leyenda. Sus carteles anunciaban a las figuras m\u00e1s grandes del momento.<\/span><\/p>\n<article class=\"text-token-text-primary w-full\" dir=\"auto\" data-testid=\"conversation-turn-272\" data-scroll-anchor=\"true\">\n<div class=\"text-base my-auto mx-auto py-5 [--thread-content-margin:--spacing(4)] @[37rem]:[--thread-content-margin:--spacing(6)] @[72rem]:[--thread-content-margin:--spacing(16)] px-(--thread-content-margin)\">\n<div class=\"[--thread-content-max-width:32rem] @[34rem]:[--thread-content-max-width:40rem] @[64rem]:[--thread-content-max-width:48rem] mx-auto flex max-w-(--thread-content-max-width) flex-1 text-base gap-4 md:gap-5 lg:gap-6 group\/turn-messages focus-visible:outline-hidden\" tabindex=\"-1\">\n<div class=\"group\/conversation-turn relative flex w-full min-w-0 flex-col agent-turn\">\n<div class=\"relative flex-col gap-1 md:gap-3\">\n<div class=\"flex max-w-full flex-col grow\">\n<div class=\"min-h-8 text-message relative flex w-full flex-col items-end gap-2 text-start break-words whitespace-normal [.text-message+&amp;]:mt-5\" dir=\"auto\" data-message-author-role=\"assistant\" data-message-id=\"d336c3da-cacf-4d23-abeb-8e6ea482f6c1\" data-message-model-slug=\"gpt-4o\">\n<div class=\"flex w-full flex-col gap-1 empty:hidden first:pt-[3px]\">\n<div class=\"markdown prose dark:prose-invert w-full break-words light\">\n<h3 data-start=\"0\" data-end=\"59\" data-is-last-node=\"\" data-is-only-node=\"\">Figuras que Se Hicieron Gigantes entre Aquellas Paredes<\/h3>\n<\/div>\n<\/div>\n<\/div>\n<\/div>\n<\/div>\n<\/div>\n<\/div>\n<\/div>\n<\/article>\n<p><span style=\"font-weight: 400;\">\u00a1Imag\u00ednate qui\u00e9n pas\u00f3 por all\u00ed! En esos escenarios se consagraron maestros como <\/span><b>Don Antonio Chac\u00f3n<\/b><span style=\"font-weight: 400;\">, con su elegancia cantando; la inigualable <\/span><b>Pastora Pav\u00f3n \u00abNi\u00f1a de los Peines\u00bb<\/b><span style=\"font-weight: 400;\">, que lo cantaba todo y todo bien; el temperamento de <\/span><b>Manuel Torre<\/b><span style=\"font-weight: 400;\">&#8230; Fueron los primeros \u00abprofesionales\u00bb del flamenco, los que empezaron a definir los estilos y a crear escuela.<\/span><\/p>\n<p><img loading=\"lazy\" decoding=\"async\" class=\"aligncenter wp-image-1126 size-large\" src=\"https:\/\/flamencomadrid.com\/wp-content\/uploads\/2025\/06\/oleo-de-un-cafe-cantante-de-lorca-1024x630.jpeg\" alt=\"El vibrante ambiente de un caf\u00e9 cantante en el Madrid del siglo XIX.\" width=\"900\" height=\"554\" \/><\/p>\n<h2><span style=\"font-weight: 400;\">\u00bfQu\u00e9 Nos Dejaron los Caf\u00e9s Cantantes (Aparte de Resaca)?<\/span><\/h2>\n<p><span style=\"font-weight: 400;\">\u00a1Much\u00edsimo! Fueron cruciales:<\/span><\/p>\n<ul>\n<li style=\"font-weight: 400;\" aria-level=\"1\"><b>Profesionalizaci\u00f3n:<\/b><span style=\"font-weight: 400;\"> \u00a1Se acab\u00f3 cantar por amor al arte (solo)! Los artistas empezaron a tener contratos y a vivir de esto.<\/span><\/li>\n<li style=\"font-weight: 400;\" aria-level=\"1\"><b>Definici\u00f3n de Palos:<\/b><span style=\"font-weight: 400;\"> De tanto actuar, los cantes y bailes se fueron puliendo, fijando estructuras que hoy son la base de muchos palos.<\/span><\/li>\n<li style=\"font-weight: 400;\" aria-level=\"1\"><b>\u00a1El Flamenco para Todos!:<\/b><span style=\"font-weight: 400;\"> Lo sacaron de las fiestas privadas y lo acercaron a un p\u00fablico enorme y variado.<\/span><\/li>\n<li style=\"font-weight: 400;\" aria-level=\"1\"><b>Pique Sano (y No Tan Sano):<\/b><span style=\"font-weight: 400;\"> La competencia entre artistas y locales hizo que el nivel subiera como la espuma.<\/span><\/li>\n<\/ul>\n<h2><span style=\"font-weight: 400;\">El Fin de una Era&#8230; \u00bfo el Comienzo de Otra?<\/span><\/h2>\n<p><span style=\"font-weight: 400;\">Como todo, la moda de los caf\u00e9s cantantes pas\u00f3. Llegaron los teatros de la \u00ab\u00d3pera Flamenca\u00bb y, despu\u00e9s, el formato m\u00e1s recogido de los tablaos actuales. Pero el esp\u00edritu de aquellos locales pioneros, esa mezcla de arte, juerga y pasi\u00f3n, sigue flotando en el aire flamenco de Madrid.<\/span><\/p>\n<p><span style=\"font-weight: 400;\">Cuando hoy te sientas en un buen tablao madrile\u00f1o y sientes esa conexi\u00f3n cercana con el artista, recuerda que, en parte, le debes esa magia a aquellos ruidosos y fascinantes caf\u00e9s cantantes del pasado.<\/span><\/p>","protected":false},"excerpt":{"rendered":"Imagina cerrar los ojos y viajar al Madrid de finales del XIX. Las calles huelen a gas, los coches de caballos traquetean, y al caer la noche, una m\u00fasica nueva y desgarradora empieza a sonar con fuerza en unos locales que est\u00e1n revolucionando la ciudad: los Caf\u00e9s Cantantes. \u00a1Ah, amigo! Aquello no eran bares cualquiera&#8230;.","protected":false},"author":6,"featured_media":1131,"comment_status":"open","ping_status":"open","sticky":false,"template":"","format":"standard","meta":{"_acf_changed":false,"footnotes":""},"categories":[13],"tags":[],"class_list":["post-1125","post","type-post","status-publish","format-standard","has-post-thumbnail","hentry","category-curiosidades-flamencas"],"acf":[],"yoast_head":"<!-- This site is optimized with the Yoast SEO plugin v27.4 - https:\/\/yoast.com\/product\/yoast-seo-wordpress\/ -->\n<title>El Madrid de los Caf\u00e9s Cantantes: Noches de Juerga y Quej\u00edo - Flamenco Madrid<\/title>\n<meta name=\"description\" content=\"Descubre el legado de los caf\u00e9s cantantes en Madrid: cuna del flamenco profesional, escenario de leyendas y origen del arte tal como hoy lo conocemos.\" \/>\n<meta name=\"robots\" content=\"index, follow, max-snippet:-1, max-image-preview:large, max-video-preview:-1\" \/>\n<link rel=\"canonical\" href=\"\/\" \/>\n<meta property=\"og:locale\" content=\"es_ES\" \/>\n<meta property=\"og:type\" content=\"article\" \/>\n<meta property=\"og:title\" content=\"El Madrid de los Caf\u00e9s Cantantes: Noches de Juerga y Quej\u00edo - Flamenco Madrid\" \/>\n<meta property=\"og:description\" content=\"Descubre el legado de los caf\u00e9s cantantes en Madrid: cuna del flamenco profesional, escenario de leyendas y origen del arte tal como hoy lo conocemos.\" \/>\n<meta property=\"og:url\" content=\"https:\/\/flamencomadrid.com\/es\/los-cafes-cantantes\/\" \/>\n<meta property=\"og:site_name\" content=\"Flamenco Madrid\" \/>\n<meta property=\"article:published_time\" content=\"2025-06-25T17:10:26+00:00\" \/>\n<meta property=\"article:modified_time\" content=\"2025-06-25T18:01:38+00:00\" \/>\n<meta property=\"og:image\" content=\"https:\/\/flamencomadrid.com\/wp-content\/uploads\/2025\/06\/cafe-cantante-3.jpg\" \/>\n\t<meta property=\"og:image:width\" content=\"601\" \/>\n\t<meta property=\"og:image:height\" content=\"410\" \/>\n\t<meta property=\"og:image:type\" content=\"image\/jpeg\" \/>\n<meta name=\"author\" content=\"Miguel Blanco\" \/>\n<meta name=\"twitter:card\" content=\"summary_large_image\" \/>\n<meta name=\"twitter:label1\" content=\"Escrito por\" \/>\n\t<meta name=\"twitter:data1\" content=\"Miguel Blanco\" \/>\n\t<meta name=\"twitter:label2\" content=\"Tiempo de lectura\" \/>\n\t<meta name=\"twitter:data2\" content=\"4 minutos\" \/>\n<script type=\"application\/ld+json\" class=\"yoast-schema-graph\">{\"@context\":\"https:\\\/\\\/schema.org\",\"@graph\":[{\"@type\":\"Article\",\"@id\":\"https:\\\/\\\/flamencomadrid.com\\\/es\\\/los-cafes-cantantes\\\/#article\",\"isPartOf\":{\"@id\":\"https:\\\/\\\/flamencomadrid.com\\\/es\\\/los-cafes-cantantes\\\/\"},\"author\":{\"name\":\"Miguel Blanco\",\"@id\":\"https:\\\/\\\/flamencomadrid.com\\\/es\\\/#\\\/schema\\\/person\\\/e60bef1612b66bdb46e0d88400bfab7e\"},\"headline\":\"El Madrid de los Caf\u00e9s Cantantes: Noches de Juerga y Quej\u00edo\",\"datePublished\":\"2025-06-25T17:10:26+00:00\",\"dateModified\":\"2025-06-25T18:01:38+00:00\",\"mainEntityOfPage\":{\"@id\":\"https:\\\/\\\/flamencomadrid.com\\\/es\\\/los-cafes-cantantes\\\/\"},\"wordCount\":2716,\"commentCount\":0,\"image\":{\"@id\":\"https:\\\/\\\/flamencomadrid.com\\\/es\\\/los-cafes-cantantes\\\/#primaryimage\"},\"thumbnailUrl\":\"https:\\\/\\\/flamencomadrid.com\\\/wp-content\\\/uploads\\\/2025\\\/06\\\/cafe-cantante-3.jpg\",\"articleSection\":[\"Curiosidades Flamencas\"],\"inLanguage\":\"es\",\"potentialAction\":[{\"@type\":\"CommentAction\",\"name\":\"Comment\",\"target\":[\"https:\\\/\\\/flamencomadrid.com\\\/es\\\/los-cafes-cantantes\\\/#respond\"]}]},{\"@type\":\"WebPage\",\"@id\":\"https:\\\/\\\/flamencomadrid.com\\\/es\\\/los-cafes-cantantes\\\/\",\"url\":\"https:\\\/\\\/flamencomadrid.com\\\/es\\\/los-cafes-cantantes\\\/\",\"name\":\"El Madrid de los Caf\u00e9s Cantantes: Noches de Juerga y Quej\u00edo - Flamenco Madrid\",\"isPartOf\":{\"@id\":\"https:\\\/\\\/flamencomadrid.com\\\/es\\\/#website\"},\"primaryImageOfPage\":{\"@id\":\"https:\\\/\\\/flamencomadrid.com\\\/es\\\/los-cafes-cantantes\\\/#primaryimage\"},\"image\":{\"@id\":\"https:\\\/\\\/flamencomadrid.com\\\/es\\\/los-cafes-cantantes\\\/#primaryimage\"},\"thumbnailUrl\":\"https:\\\/\\\/flamencomadrid.com\\\/wp-content\\\/uploads\\\/2025\\\/06\\\/cafe-cantante-3.jpg\",\"datePublished\":\"2025-06-25T17:10:26+00:00\",\"dateModified\":\"2025-06-25T18:01:38+00:00\",\"author\":{\"@id\":\"https:\\\/\\\/flamencomadrid.com\\\/es\\\/#\\\/schema\\\/person\\\/e60bef1612b66bdb46e0d88400bfab7e\"},\"description\":\"Descubre el legado de los caf\u00e9s cantantes en Madrid: cuna del flamenco profesional, escenario de leyendas y origen del arte tal como hoy lo conocemos.\",\"breadcrumb\":{\"@id\":\"https:\\\/\\\/flamencomadrid.com\\\/es\\\/los-cafes-cantantes\\\/#breadcrumb\"},\"inLanguage\":\"es\",\"potentialAction\":[{\"@type\":\"ReadAction\",\"target\":[[\"https:\\\/\\\/flamencomadrid.com\\\/es\\\/los-cafes-cantantes\\\/\"]]}]},{\"@type\":\"ImageObject\",\"inLanguage\":\"es\",\"@id\":\"https:\\\/\\\/flamencomadrid.com\\\/es\\\/los-cafes-cantantes\\\/#primaryimage\",\"url\":\"https:\\\/\\\/flamencomadrid.com\\\/wp-content\\\/uploads\\\/2025\\\/06\\\/cafe-cantante-3.jpg\",\"contentUrl\":\"https:\\\/\\\/flamencomadrid.com\\\/wp-content\\\/uploads\\\/2025\\\/06\\\/cafe-cantante-3.jpg\",\"width\":601,\"height\":410},{\"@type\":\"BreadcrumbList\",\"@id\":\"https:\\\/\\\/flamencomadrid.com\\\/es\\\/los-cafes-cantantes\\\/#breadcrumb\",\"itemListElement\":[{\"@type\":\"ListItem\",\"position\":1,\"name\":\"Home\",\"item\":\"https:\\\/\\\/flamencomadrid.com\\\/es\\\/\"},{\"@type\":\"ListItem\",\"position\":2,\"name\":\"El Madrid de los Caf\u00e9s Cantantes: Noches de Juerga y Quej\u00edo\"}]},{\"@type\":\"WebSite\",\"@id\":\"https:\\\/\\\/flamencomadrid.com\\\/es\\\/#website\",\"url\":\"https:\\\/\\\/flamencomadrid.com\\\/es\\\/\",\"name\":\"Flamenco Madrid\",\"description\":\"Otro sitio realizado con WordPress\",\"potentialAction\":[{\"@type\":\"SearchAction\",\"target\":{\"@type\":\"EntryPoint\",\"urlTemplate\":\"https:\\\/\\\/flamencomadrid.com\\\/es\\\/?s={search_term_string}\"},\"query-input\":{\"@type\":\"PropertyValueSpecification\",\"valueRequired\":true,\"valueName\":\"search_term_string\"}}],\"inLanguage\":\"es\"},{\"@type\":\"Person\",\"@id\":\"https:\\\/\\\/flamencomadrid.com\\\/es\\\/#\\\/schema\\\/person\\\/e60bef1612b66bdb46e0d88400bfab7e\",\"name\":\"Miguel Blanco\",\"image\":{\"@type\":\"ImageObject\",\"inLanguage\":\"es\",\"@id\":\"https:\\\/\\\/secure.gravatar.com\\\/avatar\\\/359874fd676a9bfbf3a5d62f8bb888a22a657034662dd62c3669b5e7274a1365?s=96&d=mm&r=g\",\"url\":\"https:\\\/\\\/secure.gravatar.com\\\/avatar\\\/359874fd676a9bfbf3a5d62f8bb888a22a657034662dd62c3669b5e7274a1365?s=96&d=mm&r=g\",\"contentUrl\":\"https:\\\/\\\/secure.gravatar.com\\\/avatar\\\/359874fd676a9bfbf3a5d62f8bb888a22a657034662dd62c3669b5e7274a1365?s=96&d=mm&r=g\",\"caption\":\"Miguel Blanco\"}}]}<\/script>\n<!-- \/ Yoast SEO plugin. -->","yoast_head_json":{"title":"El Madrid de los Caf\u00e9s Cantantes: Noches de Juerga y Quej\u00edo - Flamenco Madrid","description":"Descubre el legado de los caf\u00e9s cantantes en Madrid: cuna del flamenco profesional, escenario de leyendas y origen del arte tal como hoy lo conocemos.","robots":{"index":"index","follow":"follow","max-snippet":"max-snippet:-1","max-image-preview":"max-image-preview:large","max-video-preview":"max-video-preview:-1"},"canonical":"\/","og_locale":"es_ES","og_type":"article","og_title":"El Madrid de los Caf\u00e9s Cantantes: Noches de Juerga y Quej\u00edo - Flamenco Madrid","og_description":"Descubre el legado de los caf\u00e9s cantantes en Madrid: cuna del flamenco profesional, escenario de leyendas y origen del arte tal como hoy lo conocemos.","og_url":"https:\/\/flamencomadrid.com\/es\/los-cafes-cantantes\/","og_site_name":"Flamenco Madrid","article_published_time":"2025-06-25T17:10:26+00:00","article_modified_time":"2025-06-25T18:01:38+00:00","og_image":[{"width":601,"height":410,"url":"https:\/\/flamencomadrid.com\/wp-content\/uploads\/2025\/06\/cafe-cantante-3.jpg","type":"image\/jpeg"}],"author":"Miguel Blanco","twitter_card":"summary_large_image","twitter_misc":{"Escrito por":"Miguel Blanco","Tiempo de lectura":"4 minutos"},"schema":{"@context":"https:\/\/schema.org","@graph":[{"@type":"Article","@id":"https:\/\/flamencomadrid.com\/es\/los-cafes-cantantes\/#article","isPartOf":{"@id":"https:\/\/flamencomadrid.com\/es\/los-cafes-cantantes\/"},"author":{"name":"Miguel Blanco","@id":"https:\/\/flamencomadrid.com\/es\/#\/schema\/person\/e60bef1612b66bdb46e0d88400bfab7e"},"headline":"El Madrid de los Caf\u00e9s Cantantes: Noches de Juerga y Quej\u00edo","datePublished":"2025-06-25T17:10:26+00:00","dateModified":"2025-06-25T18:01:38+00:00","mainEntityOfPage":{"@id":"https:\/\/flamencomadrid.com\/es\/los-cafes-cantantes\/"},"wordCount":2716,"commentCount":0,"image":{"@id":"https:\/\/flamencomadrid.com\/es\/los-cafes-cantantes\/#primaryimage"},"thumbnailUrl":"https:\/\/flamencomadrid.com\/wp-content\/uploads\/2025\/06\/cafe-cantante-3.jpg","articleSection":["Curiosidades Flamencas"],"inLanguage":"es","potentialAction":[{"@type":"CommentAction","name":"Comment","target":["https:\/\/flamencomadrid.com\/es\/los-cafes-cantantes\/#respond"]}]},{"@type":"WebPage","@id":"https:\/\/flamencomadrid.com\/es\/los-cafes-cantantes\/","url":"https:\/\/flamencomadrid.com\/es\/los-cafes-cantantes\/","name":"El Madrid de los Caf\u00e9s Cantantes: Noches de Juerga y Quej\u00edo - Flamenco Madrid","isPartOf":{"@id":"https:\/\/flamencomadrid.com\/es\/#website"},"primaryImageOfPage":{"@id":"https:\/\/flamencomadrid.com\/es\/los-cafes-cantantes\/#primaryimage"},"image":{"@id":"https:\/\/flamencomadrid.com\/es\/los-cafes-cantantes\/#primaryimage"},"thumbnailUrl":"https:\/\/flamencomadrid.com\/wp-content\/uploads\/2025\/06\/cafe-cantante-3.jpg","datePublished":"2025-06-25T17:10:26+00:00","dateModified":"2025-06-25T18:01:38+00:00","author":{"@id":"https:\/\/flamencomadrid.com\/es\/#\/schema\/person\/e60bef1612b66bdb46e0d88400bfab7e"},"description":"Descubre el legado de los caf\u00e9s cantantes en Madrid: cuna del flamenco profesional, escenario de leyendas y origen del arte tal como hoy lo conocemos.","breadcrumb":{"@id":"https:\/\/flamencomadrid.com\/es\/los-cafes-cantantes\/#breadcrumb"},"inLanguage":"es","potentialAction":[{"@type":"ReadAction","target":[["https:\/\/flamencomadrid.com\/es\/los-cafes-cantantes\/"]]}]},{"@type":"ImageObject","inLanguage":"es","@id":"https:\/\/flamencomadrid.com\/es\/los-cafes-cantantes\/#primaryimage","url":"https:\/\/flamencomadrid.com\/wp-content\/uploads\/2025\/06\/cafe-cantante-3.jpg","contentUrl":"https:\/\/flamencomadrid.com\/wp-content\/uploads\/2025\/06\/cafe-cantante-3.jpg","width":601,"height":410},{"@type":"BreadcrumbList","@id":"https:\/\/flamencomadrid.com\/es\/los-cafes-cantantes\/#breadcrumb","itemListElement":[{"@type":"ListItem","position":1,"name":"Home","item":"https:\/\/flamencomadrid.com\/es\/"},{"@type":"ListItem","position":2,"name":"El Madrid de los Caf\u00e9s Cantantes: Noches de Juerga y Quej\u00edo"}]},{"@type":"WebSite","@id":"https:\/\/flamencomadrid.com\/es\/#website","url":"https:\/\/flamencomadrid.com\/es\/","name":"Flamenco Madrid","description":"Otro sitio realizado con WordPress","potentialAction":[{"@type":"SearchAction","target":{"@type":"EntryPoint","urlTemplate":"https:\/\/flamencomadrid.com\/es\/?s={search_term_string}"},"query-input":{"@type":"PropertyValueSpecification","valueRequired":true,"valueName":"search_term_string"}}],"inLanguage":"es"},{"@type":"Person","@id":"https:\/\/flamencomadrid.com\/es\/#\/schema\/person\/e60bef1612b66bdb46e0d88400bfab7e","name":"Miguel Blanco","image":{"@type":"ImageObject","inLanguage":"es","@id":"https:\/\/secure.gravatar.com\/avatar\/359874fd676a9bfbf3a5d62f8bb888a22a657034662dd62c3669b5e7274a1365?s=96&d=mm&r=g","url":"https:\/\/secure.gravatar.com\/avatar\/359874fd676a9bfbf3a5d62f8bb888a22a657034662dd62c3669b5e7274a1365?s=96&d=mm&r=g","contentUrl":"https:\/\/secure.gravatar.com\/avatar\/359874fd676a9bfbf3a5d62f8bb888a22a657034662dd62c3669b5e7274a1365?s=96&d=mm&r=g","caption":"Miguel Blanco"}}]}},"_links":{"self":[{"href":"https:\/\/flamencomadrid.com\/es\/wp-json\/wp\/v2\/posts\/1125","targetHints":{"allow":["GET"]}}],"collection":[{"href":"https:\/\/flamencomadrid.com\/es\/wp-json\/wp\/v2\/posts"}],"about":[{"href":"https:\/\/flamencomadrid.com\/es\/wp-json\/wp\/v2\/types\/post"}],"author":[{"embeddable":true,"href":"https:\/\/flamencomadrid.com\/es\/wp-json\/wp\/v2\/users\/6"}],"replies":[{"embeddable":true,"href":"https:\/\/flamencomadrid.com\/es\/wp-json\/wp\/v2\/comments?post=1125"}],"version-history":[{"count":4,"href":"https:\/\/flamencomadrid.com\/es\/wp-json\/wp\/v2\/posts\/1125\/revisions"}],"predecessor-version":[{"id":1132,"href":"https:\/\/flamencomadrid.com\/es\/wp-json\/wp\/v2\/posts\/1125\/revisions\/1132"}],"wp:featuredmedia":[{"embeddable":true,"href":"https:\/\/flamencomadrid.com\/es\/wp-json\/wp\/v2\/media\/1131"}],"wp:attachment":[{"href":"https:\/\/flamencomadrid.com\/es\/wp-json\/wp\/v2\/media?parent=1125"}],"wp:term":[{"taxonomy":"category","embeddable":true,"href":"https:\/\/flamencomadrid.com\/es\/wp-json\/wp\/v2\/categories?post=1125"},{"taxonomy":"post_tag","embeddable":true,"href":"https:\/\/flamencomadrid.com\/es\/wp-json\/wp\/v2\/tags?post=1125"}],"curies":[{"name":"wp","href":"https:\/\/api.w.org\/{rel}","templated":true}]}}