{"id":1072,"date":"2025-04-21T14:32:22","date_gmt":"2025-04-21T12:32:22","guid":{"rendered":"https:\/\/flamencomadrid.com\/es\/?p=1072"},"modified":"2025-04-22T15:14:36","modified_gmt":"2025-04-22T13:14:36","slug":"ii-festival-de-la-guitarra-de-madrid-2025-cartel-de-lujo-y-homenaje-a-sabicas","status":"publish","type":"post","link":"https:\/\/flamencomadrid.com\/es\/festival-guitarra-madrid-2025\/","title":{"rendered":"II Festival de la Guitarra de Madrid 2025: \u00a1Cartel de Lujo y Homenaje a Sabicas!"},"content":{"rendered":"<p><span id=\"input-sentence~1\">Madrid se prepara para vibrar al son de las seis cuerdas con la II Edici\u00f3n del Festival de la Guitarra, una iniciativa de la Comunidad de Madrid que, tras el \u00e9xito rotundo de su debut dedicado a Ram\u00f3n Montoya, vuelve a los Teatros del Canal del 22 al 27 de abril de 2025.<\/span><span id=\"input-sentence~2\"> Y este a\u00f1o, el festival se rinde ante la figura de un revolucionario, un genio navarro que conquist\u00f3 el mundo desde Nueva York: el inolvidable Agust\u00edn Castell\u00f3n Campos \u00abSabicas\u00bb.<\/span><\/p>\n<h2><span id=\"input-sentence~4\"><\/span><span id=\"input-sentence~7\">Profundizando en el Legado: Actividades Paralelas en la Sala Negra (Gratuitas)<\/span><\/h2>\n<p><span id=\"input-sentence~7\">Para entender mejor al maestro y su contexto, la Sala Negra de los Teatros del Canal acoger\u00e1 tres jornadas de reflexi\u00f3n y m\u00fasica con entrada libre:<br \/>\n<\/span><\/p>\n<ul>\n<li><span id=\"input-sentence~7\"><strong>Martes 22 (18:30h):<\/strong> Mesa redonda \u00abSabicas.<\/span> Un nuevo sonido&#8230;\u00bb con figuras como Jos\u00e9 Manuel Gamboa, Serranito y j\u00f3venes como Alejandro Hurtado. Seguido del concierto de Javier Conde.<\/li>\n<li><span id=\"input-sentence~8\"><strong>Mi\u00e9rcoles 23 (18:30h):<\/strong> Ponencia \u00abLa huella de Sabicas en Madrid y Nueva York\u00bb por el imprescindible Jos\u00e9 Manuel Gamboa.<\/span> Y despu\u00e9s, el concierto del virtuoso Jer\u00f3nimo Maya con Antonio Losada.<\/li>\n<li><span id=\"input-sentence~9\"><strong>Jueves 24 (18:30h):<\/strong> Ponencia \u00abLa escuela guitarr\u00edstica de Ca\u00f1o Roto\u00bb por Pablo San Nicasio, seguida del concierto de Jes\u00fas de Rosario y David Cerreduela (con Israel Cerreduela y Antonio Losada) y una charla con el m\u00edtico \u00abEl Nani\u00bb.<\/span><span id=\"input-sentence~10\"> \u00a1Conexi\u00f3n Madrid-Sabicas-Ca\u00f1o Roto!<\/span><\/li>\n<\/ul>\n<p><img loading=\"lazy\" decoding=\"async\" class=\"aligncenter\" src=\"https:\/\/cardamomo.ams3.digitaloceanspaces.com\/wp-content\/uploads\/2018\/10\/15114034\/cm-118-scaled.jpg\" alt=\"Sabicas, el influyente guitarrista flamenco homenajeado en Madrid.\" width=\"948\" height=\"632\" \/><\/p>\n<h2><span id=\"input-sentence~10\">Las Galas de la Sala Verde: Cuatro Noches, Cuatro Estrellas del Toque Actual<\/span><\/h2>\n<p><span id=\"input-sentence~10\">El coraz\u00f3n del festival latir\u00e1 en la Sala Verde con cuatro galas (entradas desde 9\u20ac) que re\u00fanen a guitarristas de diferentes generaciones, todos ellos herederos, de alguna manera, del legado de Sabicas, y acompa\u00f1ados por invitados de aut\u00e9ntico lujo:<\/span><\/p>\n<ul>\n<li><span id=\"input-sentence~10\"><strong>Jueves 24 (21:00h):<\/strong> PACO JARANA.<\/span> El veterano maestro sevillano, arropado por Segundo Falc\u00f3n y la diosa del baile Eva Yerbabuena (con su cuadro).<\/li>\n<li><strong>Viernes 25 (21:00h):<\/strong> DANI DE MOR\u00d3N. La creatividad desbordante de uno de los guitarristas m\u00e1s influyentes hoy, junto a la voz \u00fanica de La Tremendita y el baile rompedor de Patricia Guerrero (con Los Mellis).<\/li>\n<li><strong>S\u00e1bado 26 (21:00h):<\/strong> MANUEL VALENCIA. Puro sonido de Jerez. Le acompa\u00f1an la gran Esperanza Fern\u00e1ndez, el baile genial de Manuel Li\u00f1\u00e1n (con Juan de la Mar\u00eda) y el comp\u00e1s jerezano.<\/li>\n<li><span id=\"input-sentence~12\"><strong>Domingo 27 (20:00h):<\/strong> DAVID DE ARAHAL. El jovenc\u00edsimo virtuoso sevillano cierra el festival con Sandra Carrasco, el bailaor madrile\u00f1o Jos\u00e9 Maya, segunda guitarra, percusi\u00f3n y \u00a1cuarteto de cuerda!<br \/>\n<\/span><span id=\"input-sentence~13\"><br \/>\nComo dice el Consejero, \u00abbasta mencionar los nombres de Eva Yerbabuena, La Tremendita, Esperanza Fern\u00e1ndez o Manuel Li\u00f1\u00e1n para entender la dimensi\u00f3n y el talento art\u00edstico que se concentrar\u00e1 en Madrid\u00bb.<br \/>\n<\/span><\/li>\n<\/ul>\n<h2><span id=\"input-sentence~14\">Madrid, Tierra de Guitarra (y Flamenco)<\/span><\/h2>\n<p><span id=\"input-sentence~14\">Este festival confirma la apuesta de la Comunidad de Madrid por el flamenco (declarado Bien de Inter\u00e9s Cultural Inmaterial el a\u00f1o pasado) y por la guitarra en particular.<\/span><span id=\"input-sentence~15\"> Madrid, como destaca Mariano de Paco, \u00abconvoca a los flamencos de toda Espa\u00f1a porque en su territorio han arraigado escuelas y tradiciones propias\u00bb, como el sonido Ca\u00f1o Roto, protagonista tambi\u00e9n en las actividades paralelas. Hay una convivencia fascinante entre el legado de los maestros y las nuevas generaciones que este festival quiere \u00abatesorar\u00bb.<\/span><\/p>\n<h2><span id=\"input-sentence~16\"><br \/>\nEntradas e Informaci\u00f3n Pr\u00e1ctica<\/span><\/h2>\n<ul>\n<li><strong>Fechas:<\/strong> Del 22 al 27 de abril de 2025.<\/li>\n<li><strong>Lugar:<\/strong> Teatros del Canal (Sala Verde y Sala Negra).<\/li>\n<li><strong>Entradas Galas (Sala Verde):<\/strong> Desde 9 \u20ac. <a href=\"https:\/\/www.teatroscanal.com\/espectaculo\/ll-festival-de-la-guitarra-2025\/\"><strong>Compra aqu\u00ed tus entradas<\/strong><\/a><\/li>\n<li><strong>Actividades (Sala Negra):<\/strong> Entrada libre hasta completar aforo.<\/li>\n<li><strong>Director Art\u00edstico:<\/strong> Antonio Benamargo.<\/li>\n<\/ul>\n<p><a href=\"https:\/\/www.teatroscanal.com\/espectaculo\/ll-festival-de-la-guitarra-2025\/\"><img loading=\"lazy\" decoding=\"async\" class=\"aligncenter wp-image-1075 size-full\" src=\"https:\/\/flamencomadrid.com\/wp-content\/uploads\/2025\/04\/cartel-ii-festival-de-la-guitarra-comunidad-de-madrid.jpg\" alt=\"El II Festival de la Guitarra Flamenca de Madrid 2025 rinde homenaje a Sabicas en Teatros del Canal.\" width=\"1024\" height=\"512\" \/><\/a><\/p>\n<h2><span id=\"input-sentence~17\">\u00a1No Te Pierdas la Gran Fiesta de la Guitarra en Madrid!<\/span><\/h2>\n<p><span id=\"input-sentence~17\">El II Festival de la Guitarra Flamenca de Madrid, con su homenaje a Sabicas y este cartelazo, es la cita obligada de la primavera flamenca de 2025. Una oportunidad \u00fanica para disfrutar, aprender y emocionarse con las seis cuerdas.<br \/>\nDesde flamencomadrid.com te mantendremos informado de cualquier novedad. \u00a1Nos vemos en los Teatros del Canal!<\/span><\/p>","protected":false},"excerpt":{"rendered":"Madrid se prepara para vibrar al son de las seis cuerdas con la II Edici\u00f3n del Festival de la Guitarra, una iniciativa de la Comunidad de Madrid que, tras el \u00e9xito rotundo de su debut dedicado a Ram\u00f3n Montoya, vuelve a los Teatros del Canal del 22 al 27 de abril de 2025. Y este&#8230;","protected":false},"author":6,"featured_media":1093,"comment_status":"open","ping_status":"open","sticky":false,"template":"","format":"standard","meta":{"_acf_changed":false,"footnotes":""},"categories":[12],"tags":[],"class_list":["post-1072","post","type-post","status-publish","format-standard","has-post-thumbnail","hentry","category-proximos-shows-en-madrid"],"acf":[],"yoast_head":"<!-- This site is optimized with the Yoast SEO plugin v27.4 - https:\/\/yoast.com\/product\/yoast-seo-wordpress\/ -->\n<title>II Festival de la Guitarra de Madrid 2025: \u00a1Cartel de Lujo y Homenaje a Sabicas! - Flamenco Madrid<\/title>\n<meta name=\"description\" content=\"II Festival de la Guitarra de Madrid 2025 con grandes nombres del flamenco y un homenaje especial al maestro Sabicas.\" \/>\n<meta name=\"robots\" content=\"index, follow, max-snippet:-1, max-image-preview:large, max-video-preview:-1\" \/>\n<link rel=\"canonical\" href=\"\/\" \/>\n<meta property=\"og:locale\" content=\"es_ES\" \/>\n<meta property=\"og:type\" content=\"article\" \/>\n<meta property=\"og:title\" content=\"II Festival de la Guitarra de Madrid 2025: \u00a1Cartel de Lujo y Homenaje a Sabicas! - Flamenco Madrid\" \/>\n<meta property=\"og:description\" content=\"II Festival de la Guitarra de Madrid 2025 con grandes nombres del flamenco y un homenaje especial al maestro Sabicas.\" \/>\n<meta property=\"og:url\" content=\"https:\/\/flamencomadrid.com\/es\/festival-guitarra-madrid-2025\/\" \/>\n<meta property=\"og:site_name\" content=\"Flamenco Madrid\" \/>\n<meta property=\"article:published_time\" content=\"2025-04-21T12:32:22+00:00\" \/>\n<meta property=\"article:modified_time\" content=\"2025-04-22T13:14:36+00:00\" \/>\n<meta property=\"og:image\" content=\"https:\/\/flamencomadrid.com\/wp-content\/uploads\/2025\/04\/blog_festivalguitarra.png\" \/>\n\t<meta property=\"og:image:width\" content=\"900\" \/>\n\t<meta property=\"og:image:height\" content=\"600\" \/>\n\t<meta property=\"og:image:type\" content=\"image\/png\" \/>\n<meta name=\"author\" content=\"Miguel Blanco\" \/>\n<meta name=\"twitter:card\" content=\"summary_large_image\" \/>\n<meta name=\"twitter:label1\" content=\"Escrito por\" \/>\n\t<meta name=\"twitter:data1\" content=\"Miguel Blanco\" \/>\n\t<meta name=\"twitter:label2\" content=\"Tiempo de lectura\" \/>\n\t<meta name=\"twitter:data2\" content=\"4 minutos\" \/>\n<script type=\"application\/ld+json\" class=\"yoast-schema-graph\">{\"@context\":\"https:\\\/\\\/schema.org\",\"@graph\":[{\"@type\":\"Article\",\"@id\":\"https:\\\/\\\/flamencomadrid.com\\\/es\\\/festival-guitarra-madrid-2025\\\/#article\",\"isPartOf\":{\"@id\":\"https:\\\/\\\/flamencomadrid.com\\\/es\\\/festival-guitarra-madrid-2025\\\/\"},\"author\":{\"name\":\"Miguel Blanco\",\"@id\":\"https:\\\/\\\/flamencomadrid.com\\\/es\\\/#\\\/schema\\\/person\\\/e60bef1612b66bdb46e0d88400bfab7e\"},\"headline\":\"II Festival de la Guitarra de Madrid 2025: \u00a1Cartel de Lujo y Homenaje a Sabicas!\",\"datePublished\":\"2025-04-21T12:32:22+00:00\",\"dateModified\":\"2025-04-22T13:14:36+00:00\",\"mainEntityOfPage\":{\"@id\":\"https:\\\/\\\/flamencomadrid.com\\\/es\\\/festival-guitarra-madrid-2025\\\/\"},\"wordCount\":2553,\"commentCount\":0,\"image\":{\"@id\":\"https:\\\/\\\/flamencomadrid.com\\\/es\\\/festival-guitarra-madrid-2025\\\/#primaryimage\"},\"thumbnailUrl\":\"https:\\\/\\\/flamencomadrid.com\\\/wp-content\\\/uploads\\\/2025\\\/04\\\/blog_festivalguitarra.png\",\"articleSection\":[\"Pr\u00f3ximos Shows en Madrid\"],\"inLanguage\":\"es\",\"potentialAction\":[{\"@type\":\"CommentAction\",\"name\":\"Comment\",\"target\":[\"https:\\\/\\\/flamencomadrid.com\\\/es\\\/festival-guitarra-madrid-2025\\\/#respond\"]}]},{\"@type\":\"WebPage\",\"@id\":\"https:\\\/\\\/flamencomadrid.com\\\/es\\\/festival-guitarra-madrid-2025\\\/\",\"url\":\"https:\\\/\\\/flamencomadrid.com\\\/es\\\/festival-guitarra-madrid-2025\\\/\",\"name\":\"II Festival de la Guitarra de Madrid 2025: \u00a1Cartel de Lujo y Homenaje a Sabicas! - Flamenco Madrid\",\"isPartOf\":{\"@id\":\"https:\\\/\\\/flamencomadrid.com\\\/es\\\/#website\"},\"primaryImageOfPage\":{\"@id\":\"https:\\\/\\\/flamencomadrid.com\\\/es\\\/festival-guitarra-madrid-2025\\\/#primaryimage\"},\"image\":{\"@id\":\"https:\\\/\\\/flamencomadrid.com\\\/es\\\/festival-guitarra-madrid-2025\\\/#primaryimage\"},\"thumbnailUrl\":\"https:\\\/\\\/flamencomadrid.com\\\/wp-content\\\/uploads\\\/2025\\\/04\\\/blog_festivalguitarra.png\",\"datePublished\":\"2025-04-21T12:32:22+00:00\",\"dateModified\":\"2025-04-22T13:14:36+00:00\",\"author\":{\"@id\":\"https:\\\/\\\/flamencomadrid.com\\\/es\\\/#\\\/schema\\\/person\\\/e60bef1612b66bdb46e0d88400bfab7e\"},\"description\":\"II Festival de la Guitarra de Madrid 2025 con grandes nombres del flamenco y un homenaje especial al maestro Sabicas.\",\"breadcrumb\":{\"@id\":\"https:\\\/\\\/flamencomadrid.com\\\/es\\\/festival-guitarra-madrid-2025\\\/#breadcrumb\"},\"inLanguage\":\"es\",\"potentialAction\":[{\"@type\":\"ReadAction\",\"target\":[[\"https:\\\/\\\/flamencomadrid.com\\\/es\\\/festival-guitarra-madrid-2025\\\/\"]]}]},{\"@type\":\"ImageObject\",\"inLanguage\":\"es\",\"@id\":\"https:\\\/\\\/flamencomadrid.com\\\/es\\\/festival-guitarra-madrid-2025\\\/#primaryimage\",\"url\":\"https:\\\/\\\/flamencomadrid.com\\\/wp-content\\\/uploads\\\/2025\\\/04\\\/blog_festivalguitarra.png\",\"contentUrl\":\"https:\\\/\\\/flamencomadrid.com\\\/wp-content\\\/uploads\\\/2025\\\/04\\\/blog_festivalguitarra.png\",\"width\":900,\"height\":600,\"caption\":\"FESTIVAL DE GUITARRA 2025\"},{\"@type\":\"BreadcrumbList\",\"@id\":\"https:\\\/\\\/flamencomadrid.com\\\/es\\\/festival-guitarra-madrid-2025\\\/#breadcrumb\",\"itemListElement\":[{\"@type\":\"ListItem\",\"position\":1,\"name\":\"Home\",\"item\":\"https:\\\/\\\/flamencomadrid.com\\\/es\\\/\"},{\"@type\":\"ListItem\",\"position\":2,\"name\":\"II Festival de la Guitarra de Madrid 2025: \u00a1Cartel de Lujo y Homenaje a Sabicas!\"}]},{\"@type\":\"WebSite\",\"@id\":\"https:\\\/\\\/flamencomadrid.com\\\/es\\\/#website\",\"url\":\"https:\\\/\\\/flamencomadrid.com\\\/es\\\/\",\"name\":\"Flamenco Madrid\",\"description\":\"Otro sitio realizado con WordPress\",\"potentialAction\":[{\"@type\":\"SearchAction\",\"target\":{\"@type\":\"EntryPoint\",\"urlTemplate\":\"https:\\\/\\\/flamencomadrid.com\\\/es\\\/?s={search_term_string}\"},\"query-input\":{\"@type\":\"PropertyValueSpecification\",\"valueRequired\":true,\"valueName\":\"search_term_string\"}}],\"inLanguage\":\"es\"},{\"@type\":\"Person\",\"@id\":\"https:\\\/\\\/flamencomadrid.com\\\/es\\\/#\\\/schema\\\/person\\\/e60bef1612b66bdb46e0d88400bfab7e\",\"name\":\"Miguel Blanco\",\"image\":{\"@type\":\"ImageObject\",\"inLanguage\":\"es\",\"@id\":\"https:\\\/\\\/secure.gravatar.com\\\/avatar\\\/359874fd676a9bfbf3a5d62f8bb888a22a657034662dd62c3669b5e7274a1365?s=96&d=mm&r=g\",\"url\":\"https:\\\/\\\/secure.gravatar.com\\\/avatar\\\/359874fd676a9bfbf3a5d62f8bb888a22a657034662dd62c3669b5e7274a1365?s=96&d=mm&r=g\",\"contentUrl\":\"https:\\\/\\\/secure.gravatar.com\\\/avatar\\\/359874fd676a9bfbf3a5d62f8bb888a22a657034662dd62c3669b5e7274a1365?s=96&d=mm&r=g\",\"caption\":\"Miguel Blanco\"}}]}<\/script>\n<!-- \/ Yoast SEO plugin. -->","yoast_head_json":{"title":"II Festival de la Guitarra de Madrid 2025: \u00a1Cartel de Lujo y Homenaje a Sabicas! - Flamenco Madrid","description":"II Festival de la Guitarra de Madrid 2025 con grandes nombres del flamenco y un homenaje especial al maestro Sabicas.","robots":{"index":"index","follow":"follow","max-snippet":"max-snippet:-1","max-image-preview":"max-image-preview:large","max-video-preview":"max-video-preview:-1"},"canonical":"\/","og_locale":"es_ES","og_type":"article","og_title":"II Festival de la Guitarra de Madrid 2025: \u00a1Cartel de Lujo y Homenaje a Sabicas! - Flamenco Madrid","og_description":"II Festival de la Guitarra de Madrid 2025 con grandes nombres del flamenco y un homenaje especial al maestro Sabicas.","og_url":"https:\/\/flamencomadrid.com\/es\/festival-guitarra-madrid-2025\/","og_site_name":"Flamenco Madrid","article_published_time":"2025-04-21T12:32:22+00:00","article_modified_time":"2025-04-22T13:14:36+00:00","og_image":[{"width":900,"height":600,"url":"https:\/\/flamencomadrid.com\/wp-content\/uploads\/2025\/04\/blog_festivalguitarra.png","type":"image\/png"}],"author":"Miguel Blanco","twitter_card":"summary_large_image","twitter_misc":{"Escrito por":"Miguel Blanco","Tiempo de lectura":"4 minutos"},"schema":{"@context":"https:\/\/schema.org","@graph":[{"@type":"Article","@id":"https:\/\/flamencomadrid.com\/es\/festival-guitarra-madrid-2025\/#article","isPartOf":{"@id":"https:\/\/flamencomadrid.com\/es\/festival-guitarra-madrid-2025\/"},"author":{"name":"Miguel Blanco","@id":"https:\/\/flamencomadrid.com\/es\/#\/schema\/person\/e60bef1612b66bdb46e0d88400bfab7e"},"headline":"II Festival de la Guitarra de Madrid 2025: \u00a1Cartel de Lujo y Homenaje a Sabicas!","datePublished":"2025-04-21T12:32:22+00:00","dateModified":"2025-04-22T13:14:36+00:00","mainEntityOfPage":{"@id":"https:\/\/flamencomadrid.com\/es\/festival-guitarra-madrid-2025\/"},"wordCount":2553,"commentCount":0,"image":{"@id":"https:\/\/flamencomadrid.com\/es\/festival-guitarra-madrid-2025\/#primaryimage"},"thumbnailUrl":"https:\/\/flamencomadrid.com\/wp-content\/uploads\/2025\/04\/blog_festivalguitarra.png","articleSection":["Pr\u00f3ximos Shows en Madrid"],"inLanguage":"es","potentialAction":[{"@type":"CommentAction","name":"Comment","target":["https:\/\/flamencomadrid.com\/es\/festival-guitarra-madrid-2025\/#respond"]}]},{"@type":"WebPage","@id":"https:\/\/flamencomadrid.com\/es\/festival-guitarra-madrid-2025\/","url":"https:\/\/flamencomadrid.com\/es\/festival-guitarra-madrid-2025\/","name":"II Festival de la Guitarra de Madrid 2025: \u00a1Cartel de Lujo y Homenaje a Sabicas! - Flamenco Madrid","isPartOf":{"@id":"https:\/\/flamencomadrid.com\/es\/#website"},"primaryImageOfPage":{"@id":"https:\/\/flamencomadrid.com\/es\/festival-guitarra-madrid-2025\/#primaryimage"},"image":{"@id":"https:\/\/flamencomadrid.com\/es\/festival-guitarra-madrid-2025\/#primaryimage"},"thumbnailUrl":"https:\/\/flamencomadrid.com\/wp-content\/uploads\/2025\/04\/blog_festivalguitarra.png","datePublished":"2025-04-21T12:32:22+00:00","dateModified":"2025-04-22T13:14:36+00:00","author":{"@id":"https:\/\/flamencomadrid.com\/es\/#\/schema\/person\/e60bef1612b66bdb46e0d88400bfab7e"},"description":"II Festival de la Guitarra de Madrid 2025 con grandes nombres del flamenco y un homenaje especial al maestro Sabicas.","breadcrumb":{"@id":"https:\/\/flamencomadrid.com\/es\/festival-guitarra-madrid-2025\/#breadcrumb"},"inLanguage":"es","potentialAction":[{"@type":"ReadAction","target":[["https:\/\/flamencomadrid.com\/es\/festival-guitarra-madrid-2025\/"]]}]},{"@type":"ImageObject","inLanguage":"es","@id":"https:\/\/flamencomadrid.com\/es\/festival-guitarra-madrid-2025\/#primaryimage","url":"https:\/\/flamencomadrid.com\/wp-content\/uploads\/2025\/04\/blog_festivalguitarra.png","contentUrl":"https:\/\/flamencomadrid.com\/wp-content\/uploads\/2025\/04\/blog_festivalguitarra.png","width":900,"height":600,"caption":"FESTIVAL DE GUITARRA 2025"},{"@type":"BreadcrumbList","@id":"https:\/\/flamencomadrid.com\/es\/festival-guitarra-madrid-2025\/#breadcrumb","itemListElement":[{"@type":"ListItem","position":1,"name":"Home","item":"https:\/\/flamencomadrid.com\/es\/"},{"@type":"ListItem","position":2,"name":"II Festival de la Guitarra de Madrid 2025: \u00a1Cartel de Lujo y Homenaje a Sabicas!"}]},{"@type":"WebSite","@id":"https:\/\/flamencomadrid.com\/es\/#website","url":"https:\/\/flamencomadrid.com\/es\/","name":"Flamenco Madrid","description":"Otro sitio realizado con WordPress","potentialAction":[{"@type":"SearchAction","target":{"@type":"EntryPoint","urlTemplate":"https:\/\/flamencomadrid.com\/es\/?s={search_term_string}"},"query-input":{"@type":"PropertyValueSpecification","valueRequired":true,"valueName":"search_term_string"}}],"inLanguage":"es"},{"@type":"Person","@id":"https:\/\/flamencomadrid.com\/es\/#\/schema\/person\/e60bef1612b66bdb46e0d88400bfab7e","name":"Miguel Blanco","image":{"@type":"ImageObject","inLanguage":"es","@id":"https:\/\/secure.gravatar.com\/avatar\/359874fd676a9bfbf3a5d62f8bb888a22a657034662dd62c3669b5e7274a1365?s=96&d=mm&r=g","url":"https:\/\/secure.gravatar.com\/avatar\/359874fd676a9bfbf3a5d62f8bb888a22a657034662dd62c3669b5e7274a1365?s=96&d=mm&r=g","contentUrl":"https:\/\/secure.gravatar.com\/avatar\/359874fd676a9bfbf3a5d62f8bb888a22a657034662dd62c3669b5e7274a1365?s=96&d=mm&r=g","caption":"Miguel Blanco"}}]}},"_links":{"self":[{"href":"https:\/\/flamencomadrid.com\/es\/wp-json\/wp\/v2\/posts\/1072","targetHints":{"allow":["GET"]}}],"collection":[{"href":"https:\/\/flamencomadrid.com\/es\/wp-json\/wp\/v2\/posts"}],"about":[{"href":"https:\/\/flamencomadrid.com\/es\/wp-json\/wp\/v2\/types\/post"}],"author":[{"embeddable":true,"href":"https:\/\/flamencomadrid.com\/es\/wp-json\/wp\/v2\/users\/6"}],"replies":[{"embeddable":true,"href":"https:\/\/flamencomadrid.com\/es\/wp-json\/wp\/v2\/comments?post=1072"}],"version-history":[{"count":18,"href":"https:\/\/flamencomadrid.com\/es\/wp-json\/wp\/v2\/posts\/1072\/revisions"}],"predecessor-version":[{"id":1092,"href":"https:\/\/flamencomadrid.com\/es\/wp-json\/wp\/v2\/posts\/1072\/revisions\/1092"}],"wp:featuredmedia":[{"embeddable":true,"href":"https:\/\/flamencomadrid.com\/es\/wp-json\/wp\/v2\/media\/1093"}],"wp:attachment":[{"href":"https:\/\/flamencomadrid.com\/es\/wp-json\/wp\/v2\/media?parent=1072"}],"wp:term":[{"taxonomy":"category","embeddable":true,"href":"https:\/\/flamencomadrid.com\/es\/wp-json\/wp\/v2\/categories?post=1072"},{"taxonomy":"post_tag","embeddable":true,"href":"https:\/\/flamencomadrid.com\/es\/wp-json\/wp\/v2\/tags?post=1072"}],"curies":[{"name":"wp","href":"https:\/\/api.w.org\/{rel}","templated":true}]}}