{"id":1047,"date":"2025-04-07T14:33:56","date_gmt":"2025-04-07T12:33:56","guid":{"rendered":"https:\/\/flamencomadrid.com\/es\/?p=1047"},"modified":"2025-04-21T14:11:12","modified_gmt":"2025-04-21T12:11:12","slug":"las-alegrias-en-el-flamenco-el-salero-de-cadiz","status":"publish","type":"post","link":"https:\/\/flamencomadrid.com\/es\/alegrias-de-cadiz\/","title":{"rendered":"Alegr\u00edas: Flamenco y gracia"},"content":{"rendered":"<p><\/p>\n<h2>Alegr\u00ed<span class=\"hljs-keyword\">as<\/span> de C\u00e1diz: La Chispa Gaditana que Ilumina el Tablao<\/h2>\n<p>Si hay un <strong>palo flamenco<\/strong> que suena a fiesta, a brisa marina y a pura luz, esas son las <strong>Alegr\u00ed<span class=\"hljs-keyword\">as<\/span><\/strong>. \u00a1Imposible no sonre\u00edr cuando arrancan! Este estilo, nacido al calor de la Bah\u00eda, es una de las joyas m\u00e1s brillantes del flamenco, y entender un poquito de qu\u00e9 va la <strong>alegria flamenca<\/strong>\u00a0te har\u00e1 disfrutar el doble cuando la veas en directo en Madrid.<\/p>\n<p>Las <strong>Alegr\u00ed<span class=\"hljs-keyword\">as<\/span> de C\u00e1diz<\/strong> son el coraz\u00f3n de este palo. Aunque tienen ra\u00edces que se enredan con la jota, fue en C\u00e1diz donde cogieron ese aire inconfundible, ese salero que las hace \u00fanicas. Son parte esencial del grupo de las Canti\u00f1<span class=\"hljs-keyword\">as<\/span>, \u00a1la familia m\u00e1s festera y gaditana del flamenco!<\/p>\n<h3>El Comp\u00e1s de las Alegr\u00ed<span class=\"hljs-keyword\">as<\/span><\/h3>\n<p>\u00bfQu\u00e9 hace tan especial a la alegr\u00eda en el mundo flamenco? Su comp\u00e1s de <span class=\"hljs-number\">12<\/span> tiempos es la clave, \u00a1pero con un aire m\u00e1s vivo y ligero que la Sole\u00e1! Es un<strong> ritmo flamenco<\/strong>\u00a0optimista y elegante.<\/p>\n<p><strong>Una pista para distinguirlas:<\/strong> f\u00edjate cu\u00e1ndo empieza el cante. La <strong>letra<\/strong>\u00a0de las Alegr\u00ed<span class=\"hljs-keyword\">as<\/span> suele arrancar justo en el <strong>tiempo <span class=\"hljs-number\">1<\/span><\/strong> del comp\u00e1s. En cambio, la <strong>coletilla<\/strong> (la parte que a menudo viene despu\u00e9s) tiene su truco: \u00a1entra m\u00e1s tarde, <strong>despu\u00e9s del tiempo <span class=\"hljs-number\">10<\/span><\/strong>!<\/p>\n<h3>Cante, Toque y Baile por Alegr\u00ed<span class=\"hljs-keyword\">as,<\/span>\u00a0se disfrutan en todas sus formas:<\/h3>\n<p><strong>Cante por Alegr\u00ed<span class=\"hljs-keyword\">as<\/span>:<\/strong> aqu\u00ed brilla la estructura t\u00edpica para el baile.<\/p>\n<ul>\n<li><strong>La Letra<\/strong>: Suelen ser <span class=\"hljs-number\">4<\/span> versos con repeticiones. Una estructura com\u00fan es cantar verso <span class=\"hljs-number\">1<\/span>, verso <span class=\"hljs-number\">2<\/span>, repetir el <span class=\"hljs-number\">1<\/span>, cantar el <span class=\"hljs-number\">3<\/span>, el <span class=\"hljs-number\">4<\/span>, y repetir el <span class=\"hljs-number\">3<\/span> y el <span class=\"hljs-number\">4.<\/span> Es muy reconocible ese inicio juguet\u00f3n, el famoso <span class=\"hljs-string\">\u00abtirititr\u00e1n, tr\u00e1n, tr\u00e1n\u00bb<\/span> que muchas veces abre el cante.<\/li>\n<li><strong>El Aire<\/strong>: Las letras son optimistas, p\u00edcaras&#8230; Y si buscas el *soniquete* gaditano aut\u00e9ntico, escucha al maestro <strong>Chano Lobato<\/strong>. \u00a1Pura gracia!<\/li>\n<\/ul>\n<p><strong>Toque por Alegr\u00ed<span class=\"hljs-keyword\">as<\/span>:<\/strong>\u00a0La guitarra suena brillante, clara, con falsetas virtuosas y un ritmo muy marcado que acompa\u00f1a perfectamente la voz y el baile.<\/p>\n<p><strong>Baile por Alegr\u00ed<span class=\"hljs-keyword\">as<\/span>:<\/strong>\u00a0\u00a1Aqu\u00ed es donde este palo brilla con luz propia! Las alegrias flamencas para bailar son pura elegancia y picard\u00eda. Ver\u00e1s braceos preciosos, un manejo del mant\u00f3n espectacular (a veces), zapateados r\u00edtmicos pero sin la dureza de otros palos, y sobre todo, esa actitud risue\u00f1a y coqueta. Es un baile que celebra la vida. Incluye partes caracter\u00edsticas como la llamada, letras, silencio (donde el guitarrista se luce), la escobilla (zapateado) y el <span class=\"hljs-keyword\">final<\/span> festero.<\/p>\n<p><img loading=\"lazy\" decoding=\"async\" class=\"aligncenter wp-image-1050 size-full\" src=\"https:\/\/flamencomadrid.com\/wp-content\/uploads\/2025\/04\/juan-jose-villar.jpg\" alt=\"alegrias flamenco\" width=\"600\" height=\"750\" \/><\/p>\n<h3>\u00bfC\u00f3mo Reconocer las Alegr\u00ed<span class=\"hljs-keyword\">as<\/span> en un Tablao Flamenco Madrile\u00f1o?<\/h3>\n<p>La pr\u00f3xima vez que vayas a un tablao recomendado por Flamenco Madrid, agudiza el o\u00ed<span class=\"hljs-keyword\">do<\/span> y la vista:<\/p>\n<p>Busca ese <strong>comp\u00e1s r\u00e1pido y alegre de <span class=\"hljs-number\">12<\/span> tiempos<\/strong>.<\/p>\n<p>Presta atenci\u00f3n al <strong><span class=\"hljs-string\">\u00abtirititr\u00e1n\u00bb<\/span><\/strong> del cante.<\/p>\n<p>F\u00edjate en la elegancia y el salero del baile, \u00bfves esa sonrisa c\u00f3mplice?<\/p>\n<p>\u00a1Fijo que si sientes esa mezcla de fiesta elegante y sabor a mar, est\u00e1s ante unas Alegr\u00ed<span class=\"hljs-keyword\">as<\/span>!<\/p>\n<p>\u00bfQuieres vivir la magia de las Alegr\u00ed<span class=\"hljs-keyword\">as<\/span> de C\u00e1diz? \u00a1Consulta nuestras <strong><a href=\"https:\/\/flamencomadrid.com\/es\/los-mejores-6-espectaculos-flamencos-de-madrid\/\">recomendaciones<\/a> <\/strong>y encuentra el tablao perfecto en Madrid para sentir su comp\u00e1s y alegr\u00eda en directo!<\/p>\n<p>&nbsp;<\/p>\n<p>&nbsp;<\/p>","protected":false},"excerpt":{"rendered":"Alegr\u00edas de C\u00e1diz: La Chispa Gaditana que Ilumina el Tablao Si hay un palo flamenco que suena a fiesta, a brisa marina y a pura luz, esas son las Alegr\u00edas. \u00a1Imposible no sonre\u00edr cuando arrancan! Este estilo, nacido al calor de la Bah\u00eda, es una de las joyas m\u00e1s brillantes del flamenco, y entender un&#8230;","protected":false},"author":6,"featured_media":1049,"comment_status":"open","ping_status":"open","sticky":false,"template":"","format":"standard","meta":{"_acf_changed":false,"footnotes":""},"categories":[4],"tags":[],"class_list":["post-1047","post","type-post","status-publish","format-standard","has-post-thumbnail","hentry","category-sonidos-y-canciones"],"acf":[],"yoast_head":"<!-- This site is optimized with the Yoast SEO plugin v27.4 - https:\/\/yoast.com\/product\/yoast-seo-wordpress\/ -->\n<title>Alegr\u00edas: Flamenco y gracia - Flamenco Madrid<\/title>\n<meta name=\"description\" content=\"Descubre las Alegr\u00edas de C\u00e1diz, un palo flamenco vibrante. Conoce su comp\u00e1s, cante y baile por alegr\u00edas. \u00a1Vive la fiesta flamenca en Madrid!\" \/>\n<meta name=\"robots\" content=\"index, follow, max-snippet:-1, max-image-preview:large, max-video-preview:-1\" \/>\n<link rel=\"canonical\" href=\"\/\" \/>\n<meta property=\"og:locale\" content=\"es_ES\" \/>\n<meta property=\"og:type\" content=\"article\" \/>\n<meta property=\"og:title\" content=\"Alegr\u00edas: Flamenco y gracia - Flamenco Madrid\" \/>\n<meta property=\"og:description\" content=\"Descubre las Alegr\u00edas de C\u00e1diz, un palo flamenco vibrante. Conoce su comp\u00e1s, cante y baile por alegr\u00edas. \u00a1Vive la fiesta flamenca en Madrid!\" \/>\n<meta property=\"og:url\" content=\"https:\/\/flamencomadrid.com\/es\/alegrias-de-cadiz\/\" \/>\n<meta property=\"og:site_name\" content=\"Flamenco Madrid\" \/>\n<meta property=\"article:published_time\" content=\"2025-04-07T12:33:56+00:00\" \/>\n<meta property=\"article:modified_time\" content=\"2025-04-21T12:11:12+00:00\" \/>\n<meta property=\"og:image\" content=\"https:\/\/flamencomadrid.com\/wp-content\/uploads\/2025\/04\/chanolobato1-e1745237453867.jpg\" \/>\n\t<meta property=\"og:image:width\" content=\"292\" \/>\n\t<meta property=\"og:image:height\" content=\"225\" \/>\n\t<meta property=\"og:image:type\" content=\"image\/jpeg\" \/>\n<meta name=\"author\" content=\"Miguel Blanco\" \/>\n<meta name=\"twitter:card\" content=\"summary_large_image\" \/>\n<meta name=\"twitter:label1\" content=\"Escrito por\" \/>\n\t<meta name=\"twitter:data1\" content=\"Miguel Blanco\" \/>\n\t<meta name=\"twitter:label2\" content=\"Tiempo de lectura\" \/>\n\t<meta name=\"twitter:data2\" content=\"3 minutos\" \/>\n<script type=\"application\/ld+json\" class=\"yoast-schema-graph\">{\"@context\":\"https:\\\/\\\/schema.org\",\"@graph\":[{\"@type\":\"Article\",\"@id\":\"https:\\\/\\\/flamencomadrid.com\\\/es\\\/alegrias-de-cadiz\\\/#article\",\"isPartOf\":{\"@id\":\"https:\\\/\\\/flamencomadrid.com\\\/es\\\/alegrias-de-cadiz\\\/\"},\"author\":{\"name\":\"Miguel Blanco\",\"@id\":\"https:\\\/\\\/flamencomadrid.com\\\/es\\\/#\\\/schema\\\/person\\\/e60bef1612b66bdb46e0d88400bfab7e\"},\"headline\":\"Alegr\u00edas: Flamenco y gracia\",\"datePublished\":\"2025-04-07T12:33:56+00:00\",\"dateModified\":\"2025-04-21T12:11:12+00:00\",\"mainEntityOfPage\":{\"@id\":\"https:\\\/\\\/flamencomadrid.com\\\/es\\\/alegrias-de-cadiz\\\/\"},\"wordCount\":2092,\"commentCount\":0,\"image\":{\"@id\":\"https:\\\/\\\/flamencomadrid.com\\\/es\\\/alegrias-de-cadiz\\\/#primaryimage\"},\"thumbnailUrl\":\"https:\\\/\\\/flamencomadrid.com\\\/wp-content\\\/uploads\\\/2025\\\/04\\\/chanolobato1-e1745237453867.jpg\",\"articleSection\":[\"Sonidos y canciones\"],\"inLanguage\":\"es\",\"potentialAction\":[{\"@type\":\"CommentAction\",\"name\":\"Comment\",\"target\":[\"https:\\\/\\\/flamencomadrid.com\\\/es\\\/alegrias-de-cadiz\\\/#respond\"]}]},{\"@type\":\"WebPage\",\"@id\":\"https:\\\/\\\/flamencomadrid.com\\\/es\\\/alegrias-de-cadiz\\\/\",\"url\":\"https:\\\/\\\/flamencomadrid.com\\\/es\\\/alegrias-de-cadiz\\\/\",\"name\":\"Alegr\u00edas: Flamenco y gracia - Flamenco Madrid\",\"isPartOf\":{\"@id\":\"https:\\\/\\\/flamencomadrid.com\\\/es\\\/#website\"},\"primaryImageOfPage\":{\"@id\":\"https:\\\/\\\/flamencomadrid.com\\\/es\\\/alegrias-de-cadiz\\\/#primaryimage\"},\"image\":{\"@id\":\"https:\\\/\\\/flamencomadrid.com\\\/es\\\/alegrias-de-cadiz\\\/#primaryimage\"},\"thumbnailUrl\":\"https:\\\/\\\/flamencomadrid.com\\\/wp-content\\\/uploads\\\/2025\\\/04\\\/chanolobato1-e1745237453867.jpg\",\"datePublished\":\"2025-04-07T12:33:56+00:00\",\"dateModified\":\"2025-04-21T12:11:12+00:00\",\"author\":{\"@id\":\"https:\\\/\\\/flamencomadrid.com\\\/es\\\/#\\\/schema\\\/person\\\/e60bef1612b66bdb46e0d88400bfab7e\"},\"description\":\"Descubre las Alegr\u00edas de C\u00e1diz, un palo flamenco vibrante. Conoce su comp\u00e1s, cante y baile por alegr\u00edas. \u00a1Vive la fiesta flamenca en Madrid!\",\"breadcrumb\":{\"@id\":\"https:\\\/\\\/flamencomadrid.com\\\/es\\\/alegrias-de-cadiz\\\/#breadcrumb\"},\"inLanguage\":\"es\",\"potentialAction\":[{\"@type\":\"ReadAction\",\"target\":[[\"https:\\\/\\\/flamencomadrid.com\\\/es\\\/alegrias-de-cadiz\\\/\"]]}]},{\"@type\":\"ImageObject\",\"inLanguage\":\"es\",\"@id\":\"https:\\\/\\\/flamencomadrid.com\\\/es\\\/alegrias-de-cadiz\\\/#primaryimage\",\"url\":\"https:\\\/\\\/flamencomadrid.com\\\/wp-content\\\/uploads\\\/2025\\\/04\\\/chanolobato1-e1745237453867.jpg\",\"contentUrl\":\"https:\\\/\\\/flamencomadrid.com\\\/wp-content\\\/uploads\\\/2025\\\/04\\\/chanolobato1-e1745237453867.jpg\",\"width\":292,\"height\":225},{\"@type\":\"BreadcrumbList\",\"@id\":\"https:\\\/\\\/flamencomadrid.com\\\/es\\\/alegrias-de-cadiz\\\/#breadcrumb\",\"itemListElement\":[{\"@type\":\"ListItem\",\"position\":1,\"name\":\"Home\",\"item\":\"https:\\\/\\\/flamencomadrid.com\\\/es\\\/\"},{\"@type\":\"ListItem\",\"position\":2,\"name\":\"Alegr\u00edas: Flamenco y gracia\"}]},{\"@type\":\"WebSite\",\"@id\":\"https:\\\/\\\/flamencomadrid.com\\\/es\\\/#website\",\"url\":\"https:\\\/\\\/flamencomadrid.com\\\/es\\\/\",\"name\":\"Flamenco Madrid\",\"description\":\"Otro sitio realizado con WordPress\",\"potentialAction\":[{\"@type\":\"SearchAction\",\"target\":{\"@type\":\"EntryPoint\",\"urlTemplate\":\"https:\\\/\\\/flamencomadrid.com\\\/es\\\/?s={search_term_string}\"},\"query-input\":{\"@type\":\"PropertyValueSpecification\",\"valueRequired\":true,\"valueName\":\"search_term_string\"}}],\"inLanguage\":\"es\"},{\"@type\":\"Person\",\"@id\":\"https:\\\/\\\/flamencomadrid.com\\\/es\\\/#\\\/schema\\\/person\\\/e60bef1612b66bdb46e0d88400bfab7e\",\"name\":\"Miguel Blanco\",\"image\":{\"@type\":\"ImageObject\",\"inLanguage\":\"es\",\"@id\":\"https:\\\/\\\/secure.gravatar.com\\\/avatar\\\/359874fd676a9bfbf3a5d62f8bb888a22a657034662dd62c3669b5e7274a1365?s=96&d=mm&r=g\",\"url\":\"https:\\\/\\\/secure.gravatar.com\\\/avatar\\\/359874fd676a9bfbf3a5d62f8bb888a22a657034662dd62c3669b5e7274a1365?s=96&d=mm&r=g\",\"contentUrl\":\"https:\\\/\\\/secure.gravatar.com\\\/avatar\\\/359874fd676a9bfbf3a5d62f8bb888a22a657034662dd62c3669b5e7274a1365?s=96&d=mm&r=g\",\"caption\":\"Miguel Blanco\"}}]}<\/script>\n<!-- \/ Yoast SEO plugin. -->","yoast_head_json":{"title":"Alegr\u00edas: Flamenco y gracia - Flamenco Madrid","description":"Descubre las Alegr\u00edas de C\u00e1diz, un palo flamenco vibrante. Conoce su comp\u00e1s, cante y baile por alegr\u00edas. \u00a1Vive la fiesta flamenca en Madrid!","robots":{"index":"index","follow":"follow","max-snippet":"max-snippet:-1","max-image-preview":"max-image-preview:large","max-video-preview":"max-video-preview:-1"},"canonical":"\/","og_locale":"es_ES","og_type":"article","og_title":"Alegr\u00edas: Flamenco y gracia - Flamenco Madrid","og_description":"Descubre las Alegr\u00edas de C\u00e1diz, un palo flamenco vibrante. Conoce su comp\u00e1s, cante y baile por alegr\u00edas. \u00a1Vive la fiesta flamenca en Madrid!","og_url":"https:\/\/flamencomadrid.com\/es\/alegrias-de-cadiz\/","og_site_name":"Flamenco Madrid","article_published_time":"2025-04-07T12:33:56+00:00","article_modified_time":"2025-04-21T12:11:12+00:00","og_image":[{"width":292,"height":225,"url":"https:\/\/flamencomadrid.com\/wp-content\/uploads\/2025\/04\/chanolobato1-e1745237453867.jpg","type":"image\/jpeg"}],"author":"Miguel Blanco","twitter_card":"summary_large_image","twitter_misc":{"Escrito por":"Miguel Blanco","Tiempo de lectura":"3 minutos"},"schema":{"@context":"https:\/\/schema.org","@graph":[{"@type":"Article","@id":"https:\/\/flamencomadrid.com\/es\/alegrias-de-cadiz\/#article","isPartOf":{"@id":"https:\/\/flamencomadrid.com\/es\/alegrias-de-cadiz\/"},"author":{"name":"Miguel Blanco","@id":"https:\/\/flamencomadrid.com\/es\/#\/schema\/person\/e60bef1612b66bdb46e0d88400bfab7e"},"headline":"Alegr\u00edas: Flamenco y gracia","datePublished":"2025-04-07T12:33:56+00:00","dateModified":"2025-04-21T12:11:12+00:00","mainEntityOfPage":{"@id":"https:\/\/flamencomadrid.com\/es\/alegrias-de-cadiz\/"},"wordCount":2092,"commentCount":0,"image":{"@id":"https:\/\/flamencomadrid.com\/es\/alegrias-de-cadiz\/#primaryimage"},"thumbnailUrl":"https:\/\/flamencomadrid.com\/wp-content\/uploads\/2025\/04\/chanolobato1-e1745237453867.jpg","articleSection":["Sonidos y canciones"],"inLanguage":"es","potentialAction":[{"@type":"CommentAction","name":"Comment","target":["https:\/\/flamencomadrid.com\/es\/alegrias-de-cadiz\/#respond"]}]},{"@type":"WebPage","@id":"https:\/\/flamencomadrid.com\/es\/alegrias-de-cadiz\/","url":"https:\/\/flamencomadrid.com\/es\/alegrias-de-cadiz\/","name":"Alegr\u00edas: Flamenco y gracia - Flamenco Madrid","isPartOf":{"@id":"https:\/\/flamencomadrid.com\/es\/#website"},"primaryImageOfPage":{"@id":"https:\/\/flamencomadrid.com\/es\/alegrias-de-cadiz\/#primaryimage"},"image":{"@id":"https:\/\/flamencomadrid.com\/es\/alegrias-de-cadiz\/#primaryimage"},"thumbnailUrl":"https:\/\/flamencomadrid.com\/wp-content\/uploads\/2025\/04\/chanolobato1-e1745237453867.jpg","datePublished":"2025-04-07T12:33:56+00:00","dateModified":"2025-04-21T12:11:12+00:00","author":{"@id":"https:\/\/flamencomadrid.com\/es\/#\/schema\/person\/e60bef1612b66bdb46e0d88400bfab7e"},"description":"Descubre las Alegr\u00edas de C\u00e1diz, un palo flamenco vibrante. Conoce su comp\u00e1s, cante y baile por alegr\u00edas. \u00a1Vive la fiesta flamenca en Madrid!","breadcrumb":{"@id":"https:\/\/flamencomadrid.com\/es\/alegrias-de-cadiz\/#breadcrumb"},"inLanguage":"es","potentialAction":[{"@type":"ReadAction","target":[["https:\/\/flamencomadrid.com\/es\/alegrias-de-cadiz\/"]]}]},{"@type":"ImageObject","inLanguage":"es","@id":"https:\/\/flamencomadrid.com\/es\/alegrias-de-cadiz\/#primaryimage","url":"https:\/\/flamencomadrid.com\/wp-content\/uploads\/2025\/04\/chanolobato1-e1745237453867.jpg","contentUrl":"https:\/\/flamencomadrid.com\/wp-content\/uploads\/2025\/04\/chanolobato1-e1745237453867.jpg","width":292,"height":225},{"@type":"BreadcrumbList","@id":"https:\/\/flamencomadrid.com\/es\/alegrias-de-cadiz\/#breadcrumb","itemListElement":[{"@type":"ListItem","position":1,"name":"Home","item":"https:\/\/flamencomadrid.com\/es\/"},{"@type":"ListItem","position":2,"name":"Alegr\u00edas: Flamenco y gracia"}]},{"@type":"WebSite","@id":"https:\/\/flamencomadrid.com\/es\/#website","url":"https:\/\/flamencomadrid.com\/es\/","name":"Flamenco Madrid","description":"Otro sitio realizado con WordPress","potentialAction":[{"@type":"SearchAction","target":{"@type":"EntryPoint","urlTemplate":"https:\/\/flamencomadrid.com\/es\/?s={search_term_string}"},"query-input":{"@type":"PropertyValueSpecification","valueRequired":true,"valueName":"search_term_string"}}],"inLanguage":"es"},{"@type":"Person","@id":"https:\/\/flamencomadrid.com\/es\/#\/schema\/person\/e60bef1612b66bdb46e0d88400bfab7e","name":"Miguel Blanco","image":{"@type":"ImageObject","inLanguage":"es","@id":"https:\/\/secure.gravatar.com\/avatar\/359874fd676a9bfbf3a5d62f8bb888a22a657034662dd62c3669b5e7274a1365?s=96&d=mm&r=g","url":"https:\/\/secure.gravatar.com\/avatar\/359874fd676a9bfbf3a5d62f8bb888a22a657034662dd62c3669b5e7274a1365?s=96&d=mm&r=g","contentUrl":"https:\/\/secure.gravatar.com\/avatar\/359874fd676a9bfbf3a5d62f8bb888a22a657034662dd62c3669b5e7274a1365?s=96&d=mm&r=g","caption":"Miguel Blanco"}}]}},"_links":{"self":[{"href":"https:\/\/flamencomadrid.com\/es\/wp-json\/wp\/v2\/posts\/1047","targetHints":{"allow":["GET"]}}],"collection":[{"href":"https:\/\/flamencomadrid.com\/es\/wp-json\/wp\/v2\/posts"}],"about":[{"href":"https:\/\/flamencomadrid.com\/es\/wp-json\/wp\/v2\/types\/post"}],"author":[{"embeddable":true,"href":"https:\/\/flamencomadrid.com\/es\/wp-json\/wp\/v2\/users\/6"}],"replies":[{"embeddable":true,"href":"https:\/\/flamencomadrid.com\/es\/wp-json\/wp\/v2\/comments?post=1047"}],"version-history":[{"count":17,"href":"https:\/\/flamencomadrid.com\/es\/wp-json\/wp\/v2\/posts\/1047\/revisions"}],"predecessor-version":[{"id":1067,"href":"https:\/\/flamencomadrid.com\/es\/wp-json\/wp\/v2\/posts\/1047\/revisions\/1067"}],"wp:featuredmedia":[{"embeddable":true,"href":"https:\/\/flamencomadrid.com\/es\/wp-json\/wp\/v2\/media\/1049"}],"wp:attachment":[{"href":"https:\/\/flamencomadrid.com\/es\/wp-json\/wp\/v2\/media?parent=1047"}],"wp:term":[{"taxonomy":"category","embeddable":true,"href":"https:\/\/flamencomadrid.com\/es\/wp-json\/wp\/v2\/categories?post=1047"},{"taxonomy":"post_tag","embeddable":true,"href":"https:\/\/flamencomadrid.com\/es\/wp-json\/wp\/v2\/tags?post=1047"}],"curies":[{"name":"wp","href":"https:\/\/api.w.org\/{rel}","templated":true}]}}