{"id":745,"date":"2023-07-17T18:27:03","date_gmt":"2023-07-17T16:27:03","guid":{"rendered":"https:\/\/flamencomadrid.com\/es\/?p=745"},"modified":"2024-01-26T14:22:46","modified_gmt":"2024-01-26T13:22:46","slug":"la-gira-del-teatro-real-con-paula-rodriguez","status":"publish","type":"post","link":"https:\/\/flamencomadrid.com\/en\/the-tour-of-the-royal-theater-with-paula-rodriguez\/","title":{"rendered":"The tour of the Royal Theater with Paula Rodr\u00edguez"},"content":{"rendered":"<p><\/p>\n<h3>Royal Opera of Madrid &#8211; Authentic Flamenco &#8211; Paula Rodr\u00edguez<\/h3>\n<p>An original performance by the Royal Opera of Madrid, the most important performing arts institution in Spain, begins. Authentic Flamenco is the reason it was named the best opera company in the world at the 2019 International Opera Awards. It&#8217;s a lively and powerful performance filled with emotion. The tour kicks off in Singapore and covers countries such as South Korea, Japan, New Zealand, Australia, United Arab Emirates, and Saudi Arabia.<\/p>\n<p><img decoding=\"async\" class=\"alignnone size-medium wp-image-750\" src=\"https:\/\/flamencomadrid.com\/es\/wp-content\/uploads\/2023\/07\/paula-rodroguez-2.jpg\" alt=\"\" \/><\/p>\n<p><strong>Paula Rodr\u00edguez L\u00e1zaro<\/strong>, hailing from Santander, took her first steps in dance at the renowned Authorized Dance Center Armengou at the age of four. During her teenage years, she specialized in classical and contemporary dance under the guidance of Gema de Beraza, also <strong>exploring Spanish dance with Carmen Armengou and flamenco with Paz D\u00edaz.<\/strong><\/p>\n<p>In search of further artistic development, she moved to Madrid in 2007 to complete her training at the <strong>Amor de Dios Center<\/strong> for Spanish Dance and Flamenco, where she received instruction from distinguished masters such as <strong>La Truco, Mar\u00eda Juncal, Alfonso Losa, and Pepa Molina<\/strong>. She also had the opportunity to receive exclusive training from the renowned maestra Merche Esmeralda.<\/p>\n<p>In 2011, Paula continued her educational journey in Seville, taking classes with renowned artists like Juana Amaya, Andr\u00e9s Pe\u00f1a, and Ram\u00f3n Mart\u00ednez. Throughout her career, she has also participated in courses led by notable figures in flamenco, such as Mercedes Ruiz in Jerez de la Frontera in 2009, Roc\u00edo Molina in Barcelona in 2010, and Eva Yerbabuena in Barcelona in 2013.<\/p>\n<p>Since 2015, Paula has served as a stable bailaora in the artistic ensemble <strong>of the prestigious tablao <a href=\"https:\/\/cardamomo.com\/es\/\">&#8220;Cardamomo&#8221;<\/a> in Madrid,<\/strong> sharing the stage with renowned figures like Farruquito and Antonio Canales. She has also worked in other well-known tablaos in Madrid, including &#8220;La Taberna de Mister Pinckleton,&#8221; &#8220;La estaci\u00f3n de los Porches,&#8221; and &#8220;Casapatas,&#8221; among others.<\/p>\n<p>In recognition of her talent, Paula Rodr\u00edguez L\u00e1zaro was honored with the prestigious <strong>&#8220;El desplante&#8221; award for female dance at the International Cante de Las Minas Festival in 2021.<\/strong> In addition to her artistic work, she has devoted time to teaching, offering classes at academies in various provinces and occasionally conducting master courses.<\/p>\n<p>The accomplished bailaora is accompanied by the bailaor <strong>Jos\u00e9 Escarp\u00edn<\/strong> and the cantaor <strong>Jos\u00e9 del Calli.<\/strong><\/p>\n<p><img loading=\"lazy\" decoding=\"async\" class=\"alignnone wp-image-753 size-full\" src=\"https:\/\/flamencomadrid.com\/es\/wp-content\/uploads\/2023\/07\/paula-rodriguez_gallery_photo-02-8a8d9df1.webp\" alt=\"\" width=\"1160\" height=\"880\" \/><\/p>\n<p><strong>Jose Escarp\u00edn<\/strong> is a flamenco dancer from Murcia, who won the <strong>&#8220;Guinness World Record&#8221;<\/strong> in 2010 for his footwork and the <strong>&#8220;Mel\u00f3n De Oro&#8221;<\/strong> award at the <strong>&#8220;Lo Ferro&#8221; Festival<\/strong>, making him the only dancer in the world to receive such a distinction.<\/p>\n<p><b>Jos\u00e9 del Calli<\/b>\u00a0is a singer from C\u00f3rdoba, who at the age of 23 won the first prize in the <strong>&#8220;Young Flamenco Artists of the Province of C\u00f3rdoba&#8221;<\/strong> competition in 2014. He later received the award for Group &#8216;A&#8217; in &#8216;ton\u00e1s, seguiriyas, livianas y serranas&#8217; at the <strong>&#8220;Cante de las Minas&#8221; Festival in 2022.<\/strong> Jose delivers a pure singing style and is considered one of the young promising flamenco artists of today.<\/p>\n<p>These artists can be found at the end of the tour at <a href=\"https:\/\/cardamomo.com\/es\/\">Cardamomo Flamenco<\/a>, a tablao located in the heart of the Las Letras neighborhood in Madrid.<\/p>\n<p><img loading=\"lazy\" decoding=\"async\" class=\"alignnone wp-image-756 size-large\" src=\"https:\/\/flamencomadrid.com\/es\/wp-content\/uploads\/2023\/07\/paula-rodriguez_gallery_photo-01-7bf130e9-copia-1024x777.jpg\" alt=\"\" width=\"900\" height=\"683\" \/><\/p>","protected":false},"excerpt":{"rendered":"Royal Opera of Madrid &#8211; Authentic Flamenco &#8211; Paula Rodr\u00edguez An original performance by the Royal Opera of Madrid, the most important performing arts institution in Spain, begins. Authentic Flamenco is the reason it was named the best opera company in the world at the 2019 International Opera Awards. It&#8217;s a lively and powerful performance&#8230;","protected":false},"author":5,"featured_media":749,"comment_status":"closed","ping_status":"open","sticky":false,"template":"","format":"standard","meta":{"_acf_changed":false,"footnotes":""},"categories":[13],"tags":[],"class_list":["post-745","post","type-post","status-publish","format-standard","has-post-thumbnail","hentry","category-curiosidades-flamencas"],"acf":[],"yoast_head":"<!-- This site is optimized with the Yoast SEO plugin v27.4 - https:\/\/yoast.com\/product\/yoast-seo-wordpress\/ -->\n<title>The tour of the Royal Theater with Paula Rodr\u00edguez - Flamenco Madrid<\/title>\n<meta name=\"robots\" content=\"index, follow, max-snippet:-1, max-image-preview:large, max-video-preview:-1\" \/>\n<link rel=\"canonical\" href=\"\/\" \/>\n<meta property=\"og:locale\" content=\"en_US\" \/>\n<meta property=\"og:type\" content=\"article\" \/>\n<meta property=\"og:title\" content=\"The tour of the Royal Theater with Paula Rodr\u00edguez - Flamenco Madrid\" \/>\n<meta property=\"og:description\" content=\"Royal Opera of Madrid &#8211; Authentic Flamenco &#8211; Paula Rodr\u00edguez An original performance by the Royal Opera of Madrid, the most important performing arts institution in Spain, begins. Authentic Flamenco is the reason it was named the best opera company in the world at the 2019 International Opera Awards. It&#8217;s a lively and powerful performance...\" \/>\n<meta property=\"og:url\" content=\"https:\/\/flamencomadrid.com\/en\/la-gira-del-teatro-real-con-paula-rodriguez\/\" \/>\n<meta property=\"og:site_name\" content=\"Flamenco Madrid\" \/>\n<meta property=\"article:published_time\" content=\"2023-07-17T16:27:03+00:00\" \/>\n<meta property=\"article:modified_time\" content=\"2024-01-26T13:22:46+00:00\" \/>\n<meta property=\"og:image\" content=\"https:\/\/flamencomadrid.com\/wp-content\/uploads\/2023\/07\/paula-rodriguez_gallery_photo-04-758c1f16-1.webp\" \/>\n\t<meta property=\"og:image:width\" content=\"1160\" \/>\n\t<meta property=\"og:image:height\" content=\"880\" \/>\n\t<meta property=\"og:image:type\" content=\"image\/webp\" \/>\n<meta name=\"author\" content=\"Pirunator\" \/>\n<meta name=\"twitter:card\" content=\"summary_large_image\" \/>\n<meta name=\"twitter:label1\" content=\"Written by\" \/>\n\t<meta name=\"twitter:data1\" content=\"Pirunator\" \/>\n\t<meta name=\"twitter:label2\" content=\"Est. reading time\" \/>\n\t<meta name=\"twitter:data2\" content=\"3 minutes\" \/>\n<script type=\"application\/ld+json\" class=\"yoast-schema-graph\">{\"@context\":\"https:\\\/\\\/schema.org\",\"@graph\":[{\"@type\":\"Article\",\"@id\":\"https:\\\/\\\/flamencomadrid.com\\\/es\\\/la-gira-del-teatro-real-con-paula-rodriguez\\\/#article\",\"isPartOf\":{\"@id\":\"https:\\\/\\\/flamencomadrid.com\\\/es\\\/la-gira-del-teatro-real-con-paula-rodriguez\\\/\"},\"author\":{\"name\":\"Pirunator\",\"@id\":\"https:\\\/\\\/flamencomadrid.com\\\/es\\\/#\\\/schema\\\/person\\\/748b99b947dc33587201a0837db18640\"},\"headline\":\"The tour of the Royal Theater with Paula Rodr\u00edguez\",\"datePublished\":\"2023-07-17T16:27:03+00:00\",\"dateModified\":\"2024-01-26T13:22:46+00:00\",\"mainEntityOfPage\":{\"@id\":\"https:\\\/\\\/flamencomadrid.com\\\/es\\\/la-gira-del-teatro-real-con-paula-rodriguez\\\/\"},\"wordCount\":2229,\"image\":{\"@id\":\"https:\\\/\\\/flamencomadrid.com\\\/es\\\/la-gira-del-teatro-real-con-paula-rodriguez\\\/#primaryimage\"},\"thumbnailUrl\":\"https:\\\/\\\/flamencomadrid.com\\\/wp-content\\\/uploads\\\/2023\\\/07\\\/paula-rodriguez_gallery_photo-04-758c1f16-1.webp\",\"articleSection\":[\"Curiosidades Flamencas\"],\"inLanguage\":\"en-US\"},{\"@type\":\"WebPage\",\"@id\":\"https:\\\/\\\/flamencomadrid.com\\\/en\\\/la-gira-del-teatro-real-con-paula-rodriguez\\\/\",\"url\":\"https:\\\/\\\/flamencomadrid.com\\\/en\\\/la-gira-del-teatro-real-con-paula-rodriguez\\\/\",\"name\":\"The tour of the Royal Theater with Paula Rodr\u00edguez - Flamenco Madrid\",\"isPartOf\":{\"@id\":\"https:\\\/\\\/flamencomadrid.com\\\/en\\\/#website\"},\"primaryImageOfPage\":{\"@id\":\"https:\\\/\\\/flamencomadrid.com\\\/en\\\/la-gira-del-teatro-real-con-paula-rodriguez\\\/#primaryimage\"},\"image\":{\"@id\":\"https:\\\/\\\/flamencomadrid.com\\\/es\\\/la-gira-del-teatro-real-con-paula-rodriguez\\\/#primaryimage\"},\"thumbnailUrl\":\"https:\\\/\\\/flamencomadrid.com\\\/wp-content\\\/uploads\\\/2023\\\/07\\\/paula-rodriguez_gallery_photo-04-758c1f16-1.webp\",\"datePublished\":\"2023-07-17T16:27:03+00:00\",\"dateModified\":\"2024-01-26T13:22:46+00:00\",\"author\":{\"@id\":\"https:\\\/\\\/flamencomadrid.com\\\/es\\\/#\\\/schema\\\/person\\\/748b99b947dc33587201a0837db18640\"},\"breadcrumb\":{\"@id\":\"https:\\\/\\\/flamencomadrid.com\\\/en\\\/la-gira-del-teatro-real-con-paula-rodriguez\\\/#breadcrumb\"},\"inLanguage\":\"en-US\",\"potentialAction\":[{\"@type\":\"ReadAction\",\"target\":[[\"https:\\\/\\\/flamencomadrid.com\\\/en\\\/la-gira-del-teatro-real-con-paula-rodriguez\\\/\"]]}]},{\"@type\":\"ImageObject\",\"inLanguage\":\"en-US\",\"@id\":\"https:\\\/\\\/flamencomadrid.com\\\/en\\\/la-gira-del-teatro-real-con-paula-rodriguez\\\/#primaryimage\",\"url\":\"https:\\\/\\\/flamencomadrid.com\\\/wp-content\\\/uploads\\\/2023\\\/07\\\/paula-rodriguez_gallery_photo-04-758c1f16-1.webp\",\"contentUrl\":\"https:\\\/\\\/flamencomadrid.com\\\/wp-content\\\/uploads\\\/2023\\\/07\\\/paula-rodriguez_gallery_photo-04-758c1f16-1.webp\",\"width\":1160,\"height\":880},{\"@type\":\"BreadcrumbList\",\"@id\":\"https:\\\/\\\/flamencomadrid.com\\\/en\\\/la-gira-del-teatro-real-con-paula-rodriguez\\\/#breadcrumb\",\"itemListElement\":[{\"@type\":\"ListItem\",\"position\":1,\"name\":\"Home\",\"item\":\"https:\\\/\\\/flamencomadrid.com\\\/en\\\/\"},{\"@type\":\"ListItem\",\"position\":2,\"name\":\"La gira del Teatro Real con Paula Rodr\u00edguez\"}]},{\"@type\":\"WebSite\",\"@id\":\"https:\\\/\\\/flamencomadrid.com\\\/en\\\/#website\",\"url\":\"https:\\\/\\\/flamencomadrid.com\\\/en\\\/\",\"name\":\"Flamenco Madrid\",\"description\":\"El mundo del Flamenco en el centro de Madrid\",\"potentialAction\":[{\"@type\":\"SearchAction\",\"target\":{\"@type\":\"EntryPoint\",\"urlTemplate\":\"https:\\\/\\\/flamencomadrid.com\\\/en\\\/?s={search_term_string}\"},\"query-input\":{\"@type\":\"PropertyValueSpecification\",\"valueRequired\":true,\"valueName\":\"search_term_string\"}}],\"inLanguage\":\"en-US\"},{\"@type\":\"Person\",\"@id\":\"https:\\\/\\\/flamencomadrid.com\\\/es\\\/#\\\/schema\\\/person\\\/748b99b947dc33587201a0837db18640\",\"name\":\"Pirunator\",\"image\":{\"@type\":\"ImageObject\",\"inLanguage\":\"en-US\",\"@id\":\"https:\\\/\\\/secure.gravatar.com\\\/avatar\\\/617673d226a438889f1548bea8a21192c4c0d0351bdc8c087ee3ebf56ac86871?s=96&d=mm&r=g\",\"url\":\"https:\\\/\\\/secure.gravatar.com\\\/avatar\\\/617673d226a438889f1548bea8a21192c4c0d0351bdc8c087ee3ebf56ac86871?s=96&d=mm&r=g\",\"contentUrl\":\"https:\\\/\\\/secure.gravatar.com\\\/avatar\\\/617673d226a438889f1548bea8a21192c4c0d0351bdc8c087ee3ebf56ac86871?s=96&d=mm&r=g\",\"caption\":\"Pirunator\"}}]}<\/script>\n<!-- \/ Yoast SEO plugin. -->","yoast_head_json":{"title":"The tour of the Royal Theater with Paula Rodr\u00edguez - Flamenco Madrid","robots":{"index":"index","follow":"follow","max-snippet":"max-snippet:-1","max-image-preview":"max-image-preview:large","max-video-preview":"max-video-preview:-1"},"canonical":"\/","og_locale":"en_US","og_type":"article","og_title":"The tour of the Royal Theater with Paula Rodr\u00edguez - Flamenco Madrid","og_description":"Royal Opera of Madrid &#8211; Authentic Flamenco &#8211; Paula Rodr\u00edguez An original performance by the Royal Opera of Madrid, the most important performing arts institution in Spain, begins. Authentic Flamenco is the reason it was named the best opera company in the world at the 2019 International Opera Awards. It&#8217;s a lively and powerful performance...","og_url":"https:\/\/flamencomadrid.com\/en\/la-gira-del-teatro-real-con-paula-rodriguez\/","og_site_name":"Flamenco Madrid","article_published_time":"2023-07-17T16:27:03+00:00","article_modified_time":"2024-01-26T13:22:46+00:00","og_image":[{"width":1160,"height":880,"url":"https:\/\/flamencomadrid.com\/wp-content\/uploads\/2023\/07\/paula-rodriguez_gallery_photo-04-758c1f16-1.webp","type":"image\/webp"}],"author":"Pirunator","twitter_card":"summary_large_image","twitter_misc":{"Written by":"Pirunator","Est. reading time":"3 minutes"},"schema":{"@context":"https:\/\/schema.org","@graph":[{"@type":"Article","@id":"https:\/\/flamencomadrid.com\/es\/la-gira-del-teatro-real-con-paula-rodriguez\/#article","isPartOf":{"@id":"https:\/\/flamencomadrid.com\/es\/la-gira-del-teatro-real-con-paula-rodriguez\/"},"author":{"name":"Pirunator","@id":"https:\/\/flamencomadrid.com\/es\/#\/schema\/person\/748b99b947dc33587201a0837db18640"},"headline":"The tour of the Royal Theater with Paula Rodr\u00edguez","datePublished":"2023-07-17T16:27:03+00:00","dateModified":"2024-01-26T13:22:46+00:00","mainEntityOfPage":{"@id":"https:\/\/flamencomadrid.com\/es\/la-gira-del-teatro-real-con-paula-rodriguez\/"},"wordCount":2229,"image":{"@id":"https:\/\/flamencomadrid.com\/es\/la-gira-del-teatro-real-con-paula-rodriguez\/#primaryimage"},"thumbnailUrl":"https:\/\/flamencomadrid.com\/wp-content\/uploads\/2023\/07\/paula-rodriguez_gallery_photo-04-758c1f16-1.webp","articleSection":["Curiosidades Flamencas"],"inLanguage":"en-US"},{"@type":"WebPage","@id":"https:\/\/flamencomadrid.com\/en\/la-gira-del-teatro-real-con-paula-rodriguez\/","url":"https:\/\/flamencomadrid.com\/en\/la-gira-del-teatro-real-con-paula-rodriguez\/","name":"The tour of the Royal Theater with Paula Rodr\u00edguez - Flamenco Madrid","isPartOf":{"@id":"https:\/\/flamencomadrid.com\/en\/#website"},"primaryImageOfPage":{"@id":"https:\/\/flamencomadrid.com\/en\/la-gira-del-teatro-real-con-paula-rodriguez\/#primaryimage"},"image":{"@id":"https:\/\/flamencomadrid.com\/es\/la-gira-del-teatro-real-con-paula-rodriguez\/#primaryimage"},"thumbnailUrl":"https:\/\/flamencomadrid.com\/wp-content\/uploads\/2023\/07\/paula-rodriguez_gallery_photo-04-758c1f16-1.webp","datePublished":"2023-07-17T16:27:03+00:00","dateModified":"2024-01-26T13:22:46+00:00","author":{"@id":"https:\/\/flamencomadrid.com\/es\/#\/schema\/person\/748b99b947dc33587201a0837db18640"},"breadcrumb":{"@id":"https:\/\/flamencomadrid.com\/en\/la-gira-del-teatro-real-con-paula-rodriguez\/#breadcrumb"},"inLanguage":"en-US","potentialAction":[{"@type":"ReadAction","target":[["https:\/\/flamencomadrid.com\/en\/la-gira-del-teatro-real-con-paula-rodriguez\/"]]}]},{"@type":"ImageObject","inLanguage":"en-US","@id":"https:\/\/flamencomadrid.com\/en\/la-gira-del-teatro-real-con-paula-rodriguez\/#primaryimage","url":"https:\/\/flamencomadrid.com\/wp-content\/uploads\/2023\/07\/paula-rodriguez_gallery_photo-04-758c1f16-1.webp","contentUrl":"https:\/\/flamencomadrid.com\/wp-content\/uploads\/2023\/07\/paula-rodriguez_gallery_photo-04-758c1f16-1.webp","width":1160,"height":880},{"@type":"BreadcrumbList","@id":"https:\/\/flamencomadrid.com\/en\/la-gira-del-teatro-real-con-paula-rodriguez\/#breadcrumb","itemListElement":[{"@type":"ListItem","position":1,"name":"Home","item":"https:\/\/flamencomadrid.com\/en\/"},{"@type":"ListItem","position":2,"name":"La gira del Teatro Real con Paula Rodr\u00edguez"}]},{"@type":"WebSite","@id":"https:\/\/flamencomadrid.com\/en\/#website","url":"https:\/\/flamencomadrid.com\/en\/","name":"Flamenco Madrid","description":"El mundo del Flamenco en el centro de Madrid","potentialAction":[{"@type":"SearchAction","target":{"@type":"EntryPoint","urlTemplate":"https:\/\/flamencomadrid.com\/en\/?s={search_term_string}"},"query-input":{"@type":"PropertyValueSpecification","valueRequired":true,"valueName":"search_term_string"}}],"inLanguage":"en-US"},{"@type":"Person","@id":"https:\/\/flamencomadrid.com\/es\/#\/schema\/person\/748b99b947dc33587201a0837db18640","name":"Pirunator","image":{"@type":"ImageObject","inLanguage":"en-US","@id":"https:\/\/secure.gravatar.com\/avatar\/617673d226a438889f1548bea8a21192c4c0d0351bdc8c087ee3ebf56ac86871?s=96&d=mm&r=g","url":"https:\/\/secure.gravatar.com\/avatar\/617673d226a438889f1548bea8a21192c4c0d0351bdc8c087ee3ebf56ac86871?s=96&d=mm&r=g","contentUrl":"https:\/\/secure.gravatar.com\/avatar\/617673d226a438889f1548bea8a21192c4c0d0351bdc8c087ee3ebf56ac86871?s=96&d=mm&r=g","caption":"Pirunator"}}]}},"_links":{"self":[{"href":"https:\/\/flamencomadrid.com\/en\/wp-json\/wp\/v2\/posts\/745","targetHints":{"allow":["GET"]}}],"collection":[{"href":"https:\/\/flamencomadrid.com\/en\/wp-json\/wp\/v2\/posts"}],"about":[{"href":"https:\/\/flamencomadrid.com\/en\/wp-json\/wp\/v2\/types\/post"}],"author":[{"embeddable":true,"href":"https:\/\/flamencomadrid.com\/en\/wp-json\/wp\/v2\/users\/5"}],"replies":[{"embeddable":true,"href":"https:\/\/flamencomadrid.com\/en\/wp-json\/wp\/v2\/comments?post=745"}],"version-history":[{"count":19,"href":"https:\/\/flamencomadrid.com\/en\/wp-json\/wp\/v2\/posts\/745\/revisions"}],"predecessor-version":[{"id":1023,"href":"https:\/\/flamencomadrid.com\/en\/wp-json\/wp\/v2\/posts\/745\/revisions\/1023"}],"wp:featuredmedia":[{"embeddable":true,"href":"https:\/\/flamencomadrid.com\/en\/wp-json\/wp\/v2\/media\/749"}],"wp:attachment":[{"href":"https:\/\/flamencomadrid.com\/en\/wp-json\/wp\/v2\/media?parent=745"}],"wp:term":[{"taxonomy":"category","embeddable":true,"href":"https:\/\/flamencomadrid.com\/en\/wp-json\/wp\/v2\/categories?post=745"},{"taxonomy":"post_tag","embeddable":true,"href":"https:\/\/flamencomadrid.com\/en\/wp-json\/wp\/v2\/tags?post=745"}],"curies":[{"name":"wp","href":"https:\/\/api.w.org\/{rel}","templated":true}]}}