{"id":730,"date":"2023-07-04T15:08:14","date_gmt":"2023-07-04T13:08:14","guid":{"rendered":"https:\/\/flamencomadrid.com\/es\/?p=730"},"modified":"2024-01-26T14:17:46","modified_gmt":"2024-01-26T13:17:46","slug":"la-nueva-estrella-el-yiyo-invitado-especial-en-tablao-flamenco-1911","status":"publish","type":"post","link":"https:\/\/flamencomadrid.com\/en\/new-star-el-yiyo-special-guest-at-tablao-flamenco-1911\/","title":{"rendered":"New star &#8220;El Yiyo&#8221; special guest at Tablao Flamenco 1911"},"content":{"rendered":"<p><\/p>\n<h5>The bailaor Miguel Fern\u00e1ndez, &#8220;El Yiyo&#8221;, will perform at Tablao Flamenco 1911 as a special guest from July 3 to 9.<\/h5>\n<p>Born in Badalona in 1996, at the age of 18 he was headliner in more than 20 national and international festivals.<\/p>\n<p>He finds his inspiration in renowned dancers such as <em>Eduardo Serrano &#8220;El G\u00fcito&#8221;, Joaqu\u00edn Cort\u00e9s, Farruquito and Antonio Canales.<\/em><\/p>\n<p>&#8220;El Yiyo&#8221; possesses a quality that only the great flamenco artists have, those who transcend in the art world and leave their mark in history, becoming a reference. He was born with an <strong>exceptional talent and a unique gift.<\/strong><\/p>\n<p>He has shared the stage with other great figures of the genre such as <em>Miguel Poveda, Mayte Mart\u00edn, Duquende or Estrella<\/em> <em>Morente<\/em>, and has recently been the protagonist of the video clip of <em>&#8220;Pa que brille&#8221; by the singer C. Tangana.<\/em><\/p>\n<p>Beyond dancing, his art and image have attracted <strong>photographers, international firms and fashion designers<\/strong> such as Armani, for whom he has posed as a model.<\/p>\n<p>This week he performs at the oldest tablao in the world, at Plaza de Santa Ana 15 (Madrid), <em>the former Villa Rosa, the historic cathedral of flamenco.<\/em><\/p>\n<p><img loading=\"lazy\" decoding=\"async\" class=\"alignnone wp-image-732 size-full\" src=\"https:\/\/flamencomadrid.com\/es\/wp-content\/uploads\/2023\/07\/el-yiyo-1-1-scaled-e1685968419678-750x500-1.jpeg\" alt=\"\" width=\"750\" height=\"500\" \/><\/p>","protected":false},"excerpt":{"rendered":"The bailaor Miguel Fern\u00e1ndez, &#8220;El Yiyo&#8221;, will perform at Tablao Flamenco 1911 as a special guest from July 3 to 9. Born in Badalona in 1996, at the age of 18 he was headliner in more than 20 national and international festivals. He finds his inspiration in renowned dancers such as Eduardo Serrano &#8220;El G\u00fcito&#8221;,&#8230;","protected":false},"author":5,"featured_media":731,"comment_status":"closed","ping_status":"open","sticky":false,"template":"","format":"standard","meta":{"_acf_changed":false,"footnotes":""},"categories":[12],"tags":[],"class_list":["post-730","post","type-post","status-publish","format-standard","has-post-thumbnail","hentry","category-proximos-shows-en-madrid"],"acf":[],"yoast_head":"<!-- This site is optimized with the Yoast SEO plugin v27.4 - https:\/\/yoast.com\/product\/yoast-seo-wordpress\/ -->\n<title>New star &quot;El Yiyo&quot; special guest at Tablao Flamenco 1911 - Flamenco Madrid<\/title>\n<meta name=\"robots\" content=\"index, follow, max-snippet:-1, max-image-preview:large, max-video-preview:-1\" \/>\n<link rel=\"canonical\" href=\"\/\" \/>\n<meta property=\"og:locale\" content=\"en_US\" \/>\n<meta property=\"og:type\" content=\"article\" \/>\n<meta property=\"og:title\" content=\"New star &quot;El Yiyo&quot; special guest at Tablao Flamenco 1911 - Flamenco Madrid\" \/>\n<meta property=\"og:description\" content=\"The bailaor Miguel Fern\u00e1ndez, &#8220;El Yiyo&#8221;, will perform at Tablao Flamenco 1911 as a special guest from July 3 to 9. Born in Badalona in 1996, at the age of 18 he was headliner in more than 20 national and international festivals. He finds his inspiration in renowned dancers such as Eduardo Serrano &#8220;El G\u00fcito&#8221;,...\" \/>\n<meta property=\"og:url\" content=\"https:\/\/flamencomadrid.com\/en\/la-nueva-estrella-el-yiyo-invitado-especial-en-tablao-flamenco-1911\/\" \/>\n<meta property=\"og:site_name\" content=\"Flamenco Madrid\" \/>\n<meta property=\"article:published_time\" content=\"2023-07-04T13:08:14+00:00\" \/>\n<meta property=\"article:modified_time\" content=\"2024-01-26T13:17:46+00:00\" \/>\n<meta property=\"og:image\" content=\"https:\/\/flamencomadrid.com\/wp-content\/uploads\/2023\/07\/301030706_731801037909190_6125219816087073378_n.jpeg\" \/>\n\t<meta property=\"og:image:width\" content=\"960\" \/>\n\t<meta property=\"og:image:height\" content=\"960\" \/>\n\t<meta property=\"og:image:type\" content=\"image\/jpeg\" \/>\n<meta name=\"author\" content=\"Pirunator\" \/>\n<meta name=\"twitter:card\" content=\"summary_large_image\" \/>\n<meta name=\"twitter:label1\" content=\"Written by\" \/>\n\t<meta name=\"twitter:data1\" content=\"Pirunator\" \/>\n\t<meta name=\"twitter:label2\" content=\"Est. reading time\" \/>\n\t<meta name=\"twitter:data2\" content=\"2 minutes\" \/>\n<script type=\"application\/ld+json\" class=\"yoast-schema-graph\">{\"@context\":\"https:\\\/\\\/schema.org\",\"@graph\":[{\"@type\":\"Article\",\"@id\":\"https:\\\/\\\/flamencomadrid.com\\\/es\\\/la-nueva-estrella-el-yiyo-invitado-especial-en-tablao-flamenco-1911\\\/#article\",\"isPartOf\":{\"@id\":\"https:\\\/\\\/flamencomadrid.com\\\/es\\\/la-nueva-estrella-el-yiyo-invitado-especial-en-tablao-flamenco-1911\\\/\"},\"author\":{\"name\":\"Pirunator\",\"@id\":\"https:\\\/\\\/flamencomadrid.com\\\/es\\\/#\\\/schema\\\/person\\\/748b99b947dc33587201a0837db18640\"},\"headline\":\"New star &#8220;El Yiyo&#8221; special guest at Tablao Flamenco 1911\",\"datePublished\":\"2023-07-04T13:08:14+00:00\",\"dateModified\":\"2024-01-26T13:17:46+00:00\",\"mainEntityOfPage\":{\"@id\":\"https:\\\/\\\/flamencomadrid.com\\\/es\\\/la-nueva-estrella-el-yiyo-invitado-especial-en-tablao-flamenco-1911\\\/\"},\"wordCount\":834,\"image\":{\"@id\":\"https:\\\/\\\/flamencomadrid.com\\\/es\\\/la-nueva-estrella-el-yiyo-invitado-especial-en-tablao-flamenco-1911\\\/#primaryimage\"},\"thumbnailUrl\":\"https:\\\/\\\/flamencomadrid.com\\\/wp-content\\\/uploads\\\/2023\\\/07\\\/301030706_731801037909190_6125219816087073378_n.jpeg\",\"articleSection\":[\"Pr\u00f3ximos Shows en Madrid\"],\"inLanguage\":\"en-US\"},{\"@type\":\"WebPage\",\"@id\":\"https:\\\/\\\/flamencomadrid.com\\\/en\\\/la-nueva-estrella-el-yiyo-invitado-especial-en-tablao-flamenco-1911\\\/\",\"url\":\"https:\\\/\\\/flamencomadrid.com\\\/en\\\/la-nueva-estrella-el-yiyo-invitado-especial-en-tablao-flamenco-1911\\\/\",\"name\":\"New star \\\"El Yiyo\\\" special guest at Tablao Flamenco 1911 - Flamenco Madrid\",\"isPartOf\":{\"@id\":\"https:\\\/\\\/flamencomadrid.com\\\/en\\\/#website\"},\"primaryImageOfPage\":{\"@id\":\"https:\\\/\\\/flamencomadrid.com\\\/en\\\/la-nueva-estrella-el-yiyo-invitado-especial-en-tablao-flamenco-1911\\\/#primaryimage\"},\"image\":{\"@id\":\"https:\\\/\\\/flamencomadrid.com\\\/es\\\/la-nueva-estrella-el-yiyo-invitado-especial-en-tablao-flamenco-1911\\\/#primaryimage\"},\"thumbnailUrl\":\"https:\\\/\\\/flamencomadrid.com\\\/wp-content\\\/uploads\\\/2023\\\/07\\\/301030706_731801037909190_6125219816087073378_n.jpeg\",\"datePublished\":\"2023-07-04T13:08:14+00:00\",\"dateModified\":\"2024-01-26T13:17:46+00:00\",\"author\":{\"@id\":\"https:\\\/\\\/flamencomadrid.com\\\/es\\\/#\\\/schema\\\/person\\\/748b99b947dc33587201a0837db18640\"},\"breadcrumb\":{\"@id\":\"https:\\\/\\\/flamencomadrid.com\\\/en\\\/la-nueva-estrella-el-yiyo-invitado-especial-en-tablao-flamenco-1911\\\/#breadcrumb\"},\"inLanguage\":\"en-US\",\"potentialAction\":[{\"@type\":\"ReadAction\",\"target\":[[\"https:\\\/\\\/flamencomadrid.com\\\/en\\\/la-nueva-estrella-el-yiyo-invitado-especial-en-tablao-flamenco-1911\\\/\"]]}]},{\"@type\":\"ImageObject\",\"inLanguage\":\"en-US\",\"@id\":\"https:\\\/\\\/flamencomadrid.com\\\/en\\\/la-nueva-estrella-el-yiyo-invitado-especial-en-tablao-flamenco-1911\\\/#primaryimage\",\"url\":\"https:\\\/\\\/flamencomadrid.com\\\/wp-content\\\/uploads\\\/2023\\\/07\\\/301030706_731801037909190_6125219816087073378_n.jpeg\",\"contentUrl\":\"https:\\\/\\\/flamencomadrid.com\\\/wp-content\\\/uploads\\\/2023\\\/07\\\/301030706_731801037909190_6125219816087073378_n.jpeg\",\"width\":960,\"height\":960},{\"@type\":\"BreadcrumbList\",\"@id\":\"https:\\\/\\\/flamencomadrid.com\\\/en\\\/la-nueva-estrella-el-yiyo-invitado-especial-en-tablao-flamenco-1911\\\/#breadcrumb\",\"itemListElement\":[{\"@type\":\"ListItem\",\"position\":1,\"name\":\"Home\",\"item\":\"https:\\\/\\\/flamencomadrid.com\\\/en\\\/\"},{\"@type\":\"ListItem\",\"position\":2,\"name\":\"La nueva estrella \u00abEl Yiyo\u00bb invitado especial en Tablao Flamenco 1911\"}]},{\"@type\":\"WebSite\",\"@id\":\"https:\\\/\\\/flamencomadrid.com\\\/en\\\/#website\",\"url\":\"https:\\\/\\\/flamencomadrid.com\\\/en\\\/\",\"name\":\"Flamenco Madrid\",\"description\":\"El mundo del Flamenco en el centro de Madrid\",\"potentialAction\":[{\"@type\":\"SearchAction\",\"target\":{\"@type\":\"EntryPoint\",\"urlTemplate\":\"https:\\\/\\\/flamencomadrid.com\\\/en\\\/?s={search_term_string}\"},\"query-input\":{\"@type\":\"PropertyValueSpecification\",\"valueRequired\":true,\"valueName\":\"search_term_string\"}}],\"inLanguage\":\"en-US\"},{\"@type\":\"Person\",\"@id\":\"https:\\\/\\\/flamencomadrid.com\\\/es\\\/#\\\/schema\\\/person\\\/748b99b947dc33587201a0837db18640\",\"name\":\"Pirunator\",\"image\":{\"@type\":\"ImageObject\",\"inLanguage\":\"en-US\",\"@id\":\"https:\\\/\\\/secure.gravatar.com\\\/avatar\\\/617673d226a438889f1548bea8a21192c4c0d0351bdc8c087ee3ebf56ac86871?s=96&d=mm&r=g\",\"url\":\"https:\\\/\\\/secure.gravatar.com\\\/avatar\\\/617673d226a438889f1548bea8a21192c4c0d0351bdc8c087ee3ebf56ac86871?s=96&d=mm&r=g\",\"contentUrl\":\"https:\\\/\\\/secure.gravatar.com\\\/avatar\\\/617673d226a438889f1548bea8a21192c4c0d0351bdc8c087ee3ebf56ac86871?s=96&d=mm&r=g\",\"caption\":\"Pirunator\"}}]}<\/script>\n<!-- \/ Yoast SEO plugin. -->","yoast_head_json":{"title":"New star \"El Yiyo\" special guest at Tablao Flamenco 1911 - Flamenco Madrid","robots":{"index":"index","follow":"follow","max-snippet":"max-snippet:-1","max-image-preview":"max-image-preview:large","max-video-preview":"max-video-preview:-1"},"canonical":"\/","og_locale":"en_US","og_type":"article","og_title":"New star \"El Yiyo\" special guest at Tablao Flamenco 1911 - Flamenco Madrid","og_description":"The bailaor Miguel Fern\u00e1ndez, &#8220;El Yiyo&#8221;, will perform at Tablao Flamenco 1911 as a special guest from July 3 to 9. Born in Badalona in 1996, at the age of 18 he was headliner in more than 20 national and international festivals. He finds his inspiration in renowned dancers such as Eduardo Serrano &#8220;El G\u00fcito&#8221;,...","og_url":"https:\/\/flamencomadrid.com\/en\/la-nueva-estrella-el-yiyo-invitado-especial-en-tablao-flamenco-1911\/","og_site_name":"Flamenco Madrid","article_published_time":"2023-07-04T13:08:14+00:00","article_modified_time":"2024-01-26T13:17:46+00:00","og_image":[{"width":960,"height":960,"url":"https:\/\/flamencomadrid.com\/wp-content\/uploads\/2023\/07\/301030706_731801037909190_6125219816087073378_n.jpeg","type":"image\/jpeg"}],"author":"Pirunator","twitter_card":"summary_large_image","twitter_misc":{"Written by":"Pirunator","Est. reading time":"2 minutes"},"schema":{"@context":"https:\/\/schema.org","@graph":[{"@type":"Article","@id":"https:\/\/flamencomadrid.com\/es\/la-nueva-estrella-el-yiyo-invitado-especial-en-tablao-flamenco-1911\/#article","isPartOf":{"@id":"https:\/\/flamencomadrid.com\/es\/la-nueva-estrella-el-yiyo-invitado-especial-en-tablao-flamenco-1911\/"},"author":{"name":"Pirunator","@id":"https:\/\/flamencomadrid.com\/es\/#\/schema\/person\/748b99b947dc33587201a0837db18640"},"headline":"New star &#8220;El Yiyo&#8221; special guest at Tablao Flamenco 1911","datePublished":"2023-07-04T13:08:14+00:00","dateModified":"2024-01-26T13:17:46+00:00","mainEntityOfPage":{"@id":"https:\/\/flamencomadrid.com\/es\/la-nueva-estrella-el-yiyo-invitado-especial-en-tablao-flamenco-1911\/"},"wordCount":834,"image":{"@id":"https:\/\/flamencomadrid.com\/es\/la-nueva-estrella-el-yiyo-invitado-especial-en-tablao-flamenco-1911\/#primaryimage"},"thumbnailUrl":"https:\/\/flamencomadrid.com\/wp-content\/uploads\/2023\/07\/301030706_731801037909190_6125219816087073378_n.jpeg","articleSection":["Pr\u00f3ximos Shows en Madrid"],"inLanguage":"en-US"},{"@type":"WebPage","@id":"https:\/\/flamencomadrid.com\/en\/la-nueva-estrella-el-yiyo-invitado-especial-en-tablao-flamenco-1911\/","url":"https:\/\/flamencomadrid.com\/en\/la-nueva-estrella-el-yiyo-invitado-especial-en-tablao-flamenco-1911\/","name":"New star \"El Yiyo\" special guest at Tablao Flamenco 1911 - Flamenco Madrid","isPartOf":{"@id":"https:\/\/flamencomadrid.com\/en\/#website"},"primaryImageOfPage":{"@id":"https:\/\/flamencomadrid.com\/en\/la-nueva-estrella-el-yiyo-invitado-especial-en-tablao-flamenco-1911\/#primaryimage"},"image":{"@id":"https:\/\/flamencomadrid.com\/es\/la-nueva-estrella-el-yiyo-invitado-especial-en-tablao-flamenco-1911\/#primaryimage"},"thumbnailUrl":"https:\/\/flamencomadrid.com\/wp-content\/uploads\/2023\/07\/301030706_731801037909190_6125219816087073378_n.jpeg","datePublished":"2023-07-04T13:08:14+00:00","dateModified":"2024-01-26T13:17:46+00:00","author":{"@id":"https:\/\/flamencomadrid.com\/es\/#\/schema\/person\/748b99b947dc33587201a0837db18640"},"breadcrumb":{"@id":"https:\/\/flamencomadrid.com\/en\/la-nueva-estrella-el-yiyo-invitado-especial-en-tablao-flamenco-1911\/#breadcrumb"},"inLanguage":"en-US","potentialAction":[{"@type":"ReadAction","target":[["https:\/\/flamencomadrid.com\/en\/la-nueva-estrella-el-yiyo-invitado-especial-en-tablao-flamenco-1911\/"]]}]},{"@type":"ImageObject","inLanguage":"en-US","@id":"https:\/\/flamencomadrid.com\/en\/la-nueva-estrella-el-yiyo-invitado-especial-en-tablao-flamenco-1911\/#primaryimage","url":"https:\/\/flamencomadrid.com\/wp-content\/uploads\/2023\/07\/301030706_731801037909190_6125219816087073378_n.jpeg","contentUrl":"https:\/\/flamencomadrid.com\/wp-content\/uploads\/2023\/07\/301030706_731801037909190_6125219816087073378_n.jpeg","width":960,"height":960},{"@type":"BreadcrumbList","@id":"https:\/\/flamencomadrid.com\/en\/la-nueva-estrella-el-yiyo-invitado-especial-en-tablao-flamenco-1911\/#breadcrumb","itemListElement":[{"@type":"ListItem","position":1,"name":"Home","item":"https:\/\/flamencomadrid.com\/en\/"},{"@type":"ListItem","position":2,"name":"La nueva estrella \u00abEl Yiyo\u00bb invitado especial en Tablao Flamenco 1911"}]},{"@type":"WebSite","@id":"https:\/\/flamencomadrid.com\/en\/#website","url":"https:\/\/flamencomadrid.com\/en\/","name":"Flamenco Madrid","description":"El mundo del Flamenco en el centro de Madrid","potentialAction":[{"@type":"SearchAction","target":{"@type":"EntryPoint","urlTemplate":"https:\/\/flamencomadrid.com\/en\/?s={search_term_string}"},"query-input":{"@type":"PropertyValueSpecification","valueRequired":true,"valueName":"search_term_string"}}],"inLanguage":"en-US"},{"@type":"Person","@id":"https:\/\/flamencomadrid.com\/es\/#\/schema\/person\/748b99b947dc33587201a0837db18640","name":"Pirunator","image":{"@type":"ImageObject","inLanguage":"en-US","@id":"https:\/\/secure.gravatar.com\/avatar\/617673d226a438889f1548bea8a21192c4c0d0351bdc8c087ee3ebf56ac86871?s=96&d=mm&r=g","url":"https:\/\/secure.gravatar.com\/avatar\/617673d226a438889f1548bea8a21192c4c0d0351bdc8c087ee3ebf56ac86871?s=96&d=mm&r=g","contentUrl":"https:\/\/secure.gravatar.com\/avatar\/617673d226a438889f1548bea8a21192c4c0d0351bdc8c087ee3ebf56ac86871?s=96&d=mm&r=g","caption":"Pirunator"}}]}},"_links":{"self":[{"href":"https:\/\/flamencomadrid.com\/en\/wp-json\/wp\/v2\/posts\/730","targetHints":{"allow":["GET"]}}],"collection":[{"href":"https:\/\/flamencomadrid.com\/en\/wp-json\/wp\/v2\/posts"}],"about":[{"href":"https:\/\/flamencomadrid.com\/en\/wp-json\/wp\/v2\/types\/post"}],"author":[{"embeddable":true,"href":"https:\/\/flamencomadrid.com\/en\/wp-json\/wp\/v2\/users\/5"}],"replies":[{"embeddable":true,"href":"https:\/\/flamencomadrid.com\/en\/wp-json\/wp\/v2\/comments?post=730"}],"version-history":[{"count":6,"href":"https:\/\/flamencomadrid.com\/en\/wp-json\/wp\/v2\/posts\/730\/revisions"}],"predecessor-version":[{"id":1021,"href":"https:\/\/flamencomadrid.com\/en\/wp-json\/wp\/v2\/posts\/730\/revisions\/1021"}],"wp:featuredmedia":[{"embeddable":true,"href":"https:\/\/flamencomadrid.com\/en\/wp-json\/wp\/v2\/media\/731"}],"wp:attachment":[{"href":"https:\/\/flamencomadrid.com\/en\/wp-json\/wp\/v2\/media?parent=730"}],"wp:term":[{"taxonomy":"category","embeddable":true,"href":"https:\/\/flamencomadrid.com\/en\/wp-json\/wp\/v2\/categories?post=730"},{"taxonomy":"post_tag","embeddable":true,"href":"https:\/\/flamencomadrid.com\/en\/wp-json\/wp\/v2\/tags?post=730"}],"curies":[{"name":"wp","href":"https:\/\/api.w.org\/{rel}","templated":true}]}}