{"id":1195,"date":"2025-08-04T17:35:26","date_gmt":"2025-08-04T15:35:26","guid":{"rendered":"https:\/\/flamencomadrid.com\/es\/?p=1195"},"modified":"2025-07-15T09:33:48","modified_gmt":"2025-07-15T07:33:48","slug":"el-sonido-cani-el-alma-desnuda-del-flamenco-madrileno","status":"publish","type":"post","link":"https:\/\/flamencomadrid.com\/en\/the-cani-sound\/","title":{"rendered":"The Ca\u00f1\u00ed Sound"},"content":{"rendered":"<p><\/p>\n<p data-start=\"238\" data-end=\"566\">There are words in flamenco that feel more like a jolt than a definition. You won\u2019t find them in a dictionary \u2014 you feel them in your chest. We\u2019re talking about <em data-start=\"399\" data-end=\"407\">duende<\/em>, about <em data-start=\"415\" data-end=\"425\">pellizco<\/em>&#8230; and in Madrid, above all, we talk about <em data-start=\"469\" data-end=\"475\">ca\u00f1\u00ed<\/em>. But don\u2019t let its simplicity fool you: this word is much more than a synonym for \u201cgypsy.\u201d<\/p>\n<p data-start=\"568\" data-end=\"789\">It\u2019s not just a word \u2014 it\u2019s a whole world. A way of making flamenco that comes from deep inside, unfiltered, sometimes broken, but always honest. Today we dive into the sound that beats beneath the asphalt of the capital.<\/p>\n<h2 data-start=\"791\" data-end=\"850\">The Aesthetic of the Authentic: What Is the Ca\u00f1\u00ed Sound?<\/h2>\n<p data-start=\"852\" data-end=\"1095\">Forget perfect technique for a second. The ca\u00f1\u00ed sound is about something else: emotional truth. If academic flamenco is a perfectly painted portrait, ca\u00f1\u00ed is the raw brushstroke \u2014 messy, but full of feeling. It\u2019s bare art, nothing superfluous.<\/p>\n<p data-start=\"1097\" data-end=\"1380\">You hear it in the <em data-start=\"1116\" data-end=\"1124\">afill\u00e1<\/em> voice, that raspy tone that seems to tear with every lament. You feel it in the guitar\u2019s <em data-start=\"1214\" data-end=\"1225\">soniquete<\/em> \u2014 that groove that makes you move \u2014 and in the punch of the <em data-start=\"1286\" data-end=\"1295\">alzap\u00faa<\/em>, a sound that\u2019s part party, part battle. In short: it\u2019s brutal honesty turned music.<\/p>\n<p data-start=\"1097\" data-end=\"1380\"><img loading=\"lazy\" decoding=\"async\" class=\"aligncenter wp-image-1199 size-large\" src=\"https:\/\/flamencomadrid.com\/wp-content\/uploads\/2025\/08\/flamencomadrid_guitarra_optimizada-1024x683.jpg\" alt=\"Manos marcadas tocando una guitarra flamenca gastada, reflejo de la est\u00e9tica cruda del sonido ca\u00f1\u00ed.\" width=\"900\" height=\"600\" \/><\/p>\n<h3 data-start=\"1382\" data-end=\"1451\">The Birthplace of the Toque: Where an Unmistakable Style Was Born<\/h3>\n<p data-start=\"1453\" data-end=\"1675\">This sound wasn\u2019t born in a theater. It was born in the street. To be exact, in Madrid\u2019s working-class neighborhoods, which in the 1950s and 60s became the flamenco laboratory. Conditions were tough, but talent overflowed.<\/p>\n<p data-start=\"1677\" data-end=\"2075\">It was there that whole families \u2014 like the Habichuela \u2014 found their place. Though originally from Granada, their guitar playing absorbed Madrid\u2019s flavor here. Masters like the great <strong data-start=\"1860\" data-end=\"1879\">Pepe Habichuela<\/strong>, alongside legends like <strong data-start=\"1904\" data-end=\"1915\">El Nani<\/strong> and <strong data-start=\"1920\" data-end=\"1933\">El Viej\u00edn<\/strong>, shaped a style that was instantly recognizable. It\u2019s not just legend: the famous &#8220;Ca\u00f1o Roto sound&#8221; is a true musical denomination of origin.<\/p>\n<h3 data-start=\"2077\" data-end=\"2134\">From Tablao to the Charts: The Evolution of a Feeling<\/h3>\n<p data-start=\"2136\" data-end=\"2346\">A sound this powerful couldn\u2019t stay in one neighborhood. In the 70s and 80s, it exploded and hit the airwaves across Spain. Streetwise, electric rumba became the soundtrack of a generation with stories to tell.<\/p>\n<p data-start=\"2348\" data-end=\"2646\">Groups like <strong data-start=\"2360\" data-end=\"2375\">Los Chichos<\/strong> and <strong data-start=\"2380\" data-end=\"2398\">Los Chunguitos<\/strong> gave voice to street life with raw authenticity. But it was perhaps <strong data-start=\"2467\" data-end=\"2481\">Las Grecas<\/strong> who nailed it: they mixed ca\u00f1\u00ed rage with rock guitars and created anthems like <em data-start=\"2561\" data-end=\"2590\">&#8220;Te estoy amando locamente&#8221;<\/em>. It was pure flamenco \u2014 and all of Spain understood it.<\/p>\n<p data-start=\"2348\" data-end=\"2646\"><img loading=\"lazy\" decoding=\"async\" class=\"aligncenter wp-image-1205 size-large\" src=\"https:\/\/flamencomadrid.com\/wp-content\/uploads\/2025\/08\/radio_rumba_cani_optimizada-1024x683.jpg\" alt=\"Radio antigua sobre una mesa de cocina junto a un cassette titulado &quot;Rumba Ca\u00f1\u00ed&quot;, evocando la banda sonora callejera del flamenco en los a\u00f1os 70.\" width=\"900\" height=\"600\" \/><\/p>\n<h2 data-start=\"2648\" data-end=\"2696\">The Echo of the Ca\u00f1\u00ed Sound in Today\u2019s Madrid<\/h2>\n<p data-start=\"2698\" data-end=\"2877\">In the end, that\u2019s the lesson of the ca\u00f1\u00ed sound: the deepest art comes from truth, not perfection. And that root, planted decades ago in Madrid\u2019s barrios, still bears fruit today.<\/p>\n<p data-start=\"160\" data-end=\"355\">That same pursuit of raw emotion is what defines the experience in the best tablaos. You\u2019ll find it in the power of a bailaor in a cutting-edge venue like <a href=\"https:\/\/flamencomadrid.com\/en\/best-6-flamenco-shows-madrid\/\"><strong>the ones we recommend at FlamencoMadrid.<\/strong><\/a><\/p>\n<p data-start=\"357\" data-end=\"513\">Because flamenco, in the end, always returns to the same place: that <em data-start=\"426\" data-end=\"436\">pellizco<\/em>, that visceral truth that reminds us this art is not performed \u2014 it\u2019s lived.<\/p>\n<p><\/p>","protected":false},"excerpt":{"rendered":"There are words in flamenco that feel more like a jolt than a definition. You won\u2019t find them in a dictionary \u2014 you feel them in your chest. We\u2019re talking about duende, about pellizco&#8230; and in Madrid, above all, we talk about ca\u00f1\u00ed. But don\u2019t let its simplicity fool you: this word is much more&#8230;","protected":false},"author":6,"featured_media":1196,"comment_status":"open","ping_status":"open","sticky":false,"template":"","format":"standard","meta":{"_acf_changed":false,"footnotes":""},"categories":[13],"tags":[],"class_list":["post-1195","post","type-post","status-publish","format-standard","has-post-thumbnail","hentry","category-curiosidades-flamencas"],"acf":[],"yoast_head":"<!-- This site is optimized with the Yoast SEO plugin v27.4 - https:\/\/yoast.com\/product\/yoast-seo-wordpress\/ -->\n<title>The Ca\u00f1\u00ed Sound - Flamenco Madrid<\/title>\n<meta name=\"description\" content=\"Discover the raw soul of flamenco with the ca\u00f1\u00ed sound \u2014 from Ca\u00f1o Roto to Madrid\u2019s tablaos, a story of grit, duende, and truth.\" \/>\n<meta name=\"robots\" content=\"index, follow, max-snippet:-1, max-image-preview:large, max-video-preview:-1\" \/>\n<link rel=\"canonical\" href=\"\/\" \/>\n<meta property=\"og:locale\" content=\"en_US\" \/>\n<meta property=\"og:type\" content=\"article\" \/>\n<meta property=\"og:title\" content=\"The Ca\u00f1\u00ed Sound - Flamenco Madrid\" \/>\n<meta property=\"og:description\" content=\"Discover the raw soul of flamenco with the ca\u00f1\u00ed sound \u2014 from Ca\u00f1o Roto to Madrid\u2019s tablaos, a story of grit, duende, and truth.\" \/>\n<meta property=\"og:url\" content=\"https:\/\/flamencomadrid.com\/en\/sonido-cani\/\" \/>\n<meta property=\"og:site_name\" content=\"Flamenco Madrid\" \/>\n<meta property=\"article:published_time\" content=\"2025-08-04T15:35:26+00:00\" \/>\n<meta property=\"og:image\" content=\"https:\/\/flamencomadrid.com\/wp-content\/uploads\/2025\/07\/el_sonido_cani_optimizada.jpg\" \/>\n\t<meta property=\"og:image:width\" content=\"1536\" \/>\n\t<meta property=\"og:image:height\" content=\"1024\" \/>\n\t<meta property=\"og:image:type\" content=\"image\/jpeg\" \/>\n<meta name=\"author\" content=\"Miguel Blanco\" \/>\n<meta name=\"twitter:card\" content=\"summary_large_image\" \/>\n<meta name=\"twitter:label1\" content=\"Written by\" \/>\n\t<meta name=\"twitter:data1\" content=\"Miguel Blanco\" \/>\n\t<meta name=\"twitter:label2\" content=\"Est. reading time\" \/>\n\t<meta name=\"twitter:data2\" content=\"4 minutes\" \/>\n<script type=\"application\/ld+json\" class=\"yoast-schema-graph\">{\"@context\":\"https:\\\/\\\/schema.org\",\"@graph\":[{\"@type\":\"Article\",\"@id\":\"https:\\\/\\\/flamencomadrid.com\\\/es\\\/sonido-cani\\\/#article\",\"isPartOf\":{\"@id\":\"https:\\\/\\\/flamencomadrid.com\\\/es\\\/sonido-cani\\\/\"},\"author\":{\"name\":\"Miguel Blanco\",\"@id\":\"https:\\\/\\\/flamencomadrid.com\\\/es\\\/#\\\/schema\\\/person\\\/e60bef1612b66bdb46e0d88400bfab7e\"},\"headline\":\"The Ca\u00f1\u00ed Sound\",\"datePublished\":\"2025-08-04T15:35:26+00:00\",\"mainEntityOfPage\":{\"@id\":\"https:\\\/\\\/flamencomadrid.com\\\/es\\\/sonido-cani\\\/\"},\"wordCount\":2274,\"commentCount\":0,\"image\":{\"@id\":\"https:\\\/\\\/flamencomadrid.com\\\/es\\\/sonido-cani\\\/#primaryimage\"},\"thumbnailUrl\":\"https:\\\/\\\/flamencomadrid.com\\\/wp-content\\\/uploads\\\/2025\\\/07\\\/el_sonido_cani_optimizada.jpg\",\"articleSection\":[\"Curiosidades Flamencas\"],\"inLanguage\":\"en-US\",\"potentialAction\":[{\"@type\":\"CommentAction\",\"name\":\"Comment\",\"target\":[\"https:\\\/\\\/flamencomadrid.com\\\/es\\\/sonido-cani\\\/#respond\"]}]},{\"@type\":\"WebPage\",\"@id\":\"https:\\\/\\\/flamencomadrid.com\\\/en\\\/sonido-cani\\\/\",\"url\":\"https:\\\/\\\/flamencomadrid.com\\\/en\\\/sonido-cani\\\/\",\"name\":\"The Ca\u00f1\u00ed Sound - Flamenco Madrid\",\"isPartOf\":{\"@id\":\"https:\\\/\\\/flamencomadrid.com\\\/en\\\/#website\"},\"primaryImageOfPage\":{\"@id\":\"https:\\\/\\\/flamencomadrid.com\\\/en\\\/sonido-cani\\\/#primaryimage\"},\"image\":{\"@id\":\"https:\\\/\\\/flamencomadrid.com\\\/es\\\/sonido-cani\\\/#primaryimage\"},\"thumbnailUrl\":\"https:\\\/\\\/flamencomadrid.com\\\/wp-content\\\/uploads\\\/2025\\\/07\\\/el_sonido_cani_optimizada.jpg\",\"datePublished\":\"2025-08-04T15:35:26+00:00\",\"author\":{\"@id\":\"https:\\\/\\\/flamencomadrid.com\\\/es\\\/#\\\/schema\\\/person\\\/e60bef1612b66bdb46e0d88400bfab7e\"},\"description\":\"Discover the raw soul of flamenco with the ca\u00f1\u00ed sound \u2014 from Ca\u00f1o Roto to Madrid\u2019s tablaos, a story of grit, duende, and truth.\",\"breadcrumb\":{\"@id\":\"https:\\\/\\\/flamencomadrid.com\\\/en\\\/sonido-cani\\\/#breadcrumb\"},\"inLanguage\":\"en-US\",\"potentialAction\":[{\"@type\":\"ReadAction\",\"target\":[[\"https:\\\/\\\/flamencomadrid.com\\\/en\\\/sonido-cani\\\/\"]]}]},{\"@type\":\"ImageObject\",\"inLanguage\":\"en-US\",\"@id\":\"https:\\\/\\\/flamencomadrid.com\\\/en\\\/sonido-cani\\\/#primaryimage\",\"url\":\"https:\\\/\\\/flamencomadrid.com\\\/wp-content\\\/uploads\\\/2025\\\/07\\\/el_sonido_cani_optimizada.jpg\",\"contentUrl\":\"https:\\\/\\\/flamencomadrid.com\\\/wp-content\\\/uploads\\\/2025\\\/07\\\/el_sonido_cani_optimizada.jpg\",\"width\":1536,\"height\":1024,\"caption\":\"Imagen de un Flamenco tocando y cantando en la calle de Ca\u00f1o Roto, estandarte del Sonido Ca\u00f1\u00ed\"},{\"@type\":\"BreadcrumbList\",\"@id\":\"https:\\\/\\\/flamencomadrid.com\\\/en\\\/sonido-cani\\\/#breadcrumb\",\"itemListElement\":[{\"@type\":\"ListItem\",\"position\":1,\"name\":\"Home\",\"item\":\"https:\\\/\\\/flamencomadrid.com\\\/en\\\/\"},{\"@type\":\"ListItem\",\"position\":2,\"name\":\"El &#8216;Sonido Ca\u00f1\u00ed&#8217;\"}]},{\"@type\":\"WebSite\",\"@id\":\"https:\\\/\\\/flamencomadrid.com\\\/en\\\/#website\",\"url\":\"https:\\\/\\\/flamencomadrid.com\\\/en\\\/\",\"name\":\"Flamenco Madrid\",\"description\":\"El mundo del Flamenco en el centro de Madrid\",\"potentialAction\":[{\"@type\":\"SearchAction\",\"target\":{\"@type\":\"EntryPoint\",\"urlTemplate\":\"https:\\\/\\\/flamencomadrid.com\\\/en\\\/?s={search_term_string}\"},\"query-input\":{\"@type\":\"PropertyValueSpecification\",\"valueRequired\":true,\"valueName\":\"search_term_string\"}}],\"inLanguage\":\"en-US\"},{\"@type\":\"Person\",\"@id\":\"https:\\\/\\\/flamencomadrid.com\\\/es\\\/#\\\/schema\\\/person\\\/e60bef1612b66bdb46e0d88400bfab7e\",\"name\":\"Miguel Blanco\",\"image\":{\"@type\":\"ImageObject\",\"inLanguage\":\"en-US\",\"@id\":\"https:\\\/\\\/secure.gravatar.com\\\/avatar\\\/359874fd676a9bfbf3a5d62f8bb888a22a657034662dd62c3669b5e7274a1365?s=96&d=mm&r=g\",\"url\":\"https:\\\/\\\/secure.gravatar.com\\\/avatar\\\/359874fd676a9bfbf3a5d62f8bb888a22a657034662dd62c3669b5e7274a1365?s=96&d=mm&r=g\",\"contentUrl\":\"https:\\\/\\\/secure.gravatar.com\\\/avatar\\\/359874fd676a9bfbf3a5d62f8bb888a22a657034662dd62c3669b5e7274a1365?s=96&d=mm&r=g\",\"caption\":\"Miguel Blanco\"}}]}<\/script>\n<!-- \/ Yoast SEO plugin. -->","yoast_head_json":{"title":"The Ca\u00f1\u00ed Sound - Flamenco Madrid","description":"Discover the raw soul of flamenco with the ca\u00f1\u00ed sound \u2014 from Ca\u00f1o Roto to Madrid\u2019s tablaos, a story of grit, duende, and truth.","robots":{"index":"index","follow":"follow","max-snippet":"max-snippet:-1","max-image-preview":"max-image-preview:large","max-video-preview":"max-video-preview:-1"},"canonical":"\/","og_locale":"en_US","og_type":"article","og_title":"The Ca\u00f1\u00ed Sound - Flamenco Madrid","og_description":"Discover the raw soul of flamenco with the ca\u00f1\u00ed sound \u2014 from Ca\u00f1o Roto to Madrid\u2019s tablaos, a story of grit, duende, and truth.","og_url":"https:\/\/flamencomadrid.com\/en\/sonido-cani\/","og_site_name":"Flamenco Madrid","article_published_time":"2025-08-04T15:35:26+00:00","og_image":[{"width":1536,"height":1024,"url":"https:\/\/flamencomadrid.com\/wp-content\/uploads\/2025\/07\/el_sonido_cani_optimizada.jpg","type":"image\/jpeg"}],"author":"Miguel Blanco","twitter_card":"summary_large_image","twitter_misc":{"Written by":"Miguel Blanco","Est. reading time":"4 minutes"},"schema":{"@context":"https:\/\/schema.org","@graph":[{"@type":"Article","@id":"https:\/\/flamencomadrid.com\/es\/sonido-cani\/#article","isPartOf":{"@id":"https:\/\/flamencomadrid.com\/es\/sonido-cani\/"},"author":{"name":"Miguel Blanco","@id":"https:\/\/flamencomadrid.com\/es\/#\/schema\/person\/e60bef1612b66bdb46e0d88400bfab7e"},"headline":"The Ca\u00f1\u00ed Sound","datePublished":"2025-08-04T15:35:26+00:00","mainEntityOfPage":{"@id":"https:\/\/flamencomadrid.com\/es\/sonido-cani\/"},"wordCount":2274,"commentCount":0,"image":{"@id":"https:\/\/flamencomadrid.com\/es\/sonido-cani\/#primaryimage"},"thumbnailUrl":"https:\/\/flamencomadrid.com\/wp-content\/uploads\/2025\/07\/el_sonido_cani_optimizada.jpg","articleSection":["Curiosidades Flamencas"],"inLanguage":"en-US","potentialAction":[{"@type":"CommentAction","name":"Comment","target":["https:\/\/flamencomadrid.com\/es\/sonido-cani\/#respond"]}]},{"@type":"WebPage","@id":"https:\/\/flamencomadrid.com\/en\/sonido-cani\/","url":"https:\/\/flamencomadrid.com\/en\/sonido-cani\/","name":"The Ca\u00f1\u00ed Sound - Flamenco Madrid","isPartOf":{"@id":"https:\/\/flamencomadrid.com\/en\/#website"},"primaryImageOfPage":{"@id":"https:\/\/flamencomadrid.com\/en\/sonido-cani\/#primaryimage"},"image":{"@id":"https:\/\/flamencomadrid.com\/es\/sonido-cani\/#primaryimage"},"thumbnailUrl":"https:\/\/flamencomadrid.com\/wp-content\/uploads\/2025\/07\/el_sonido_cani_optimizada.jpg","datePublished":"2025-08-04T15:35:26+00:00","author":{"@id":"https:\/\/flamencomadrid.com\/es\/#\/schema\/person\/e60bef1612b66bdb46e0d88400bfab7e"},"description":"Discover the raw soul of flamenco with the ca\u00f1\u00ed sound \u2014 from Ca\u00f1o Roto to Madrid\u2019s tablaos, a story of grit, duende, and truth.","breadcrumb":{"@id":"https:\/\/flamencomadrid.com\/en\/sonido-cani\/#breadcrumb"},"inLanguage":"en-US","potentialAction":[{"@type":"ReadAction","target":[["https:\/\/flamencomadrid.com\/en\/sonido-cani\/"]]}]},{"@type":"ImageObject","inLanguage":"en-US","@id":"https:\/\/flamencomadrid.com\/en\/sonido-cani\/#primaryimage","url":"https:\/\/flamencomadrid.com\/wp-content\/uploads\/2025\/07\/el_sonido_cani_optimizada.jpg","contentUrl":"https:\/\/flamencomadrid.com\/wp-content\/uploads\/2025\/07\/el_sonido_cani_optimizada.jpg","width":1536,"height":1024,"caption":"Imagen de un Flamenco tocando y cantando en la calle de Ca\u00f1o Roto, estandarte del Sonido Ca\u00f1\u00ed"},{"@type":"BreadcrumbList","@id":"https:\/\/flamencomadrid.com\/en\/sonido-cani\/#breadcrumb","itemListElement":[{"@type":"ListItem","position":1,"name":"Home","item":"https:\/\/flamencomadrid.com\/en\/"},{"@type":"ListItem","position":2,"name":"El &#8216;Sonido Ca\u00f1\u00ed&#8217;"}]},{"@type":"WebSite","@id":"https:\/\/flamencomadrid.com\/en\/#website","url":"https:\/\/flamencomadrid.com\/en\/","name":"Flamenco Madrid","description":"El mundo del Flamenco en el centro de Madrid","potentialAction":[{"@type":"SearchAction","target":{"@type":"EntryPoint","urlTemplate":"https:\/\/flamencomadrid.com\/en\/?s={search_term_string}"},"query-input":{"@type":"PropertyValueSpecification","valueRequired":true,"valueName":"search_term_string"}}],"inLanguage":"en-US"},{"@type":"Person","@id":"https:\/\/flamencomadrid.com\/es\/#\/schema\/person\/e60bef1612b66bdb46e0d88400bfab7e","name":"Miguel Blanco","image":{"@type":"ImageObject","inLanguage":"en-US","@id":"https:\/\/secure.gravatar.com\/avatar\/359874fd676a9bfbf3a5d62f8bb888a22a657034662dd62c3669b5e7274a1365?s=96&d=mm&r=g","url":"https:\/\/secure.gravatar.com\/avatar\/359874fd676a9bfbf3a5d62f8bb888a22a657034662dd62c3669b5e7274a1365?s=96&d=mm&r=g","contentUrl":"https:\/\/secure.gravatar.com\/avatar\/359874fd676a9bfbf3a5d62f8bb888a22a657034662dd62c3669b5e7274a1365?s=96&d=mm&r=g","caption":"Miguel Blanco"}}]}},"_links":{"self":[{"href":"https:\/\/flamencomadrid.com\/en\/wp-json\/wp\/v2\/posts\/1195","targetHints":{"allow":["GET"]}}],"collection":[{"href":"https:\/\/flamencomadrid.com\/en\/wp-json\/wp\/v2\/posts"}],"about":[{"href":"https:\/\/flamencomadrid.com\/en\/wp-json\/wp\/v2\/types\/post"}],"author":[{"embeddable":true,"href":"https:\/\/flamencomadrid.com\/en\/wp-json\/wp\/v2\/users\/6"}],"replies":[{"embeddable":true,"href":"https:\/\/flamencomadrid.com\/en\/wp-json\/wp\/v2\/comments?post=1195"}],"version-history":[{"count":9,"href":"https:\/\/flamencomadrid.com\/en\/wp-json\/wp\/v2\/posts\/1195\/revisions"}],"predecessor-version":[{"id":1248,"href":"https:\/\/flamencomadrid.com\/en\/wp-json\/wp\/v2\/posts\/1195\/revisions\/1248"}],"wp:featuredmedia":[{"embeddable":true,"href":"https:\/\/flamencomadrid.com\/en\/wp-json\/wp\/v2\/media\/1196"}],"wp:attachment":[{"href":"https:\/\/flamencomadrid.com\/en\/wp-json\/wp\/v2\/media?parent=1195"}],"wp:term":[{"taxonomy":"category","embeddable":true,"href":"https:\/\/flamencomadrid.com\/en\/wp-json\/wp\/v2\/categories?post=1195"},{"taxonomy":"post_tag","embeddable":true,"href":"https:\/\/flamencomadrid.com\/en\/wp-json\/wp\/v2\/tags?post=1195"}],"curies":[{"name":"wp","href":"https:\/\/api.w.org\/{rel}","templated":true}]}}