{"id":1125,"date":"2025-06-25T19:10:26","date_gmt":"2025-06-25T17:10:26","guid":{"rendered":"https:\/\/flamencomadrid.com\/es\/?p=1125"},"modified":"2025-06-25T20:01:38","modified_gmt":"2025-06-25T18:01:38","slug":"el-madrid-de-los-cafes-cantantes-noches-de-juerga-y-quejio","status":"publish","type":"post","link":"https:\/\/flamencomadrid.com\/en\/the-cafes-cantantes\/","title":{"rendered":"The Madrid of the Caf\u00e9s Cantantes: Nights of Revelry and Quej\u00edo"},"content":{"rendered":"<p><\/p>\n<p data-start=\"145\" data-end=\"568\">Imagine closing your eyes and traveling to Madrid at the end of the 19th century. The streets smell of gas, horses clatter by, and as night falls, a new, haunting music begins to echo from venues that are shaking up the city: the <strong data-start=\"375\" data-end=\"394\">Caf\u00e9s Cantantes<\/strong>. Oh, my friend! These weren\u2019t just any bars. They were the epicenter of modernity, of bohemia \u2014 and the first major stage where <strong data-start=\"523\" data-end=\"535\">flamenco<\/strong> planted its flag in the capital!<\/p>\n<p data-start=\"570\" data-end=\"920\">Although its deep roots (<em data-start=\"595\" data-end=\"603\">jondas<\/em>) are in the south, it was here, in the bustle of Madrid, that flamenco became professional, refined, and conquered both locals and outsiders. On flamenco-madrid.com, we invite you to sneak into those legendary nights and discover the <strong data-start=\"838\" data-end=\"880\">golden age of Madrid\u2019s caf\u00e9s cantantes<\/strong>. Grab an imaginary drink \u2014 let\u2019s begin!<\/p>\n<h2 data-start=\"922\" data-end=\"994\">Coffee, Wine\u2026 and Flamenco? That\u2019s What Those Night Temples Were Like<\/h2>\n<p data-start=\"996\" data-end=\"1295\">Forget the intimate tablao of today. The caf\u00e9s cantantes were huge! Lavishly decorated halls, sometimes a bit decadent, full of mirrors, velvet, and smoke. The plan? A long night with a bit of everything: cupl\u00e9 singers, comedy acts, regional dances\u2026 and more and more, the rising star: <strong data-start=\"1282\" data-end=\"1294\">flamenco<\/strong>.<\/p>\n<p data-start=\"1297\" data-end=\"1603\">All of Madrid came together there: young gentlemen chasing thrills, intellectuals and artists fascinated by this \u201cauthentic\u201d art, and working-class folks who found echoes of their joys and sorrows. What a vibe that must\u2019ve been! Amid palms, drinks, and the occasional scandal, flamenco grew at giant steps.<\/p>\n<p data-start=\"1297\" data-end=\"1603\"><img loading=\"lazy\" decoding=\"async\" class=\"aligncenter wp-image-1129 size-large\" src=\"https:\/\/flamencomadrid.com\/wp-content\/uploads\/2025\/06\/cafe_suizo_madrid_ca-1873-1024x745.jpeg\" alt=\"Dibujo (alegor\u00eda del Madrid de la segunda mitad del siglo XIX) con varios tipos castizos ante el Cafe Suizo, con un cartel de la proclamaci\u00f3n de la Rep\u00fablica Federal.\" width=\"900\" height=\"655\" \/><\/p>\n<h2 data-start=\"159\" data-end=\"210\">Madrid: The Irresistible Magnet for Southern Art<\/h2>\n<p data-start=\"212\" data-end=\"321\">So why did Madrid become the Mecca of caf\u00e9s cantantes and flamenco? Because Madrid was (and still is) Madrid.<\/p>\n<p data-start=\"323\" data-end=\"669\">It Was the Capital: The center of money, politics, culture\u2026 and nightlife!<br data-start=\"397\" data-end=\"400\" \/>Hungry for New Shows: Madrile\u00f1os have always been curious and open to new performances.<br data-start=\"487\" data-end=\"490\" \/>The Dream of Success: For a cantaor, bailaora or guitarist from the south, succeeding in Madrid meant fame \u2014 and the chance to live off their art. Everyone wanted their shot here!<\/p>\n<p data-start=\"671\" data-end=\"911\">Names like Caf\u00e9 de Silverio (yes, Silverio was from Seville, but he organized top-notch parties here!), Caf\u00e9 de Chinitas (not the one in M\u00e1laga!), El Gato, Barbieri&#8230; became legendary. Their posters featured the greatest stars of the time.<\/p>\n<h3 data-start=\"913\" data-end=\"961\">Figures Who Became Giants Within Those Walls<\/h3>\n<p data-start=\"963\" data-end=\"1333\">Just imagine who passed through! On those stages, masters were crowned: Don Antonio Chac\u00f3n with his refined singing style; the one-and-only Pastora Pav\u00f3n &#8220;Ni\u00f1a de los Peines&#8221;, who could sing anything and do it brilliantly; the powerful spirit of Manuel Torre\u2026 They were the first true \u201cprofessionals\u201d of flamenco \u2014 the ones who shaped the styles and laid the foundation.<\/p>\n<p data-start=\"963\" data-end=\"1333\"><img loading=\"lazy\" decoding=\"async\" class=\"aligncenter wp-image-1126 size-large\" src=\"https:\/\/flamencomadrid.com\/wp-content\/uploads\/2025\/06\/oleo-de-un-cafe-cantante-de-lorca-1024x630.jpeg\" alt=\"El vibrante ambiente de un caf\u00e9 cantante en el Madrid del siglo XIX.\" width=\"900\" height=\"554\" \/><\/p>\n<h2 data-start=\"168\" data-end=\"230\">What Did the Caf\u00e9s Cantantes Leave Us (Besides a Hangover)?<\/h2>\n<p data-start=\"232\" data-end=\"259\">So much! They were crucial:<\/p>\n<ul data-start=\"261\" data-end=\"775\">\n<li data-start=\"261\" data-end=\"396\">\n<p data-start=\"263\" data-end=\"396\"><strong data-start=\"263\" data-end=\"287\">Professionalization:<\/strong> No more singing just for the love of art! Artists started getting contracts and making a living from this.<\/p>\n<\/li>\n<li data-start=\"397\" data-end=\"544\">\n<p data-start=\"399\" data-end=\"544\"><strong data-start=\"399\" data-end=\"423\">Definition of Palos:<\/strong> With so much performing, the songs and dances were refined, shaping structures that today are the basis of many palos.<\/p>\n<\/li>\n<li data-start=\"545\" data-end=\"665\">\n<p data-start=\"547\" data-end=\"665\"><strong data-start=\"547\" data-end=\"574\">Flamenco for Everyone!:<\/strong> It was brought out of private parties and into the hands of a huge and diverse audience.<\/p>\n<\/li>\n<li data-start=\"666\" data-end=\"775\">\n<p data-start=\"668\" data-end=\"775\"><strong data-start=\"668\" data-end=\"709\">Healthy (and Not So Healthy) Rivalry:<\/strong> Competition between artists and venues pushed the level sky-high.<\/p>\n<\/li>\n<\/ul>\n<h2 data-start=\"777\" data-end=\"829\">The End of an Era&#8230; or the Beginning of Another?<\/h2>\n<p data-start=\"831\" data-end=\"1106\">Like everything, the caf\u00e9 cantante trend faded. Then came the era of the \u201c\u00d3pera Flamenca\u201d and later, the more intimate format of today\u2019s tablaos.<br data-start=\"976\" data-end=\"979\" \/>But the spirit of those pioneering venues \u2014 that mix of art, revelry, and passion \u2014 still floats in the flamenco air of Madrid.<\/p>\n<p data-start=\"1108\" data-end=\"1293\">So next time you sit in a good Madrid tablao and feel that close connection with the artist, remember:<br data-start=\"1210\" data-end=\"1213\" \/>you owe part of that magic to those loud, legendary caf\u00e9s cantantes of the past.<\/p>\n<p><\/p>","protected":false},"excerpt":{"rendered":"Imagine closing your eyes and traveling to Madrid at the end of the 19th century. The streets smell of gas, horses clatter by, and as night falls, a new, haunting music begins to echo from venues that are shaking up the city: the Caf\u00e9s Cantantes. Oh, my friend! These weren\u2019t just any bars. They were&#8230;","protected":false},"author":6,"featured_media":1131,"comment_status":"open","ping_status":"open","sticky":false,"template":"","format":"standard","meta":{"_acf_changed":false,"footnotes":""},"categories":[13],"tags":[],"class_list":["post-1125","post","type-post","status-publish","format-standard","has-post-thumbnail","hentry","category-curiosidades-flamencas"],"acf":[],"yoast_head":"<!-- This site is optimized with the Yoast SEO plugin v27.4 - https:\/\/yoast.com\/product\/yoast-seo-wordpress\/ -->\n<title>The Madrid of the Caf\u00e9s Cantantes: Nights of Revelry and Quej\u00edo - Flamenco Madrid<\/title>\n<meta name=\"description\" content=\"Discover the legacy of Madrid\u2019s caf\u00e9s cantantes: birthplace of professional flamenco, stage of legends, and the roots of the art as we know it today.\" \/>\n<meta name=\"robots\" content=\"index, follow, max-snippet:-1, max-image-preview:large, max-video-preview:-1\" \/>\n<link rel=\"canonical\" href=\"\/\" \/>\n<meta property=\"og:locale\" content=\"en_US\" \/>\n<meta property=\"og:type\" content=\"article\" \/>\n<meta property=\"og:title\" content=\"The Madrid of the Caf\u00e9s Cantantes: Nights of Revelry and Quej\u00edo - Flamenco Madrid\" \/>\n<meta property=\"og:description\" content=\"Discover the legacy of Madrid\u2019s caf\u00e9s cantantes: birthplace of professional flamenco, stage of legends, and the roots of the art as we know it today.\" \/>\n<meta property=\"og:url\" content=\"https:\/\/flamencomadrid.com\/en\/los-cafes-cantantes\/\" \/>\n<meta property=\"og:site_name\" content=\"Flamenco Madrid\" \/>\n<meta property=\"article:published_time\" content=\"2025-06-25T17:10:26+00:00\" \/>\n<meta property=\"article:modified_time\" content=\"2025-06-25T18:01:38+00:00\" \/>\n<meta property=\"og:image\" content=\"https:\/\/flamencomadrid.com\/wp-content\/uploads\/2025\/06\/cafe-cantante-3.jpg\" \/>\n\t<meta property=\"og:image:width\" content=\"601\" \/>\n\t<meta property=\"og:image:height\" content=\"410\" \/>\n\t<meta property=\"og:image:type\" content=\"image\/jpeg\" \/>\n<meta name=\"author\" content=\"Miguel Blanco\" \/>\n<meta name=\"twitter:card\" content=\"summary_large_image\" \/>\n<meta name=\"twitter:label1\" content=\"Written by\" \/>\n\t<meta name=\"twitter:data1\" content=\"Miguel Blanco\" \/>\n\t<meta name=\"twitter:label2\" content=\"Est. reading time\" \/>\n\t<meta name=\"twitter:data2\" content=\"4 minutes\" \/>\n<script type=\"application\/ld+json\" class=\"yoast-schema-graph\">{\"@context\":\"https:\\\/\\\/schema.org\",\"@graph\":[{\"@type\":\"Article\",\"@id\":\"https:\\\/\\\/flamencomadrid.com\\\/es\\\/los-cafes-cantantes\\\/#article\",\"isPartOf\":{\"@id\":\"https:\\\/\\\/flamencomadrid.com\\\/es\\\/los-cafes-cantantes\\\/\"},\"author\":{\"name\":\"Miguel Blanco\",\"@id\":\"https:\\\/\\\/flamencomadrid.com\\\/es\\\/#\\\/schema\\\/person\\\/e60bef1612b66bdb46e0d88400bfab7e\"},\"headline\":\"The Madrid of the Caf\u00e9s Cantantes: Nights of Revelry and Quej\u00edo\",\"datePublished\":\"2025-06-25T17:10:26+00:00\",\"dateModified\":\"2025-06-25T18:01:38+00:00\",\"mainEntityOfPage\":{\"@id\":\"https:\\\/\\\/flamencomadrid.com\\\/es\\\/los-cafes-cantantes\\\/\"},\"wordCount\":2716,\"commentCount\":0,\"image\":{\"@id\":\"https:\\\/\\\/flamencomadrid.com\\\/es\\\/los-cafes-cantantes\\\/#primaryimage\"},\"thumbnailUrl\":\"https:\\\/\\\/flamencomadrid.com\\\/wp-content\\\/uploads\\\/2025\\\/06\\\/cafe-cantante-3.jpg\",\"articleSection\":[\"Curiosidades Flamencas\"],\"inLanguage\":\"en-US\",\"potentialAction\":[{\"@type\":\"CommentAction\",\"name\":\"Comment\",\"target\":[\"https:\\\/\\\/flamencomadrid.com\\\/es\\\/los-cafes-cantantes\\\/#respond\"]}]},{\"@type\":\"WebPage\",\"@id\":\"https:\\\/\\\/flamencomadrid.com\\\/en\\\/los-cafes-cantantes\\\/\",\"url\":\"https:\\\/\\\/flamencomadrid.com\\\/en\\\/los-cafes-cantantes\\\/\",\"name\":\"The Madrid of the Caf\u00e9s Cantantes: Nights of Revelry and Quej\u00edo - Flamenco Madrid\",\"isPartOf\":{\"@id\":\"https:\\\/\\\/flamencomadrid.com\\\/en\\\/#website\"},\"primaryImageOfPage\":{\"@id\":\"https:\\\/\\\/flamencomadrid.com\\\/en\\\/los-cafes-cantantes\\\/#primaryimage\"},\"image\":{\"@id\":\"https:\\\/\\\/flamencomadrid.com\\\/es\\\/los-cafes-cantantes\\\/#primaryimage\"},\"thumbnailUrl\":\"https:\\\/\\\/flamencomadrid.com\\\/wp-content\\\/uploads\\\/2025\\\/06\\\/cafe-cantante-3.jpg\",\"datePublished\":\"2025-06-25T17:10:26+00:00\",\"dateModified\":\"2025-06-25T18:01:38+00:00\",\"author\":{\"@id\":\"https:\\\/\\\/flamencomadrid.com\\\/es\\\/#\\\/schema\\\/person\\\/e60bef1612b66bdb46e0d88400bfab7e\"},\"description\":\"Discover the legacy of Madrid\u2019s caf\u00e9s cantantes: birthplace of professional flamenco, stage of legends, and the roots of the art as we know it today.\",\"breadcrumb\":{\"@id\":\"https:\\\/\\\/flamencomadrid.com\\\/en\\\/los-cafes-cantantes\\\/#breadcrumb\"},\"inLanguage\":\"en-US\",\"potentialAction\":[{\"@type\":\"ReadAction\",\"target\":[[\"https:\\\/\\\/flamencomadrid.com\\\/en\\\/los-cafes-cantantes\\\/\"]]}]},{\"@type\":\"ImageObject\",\"inLanguage\":\"en-US\",\"@id\":\"https:\\\/\\\/flamencomadrid.com\\\/en\\\/los-cafes-cantantes\\\/#primaryimage\",\"url\":\"https:\\\/\\\/flamencomadrid.com\\\/wp-content\\\/uploads\\\/2025\\\/06\\\/cafe-cantante-3.jpg\",\"contentUrl\":\"https:\\\/\\\/flamencomadrid.com\\\/wp-content\\\/uploads\\\/2025\\\/06\\\/cafe-cantante-3.jpg\",\"width\":601,\"height\":410},{\"@type\":\"BreadcrumbList\",\"@id\":\"https:\\\/\\\/flamencomadrid.com\\\/en\\\/los-cafes-cantantes\\\/#breadcrumb\",\"itemListElement\":[{\"@type\":\"ListItem\",\"position\":1,\"name\":\"Home\",\"item\":\"https:\\\/\\\/flamencomadrid.com\\\/en\\\/\"},{\"@type\":\"ListItem\",\"position\":2,\"name\":\"El Madrid de los Caf\u00e9s Cantantes: Noches de Juerga y Quej\u00edo\"}]},{\"@type\":\"WebSite\",\"@id\":\"https:\\\/\\\/flamencomadrid.com\\\/en\\\/#website\",\"url\":\"https:\\\/\\\/flamencomadrid.com\\\/en\\\/\",\"name\":\"Flamenco Madrid\",\"description\":\"El mundo del Flamenco en el centro de Madrid\",\"potentialAction\":[{\"@type\":\"SearchAction\",\"target\":{\"@type\":\"EntryPoint\",\"urlTemplate\":\"https:\\\/\\\/flamencomadrid.com\\\/en\\\/?s={search_term_string}\"},\"query-input\":{\"@type\":\"PropertyValueSpecification\",\"valueRequired\":true,\"valueName\":\"search_term_string\"}}],\"inLanguage\":\"en-US\"},{\"@type\":\"Person\",\"@id\":\"https:\\\/\\\/flamencomadrid.com\\\/es\\\/#\\\/schema\\\/person\\\/e60bef1612b66bdb46e0d88400bfab7e\",\"name\":\"Miguel Blanco\",\"image\":{\"@type\":\"ImageObject\",\"inLanguage\":\"en-US\",\"@id\":\"https:\\\/\\\/secure.gravatar.com\\\/avatar\\\/359874fd676a9bfbf3a5d62f8bb888a22a657034662dd62c3669b5e7274a1365?s=96&d=mm&r=g\",\"url\":\"https:\\\/\\\/secure.gravatar.com\\\/avatar\\\/359874fd676a9bfbf3a5d62f8bb888a22a657034662dd62c3669b5e7274a1365?s=96&d=mm&r=g\",\"contentUrl\":\"https:\\\/\\\/secure.gravatar.com\\\/avatar\\\/359874fd676a9bfbf3a5d62f8bb888a22a657034662dd62c3669b5e7274a1365?s=96&d=mm&r=g\",\"caption\":\"Miguel Blanco\"}}]}<\/script>\n<!-- \/ Yoast SEO plugin. -->","yoast_head_json":{"title":"The Madrid of the Caf\u00e9s Cantantes: Nights of Revelry and Quej\u00edo - Flamenco Madrid","description":"Discover the legacy of Madrid\u2019s caf\u00e9s cantantes: birthplace of professional flamenco, stage of legends, and the roots of the art as we know it today.","robots":{"index":"index","follow":"follow","max-snippet":"max-snippet:-1","max-image-preview":"max-image-preview:large","max-video-preview":"max-video-preview:-1"},"canonical":"\/","og_locale":"en_US","og_type":"article","og_title":"The Madrid of the Caf\u00e9s Cantantes: Nights of Revelry and Quej\u00edo - Flamenco Madrid","og_description":"Discover the legacy of Madrid\u2019s caf\u00e9s cantantes: birthplace of professional flamenco, stage of legends, and the roots of the art as we know it today.","og_url":"https:\/\/flamencomadrid.com\/en\/los-cafes-cantantes\/","og_site_name":"Flamenco Madrid","article_published_time":"2025-06-25T17:10:26+00:00","article_modified_time":"2025-06-25T18:01:38+00:00","og_image":[{"width":601,"height":410,"url":"https:\/\/flamencomadrid.com\/wp-content\/uploads\/2025\/06\/cafe-cantante-3.jpg","type":"image\/jpeg"}],"author":"Miguel Blanco","twitter_card":"summary_large_image","twitter_misc":{"Written by":"Miguel Blanco","Est. reading time":"4 minutes"},"schema":{"@context":"https:\/\/schema.org","@graph":[{"@type":"Article","@id":"https:\/\/flamencomadrid.com\/es\/los-cafes-cantantes\/#article","isPartOf":{"@id":"https:\/\/flamencomadrid.com\/es\/los-cafes-cantantes\/"},"author":{"name":"Miguel Blanco","@id":"https:\/\/flamencomadrid.com\/es\/#\/schema\/person\/e60bef1612b66bdb46e0d88400bfab7e"},"headline":"The Madrid of the Caf\u00e9s Cantantes: Nights of Revelry and Quej\u00edo","datePublished":"2025-06-25T17:10:26+00:00","dateModified":"2025-06-25T18:01:38+00:00","mainEntityOfPage":{"@id":"https:\/\/flamencomadrid.com\/es\/los-cafes-cantantes\/"},"wordCount":2716,"commentCount":0,"image":{"@id":"https:\/\/flamencomadrid.com\/es\/los-cafes-cantantes\/#primaryimage"},"thumbnailUrl":"https:\/\/flamencomadrid.com\/wp-content\/uploads\/2025\/06\/cafe-cantante-3.jpg","articleSection":["Curiosidades Flamencas"],"inLanguage":"en-US","potentialAction":[{"@type":"CommentAction","name":"Comment","target":["https:\/\/flamencomadrid.com\/es\/los-cafes-cantantes\/#respond"]}]},{"@type":"WebPage","@id":"https:\/\/flamencomadrid.com\/en\/los-cafes-cantantes\/","url":"https:\/\/flamencomadrid.com\/en\/los-cafes-cantantes\/","name":"The Madrid of the Caf\u00e9s Cantantes: Nights of Revelry and Quej\u00edo - Flamenco Madrid","isPartOf":{"@id":"https:\/\/flamencomadrid.com\/en\/#website"},"primaryImageOfPage":{"@id":"https:\/\/flamencomadrid.com\/en\/los-cafes-cantantes\/#primaryimage"},"image":{"@id":"https:\/\/flamencomadrid.com\/es\/los-cafes-cantantes\/#primaryimage"},"thumbnailUrl":"https:\/\/flamencomadrid.com\/wp-content\/uploads\/2025\/06\/cafe-cantante-3.jpg","datePublished":"2025-06-25T17:10:26+00:00","dateModified":"2025-06-25T18:01:38+00:00","author":{"@id":"https:\/\/flamencomadrid.com\/es\/#\/schema\/person\/e60bef1612b66bdb46e0d88400bfab7e"},"description":"Discover the legacy of Madrid\u2019s caf\u00e9s cantantes: birthplace of professional flamenco, stage of legends, and the roots of the art as we know it today.","breadcrumb":{"@id":"https:\/\/flamencomadrid.com\/en\/los-cafes-cantantes\/#breadcrumb"},"inLanguage":"en-US","potentialAction":[{"@type":"ReadAction","target":[["https:\/\/flamencomadrid.com\/en\/los-cafes-cantantes\/"]]}]},{"@type":"ImageObject","inLanguage":"en-US","@id":"https:\/\/flamencomadrid.com\/en\/los-cafes-cantantes\/#primaryimage","url":"https:\/\/flamencomadrid.com\/wp-content\/uploads\/2025\/06\/cafe-cantante-3.jpg","contentUrl":"https:\/\/flamencomadrid.com\/wp-content\/uploads\/2025\/06\/cafe-cantante-3.jpg","width":601,"height":410},{"@type":"BreadcrumbList","@id":"https:\/\/flamencomadrid.com\/en\/los-cafes-cantantes\/#breadcrumb","itemListElement":[{"@type":"ListItem","position":1,"name":"Home","item":"https:\/\/flamencomadrid.com\/en\/"},{"@type":"ListItem","position":2,"name":"El Madrid de los Caf\u00e9s Cantantes: Noches de Juerga y Quej\u00edo"}]},{"@type":"WebSite","@id":"https:\/\/flamencomadrid.com\/en\/#website","url":"https:\/\/flamencomadrid.com\/en\/","name":"Flamenco Madrid","description":"El mundo del Flamenco en el centro de Madrid","potentialAction":[{"@type":"SearchAction","target":{"@type":"EntryPoint","urlTemplate":"https:\/\/flamencomadrid.com\/en\/?s={search_term_string}"},"query-input":{"@type":"PropertyValueSpecification","valueRequired":true,"valueName":"search_term_string"}}],"inLanguage":"en-US"},{"@type":"Person","@id":"https:\/\/flamencomadrid.com\/es\/#\/schema\/person\/e60bef1612b66bdb46e0d88400bfab7e","name":"Miguel Blanco","image":{"@type":"ImageObject","inLanguage":"en-US","@id":"https:\/\/secure.gravatar.com\/avatar\/359874fd676a9bfbf3a5d62f8bb888a22a657034662dd62c3669b5e7274a1365?s=96&d=mm&r=g","url":"https:\/\/secure.gravatar.com\/avatar\/359874fd676a9bfbf3a5d62f8bb888a22a657034662dd62c3669b5e7274a1365?s=96&d=mm&r=g","contentUrl":"https:\/\/secure.gravatar.com\/avatar\/359874fd676a9bfbf3a5d62f8bb888a22a657034662dd62c3669b5e7274a1365?s=96&d=mm&r=g","caption":"Miguel Blanco"}}]}},"_links":{"self":[{"href":"https:\/\/flamencomadrid.com\/en\/wp-json\/wp\/v2\/posts\/1125","targetHints":{"allow":["GET"]}}],"collection":[{"href":"https:\/\/flamencomadrid.com\/en\/wp-json\/wp\/v2\/posts"}],"about":[{"href":"https:\/\/flamencomadrid.com\/en\/wp-json\/wp\/v2\/types\/post"}],"author":[{"embeddable":true,"href":"https:\/\/flamencomadrid.com\/en\/wp-json\/wp\/v2\/users\/6"}],"replies":[{"embeddable":true,"href":"https:\/\/flamencomadrid.com\/en\/wp-json\/wp\/v2\/comments?post=1125"}],"version-history":[{"count":4,"href":"https:\/\/flamencomadrid.com\/en\/wp-json\/wp\/v2\/posts\/1125\/revisions"}],"predecessor-version":[{"id":1132,"href":"https:\/\/flamencomadrid.com\/en\/wp-json\/wp\/v2\/posts\/1125\/revisions\/1132"}],"wp:featuredmedia":[{"embeddable":true,"href":"https:\/\/flamencomadrid.com\/en\/wp-json\/wp\/v2\/media\/1131"}],"wp:attachment":[{"href":"https:\/\/flamencomadrid.com\/en\/wp-json\/wp\/v2\/media?parent=1125"}],"wp:term":[{"taxonomy":"category","embeddable":true,"href":"https:\/\/flamencomadrid.com\/en\/wp-json\/wp\/v2\/categories?post=1125"},{"taxonomy":"post_tag","embeddable":true,"href":"https:\/\/flamencomadrid.com\/en\/wp-json\/wp\/v2\/tags?post=1125"}],"curies":[{"name":"wp","href":"https:\/\/api.w.org\/{rel}","templated":true}]}}