{"id":1072,"date":"2025-04-21T14:32:22","date_gmt":"2025-04-21T12:32:22","guid":{"rendered":"https:\/\/flamencomadrid.com\/es\/?p=1072"},"modified":"2025-04-22T15:14:36","modified_gmt":"2025-04-22T13:14:36","slug":"ii-festival-de-la-guitarra-de-madrid-2025-cartel-de-lujo-y-homenaje-a-sabicas","status":"publish","type":"post","link":"https:\/\/flamencomadrid.com\/en\/guitar-festival-madrid-2025\/","title":{"rendered":"2nd Madrid Guitar Festival 2025: All-Star Lineup and Tribute to Sabicas"},"content":{"rendered":"<p><\/p>\n<p class=\"\" data-start=\"181\" data-end=\"648\">Madrid is getting ready to vibrate to the sound of six strings with the second edition of the Guitar Festival, an initiative by the Community of Madrid which, after the resounding success of its debut dedicated to Ram\u00f3n Montoya, returns to the Teatros del Canal from April 22 to 27, 2025. This year, the festival pays tribute to a true revolutionary \u2014 a genius from Navarre who conquered the world from New York: the unforgettable Agust\u00edn Castell\u00f3n Campos, &#8220;Sabicas&#8221;.<\/p>\n<h2 class=\"\" data-start=\"174\" data-end=\"245\">Deepening the Legacy: Parallel Activities in the Sala Negra (Free)<\/h2>\n<p data-start=\"183\" data-end=\"343\">To better understand the maestro and his context, the Sala Negra at Teatros del Canal will host three days of reflection and music with free entry:<\/p>\n<ul data-start=\"345\" data-end=\"1012\">\n<li class=\"\" data-start=\"345\" data-end=\"544\">\n<p class=\"\" data-start=\"347\" data-end=\"544\"><strong data-start=\"347\" data-end=\"372\">Tuesday 22 (6:30 PM):<\/strong> Roundtable &#8220;Sabicas. A New Sound&#8230;&#8221; with figures like Jos\u00e9 Manuel Gamboa, Serranito, and young talents such as Alejandro Hurtado. Followed by a concert by Javier Conde.<\/p>\n<\/li>\n<li class=\"\" data-start=\"545\" data-end=\"728\">\n<p class=\"\" data-start=\"547\" data-end=\"728\"><strong data-start=\"547\" data-end=\"574\">Wednesday 23 (6:30 PM):<\/strong> Talk &#8220;The Legacy of Sabicas in Madrid and New York&#8221; by the essential Jos\u00e9 Manuel Gamboa. Then, a concert by virtuoso Jer\u00f3nimo Maya with Antonio Losada.<\/p>\n<\/li>\n<li class=\"\" data-start=\"729\" data-end=\"1012\">\n<p class=\"\" data-start=\"731\" data-end=\"1012\"><strong data-start=\"731\" data-end=\"757\">Thursday 24 (6:30 PM):<\/strong> Talk &#8220;The Guitar School of Ca\u00f1o Roto&#8221; by Pablo San Nicasio, followed by a concert by Jes\u00fas de Rosario and David Cerreduela (with Israel Cerreduela and Antonio Losada), and a conversation with the legendary &#8220;El Nani&#8221;. Connection: Madrid\u2013Sabicas\u2013Ca\u00f1o Roto!<\/p>\n<\/li>\n<\/ul>\n<p><img loading=\"lazy\" decoding=\"async\" class=\"aligncenter\" src=\"https:\/\/cardamomo.ams3.digitaloceanspaces.com\/wp-content\/uploads\/2018\/10\/15114034\/cm-118-scaled.jpg\" alt=\"Sabicas, el influyente guitarrista flamenco homenajeado en Madrid.\" width=\"948\" height=\"632\" \/><\/p>\n<h2 class=\"\" data-start=\"173\" data-end=\"256\">The Galas at Sala Verde: Four Nights, Four Stars of Contemporary Flamenco Guitar<\/h2>\n<p class=\"\" data-start=\"258\" data-end=\"491\">The heart of the festival beats in the Sala Verde with four galas (tickets from \u20ac9) featuring guitarists from different generations, all of them, in some way, heirs to the legacy of Sabicas, joined by truly exceptional guest artists:<\/p>\n<ul data-start=\"493\" data-end=\"1270\">\n<li class=\"\" data-start=\"493\" data-end=\"658\">\n<p class=\"\" data-start=\"495\" data-end=\"658\"><strong data-start=\"495\" data-end=\"521\">Thursday 24 (9:00 PM):<\/strong> PACO JARANA. The veteran maestro from Seville, accompanied by Segundo Falc\u00f3n and flamenco dance icon Eva Yerbabuena (with her troupe).<\/p>\n<\/li>\n<li class=\"\" data-start=\"659\" data-end=\"882\">\n<p class=\"\" data-start=\"661\" data-end=\"882\"><strong data-start=\"661\" data-end=\"685\">Friday 25 (9:00 PM):<\/strong> DANI DE MOR\u00d3N. Overflowing creativity from one of today&#8217;s most influential guitarists, joined by the unique voice of La Tremendita and the explosive dance of Patricia Guerrero (with Los Mellis).<\/p>\n<\/li>\n<li class=\"\" data-start=\"883\" data-end=\"1083\">\n<p class=\"\" data-start=\"885\" data-end=\"1083\"><strong data-start=\"885\" data-end=\"911\">Saturday 26 (9:00 PM):<\/strong> MANUEL VALENCIA. Pure sound from Jerez. He is joined by the great Esperanza Fern\u00e1ndez, the brilliant dancer Manuel Li\u00f1\u00e1n (with Juan de la Mar\u00eda), and the Jerezan rhythm.<\/p>\n<\/li>\n<li class=\"\" data-start=\"1084\" data-end=\"1270\">\n<p class=\"\" data-start=\"1086\" data-end=\"1270\"><strong data-start=\"1086\" data-end=\"1110\">Sunday 27 (8:00 PM):<\/strong> DAVID DE ARAHAL. The young Sevillian virtuoso closes the festival with Sandra Carrasco, Madrid dancer Jos\u00e9 Maya, second guitar, percussion, and string quartet!<\/p>\n<\/li>\n<\/ul>\n<p class=\"\" data-start=\"1272\" data-end=\"1468\">As the Cultural Advisor put it, \u201cjust mentioning names like Eva Yerbabuena, La Tremendita, Esperanza Fern\u00e1ndez or Manuel Li\u00f1\u00e1n is enough to grasp the artistic depth and talent gathered in Madrid.\u201d<\/p>\n<h2 class=\"\" data-start=\"1475\" data-end=\"1515\">Madrid, Land of Guitar (and Flamenco)<\/h2>\n<p class=\"\" data-start=\"1517\" data-end=\"2015\">This festival confirms the Community of Madrid&#8217;s commitment to flamenco (recognized as Intangible Cultural Heritage last year) and to the guitar in particular. As Mariano de Paco highlights, &#8220;Madrid brings together flamenco artists from all over Spain, as its territory has nurtured its own schools and traditions&#8221; \u2014 such as the Ca\u00f1o Roto sound, also featured in the parallel activities. A fascinating connection between the legacy of masters and the new generations this festival aims to preserve.<\/p>\n<h3 class=\"\" data-start=\"150\" data-end=\"196\"><strong data-start=\"159\" data-end=\"196\">Tickets and Practical Information<\/strong><\/h3>\n<ul data-start=\"198\" data-end=\"473\">\n<li class=\"\" data-start=\"198\" data-end=\"231\">\n<p class=\"\" data-start=\"200\" data-end=\"231\"><strong data-start=\"200\" data-end=\"210\">Dates:<\/strong> April 22\u201327, 2025.<\/p>\n<\/li>\n<li class=\"\" data-start=\"232\" data-end=\"293\">\n<p class=\"\" data-start=\"234\" data-end=\"293\"><strong data-start=\"234\" data-end=\"244\">Venue:<\/strong> Teatros del Canal (Sala Verde and Sala Negra).<\/p>\n<\/li>\n<li class=\"\" data-start=\"294\" data-end=\"364\">\n<p class=\"\" data-start=\"296\" data-end=\"364\"><strong data-start=\"296\" data-end=\"326\">Gala Tickets (Sala Verde):<\/strong> From \u20ac9. <a class=\"\" href=\"#\" rel=\"noopener\" data-start=\"336\" data-end=\"362\">Buy your tickets here<\/a><\/p>\n<\/li>\n<li class=\"\" data-start=\"365\" data-end=\"429\">\n<p class=\"\" data-start=\"367\" data-end=\"429\"><strong data-start=\"367\" data-end=\"395\">Activities (Sala Negra):<\/strong> Free entry until full capacity.<\/p>\n<\/li>\n<li class=\"\" data-start=\"430\" data-end=\"473\">\n<p class=\"\" data-start=\"432\" data-end=\"473\"><strong data-start=\"432\" data-end=\"454\">Artistic Director:<\/strong> Antonio Benamargo.<\/p>\n<\/li>\n<\/ul>\n<p><a href=\"https:\/\/www.teatroscanal.com\/espectaculo\/ll-festival-de-la-guitarra-2025\/\"><img loading=\"lazy\" decoding=\"async\" class=\"aligncenter wp-image-1075 size-full\" src=\"https:\/\/flamencomadrid.com\/wp-content\/uploads\/2025\/04\/cartel-ii-festival-de-la-guitarra-comunidad-de-madrid.jpg\" alt=\"El II Festival de la Guitarra Flamenca de Madrid 2025 rinde homenaje a Sabicas en Teatros del Canal.\" width=\"1024\" height=\"512\" \/><\/a><\/p>\n<h2 class=\"\" data-start=\"613\" data-end=\"665\">Don\u2019t Miss the Great Guitar Festival in Madrid!<\/h2>\n<p class=\"\" data-start=\"666\" data-end=\"970\">The 2nd Madrid Flamenco Guitar Festival, with its tribute to Sabicas and this incredible lineup, is the must-attend flamenco event of spring 2025. A unique opportunity to enjoy, learn, and be moved by the six strings. We\u2019ll keep you updated at flamencomadrid.com. See you at the Teatros del Canal!<\/p>\n<p><\/p>","protected":false},"excerpt":{"rendered":"Madrid is getting ready to vibrate to the sound of six strings with the second edition of the Guitar Festival, an initiative by the Community of Madrid which, after the resounding success of its debut dedicated to Ram\u00f3n Montoya, returns to the Teatros del Canal from April 22 to 27, 2025. This year, the festival&#8230;","protected":false},"author":6,"featured_media":1093,"comment_status":"open","ping_status":"open","sticky":false,"template":"","format":"standard","meta":{"_acf_changed":false,"footnotes":""},"categories":[12],"tags":[],"class_list":["post-1072","post","type-post","status-publish","format-standard","has-post-thumbnail","hentry","category-proximos-shows-en-madrid"],"acf":[],"yoast_head":"<!-- This site is optimized with the Yoast SEO plugin v27.4 - https:\/\/yoast.com\/product\/yoast-seo-wordpress\/ -->\n<title>2nd Madrid Guitar Festival 2025: All-Star Lineup and Tribute to Sabicas - Flamenco Madrid<\/title>\n<meta name=\"description\" content=\"II Festival de la Guitarra de Madrid 2025 con grandes nombres del flamenco y un homenaje especial al maestro Sabicas.\" \/>\n<meta name=\"robots\" content=\"index, follow, max-snippet:-1, max-image-preview:large, max-video-preview:-1\" \/>\n<link rel=\"canonical\" href=\"\/\" \/>\n<meta property=\"og:locale\" content=\"en_US\" \/>\n<meta property=\"og:type\" content=\"article\" \/>\n<meta property=\"og:title\" content=\"2nd Madrid Guitar Festival 2025: All-Star Lineup and Tribute to Sabicas - Flamenco Madrid\" \/>\n<meta property=\"og:description\" content=\"II Festival de la Guitarra de Madrid 2025 con grandes nombres del flamenco y un homenaje especial al maestro Sabicas.\" \/>\n<meta property=\"og:url\" content=\"https:\/\/flamencomadrid.com\/en\/festival-guitarra-madrid-2025\/\" \/>\n<meta property=\"og:site_name\" content=\"Flamenco Madrid\" \/>\n<meta property=\"article:published_time\" content=\"2025-04-21T12:32:22+00:00\" \/>\n<meta property=\"article:modified_time\" content=\"2025-04-22T13:14:36+00:00\" \/>\n<meta property=\"og:image\" content=\"https:\/\/flamencomadrid.com\/wp-content\/uploads\/2025\/04\/blog_festivalguitarra.png\" \/>\n\t<meta property=\"og:image:width\" content=\"900\" \/>\n\t<meta property=\"og:image:height\" content=\"600\" \/>\n\t<meta property=\"og:image:type\" content=\"image\/png\" \/>\n<meta name=\"author\" content=\"Miguel Blanco\" \/>\n<meta name=\"twitter:card\" content=\"summary_large_image\" \/>\n<meta name=\"twitter:label1\" content=\"Written by\" \/>\n\t<meta name=\"twitter:data1\" content=\"Miguel Blanco\" \/>\n\t<meta name=\"twitter:label2\" content=\"Est. reading time\" \/>\n\t<meta name=\"twitter:data2\" content=\"4 minutes\" \/>\n<script type=\"application\/ld+json\" class=\"yoast-schema-graph\">{\"@context\":\"https:\\\/\\\/schema.org\",\"@graph\":[{\"@type\":\"Article\",\"@id\":\"https:\\\/\\\/flamencomadrid.com\\\/es\\\/festival-guitarra-madrid-2025\\\/#article\",\"isPartOf\":{\"@id\":\"https:\\\/\\\/flamencomadrid.com\\\/es\\\/festival-guitarra-madrid-2025\\\/\"},\"author\":{\"name\":\"Miguel Blanco\",\"@id\":\"https:\\\/\\\/flamencomadrid.com\\\/es\\\/#\\\/schema\\\/person\\\/e60bef1612b66bdb46e0d88400bfab7e\"},\"headline\":\"2nd Madrid Guitar Festival 2025: All-Star Lineup and Tribute to Sabicas\",\"datePublished\":\"2025-04-21T12:32:22+00:00\",\"dateModified\":\"2025-04-22T13:14:36+00:00\",\"mainEntityOfPage\":{\"@id\":\"https:\\\/\\\/flamencomadrid.com\\\/es\\\/festival-guitarra-madrid-2025\\\/\"},\"wordCount\":2553,\"commentCount\":0,\"image\":{\"@id\":\"https:\\\/\\\/flamencomadrid.com\\\/es\\\/festival-guitarra-madrid-2025\\\/#primaryimage\"},\"thumbnailUrl\":\"https:\\\/\\\/flamencomadrid.com\\\/wp-content\\\/uploads\\\/2025\\\/04\\\/blog_festivalguitarra.png\",\"articleSection\":[\"Pr\u00f3ximos Shows en Madrid\"],\"inLanguage\":\"en-US\",\"potentialAction\":[{\"@type\":\"CommentAction\",\"name\":\"Comment\",\"target\":[\"https:\\\/\\\/flamencomadrid.com\\\/es\\\/festival-guitarra-madrid-2025\\\/#respond\"]}]},{\"@type\":\"WebPage\",\"@id\":\"https:\\\/\\\/flamencomadrid.com\\\/en\\\/festival-guitarra-madrid-2025\\\/\",\"url\":\"https:\\\/\\\/flamencomadrid.com\\\/en\\\/festival-guitarra-madrid-2025\\\/\",\"name\":\"2nd Madrid Guitar Festival 2025: All-Star Lineup and Tribute to Sabicas - Flamenco Madrid\",\"isPartOf\":{\"@id\":\"https:\\\/\\\/flamencomadrid.com\\\/en\\\/#website\"},\"primaryImageOfPage\":{\"@id\":\"https:\\\/\\\/flamencomadrid.com\\\/en\\\/festival-guitarra-madrid-2025\\\/#primaryimage\"},\"image\":{\"@id\":\"https:\\\/\\\/flamencomadrid.com\\\/es\\\/festival-guitarra-madrid-2025\\\/#primaryimage\"},\"thumbnailUrl\":\"https:\\\/\\\/flamencomadrid.com\\\/wp-content\\\/uploads\\\/2025\\\/04\\\/blog_festivalguitarra.png\",\"datePublished\":\"2025-04-21T12:32:22+00:00\",\"dateModified\":\"2025-04-22T13:14:36+00:00\",\"author\":{\"@id\":\"https:\\\/\\\/flamencomadrid.com\\\/es\\\/#\\\/schema\\\/person\\\/e60bef1612b66bdb46e0d88400bfab7e\"},\"description\":\"II Festival de la Guitarra de Madrid 2025 con grandes nombres del flamenco y un homenaje especial al maestro Sabicas.\",\"breadcrumb\":{\"@id\":\"https:\\\/\\\/flamencomadrid.com\\\/en\\\/festival-guitarra-madrid-2025\\\/#breadcrumb\"},\"inLanguage\":\"en-US\",\"potentialAction\":[{\"@type\":\"ReadAction\",\"target\":[[\"https:\\\/\\\/flamencomadrid.com\\\/en\\\/festival-guitarra-madrid-2025\\\/\"]]}]},{\"@type\":\"ImageObject\",\"inLanguage\":\"en-US\",\"@id\":\"https:\\\/\\\/flamencomadrid.com\\\/en\\\/festival-guitarra-madrid-2025\\\/#primaryimage\",\"url\":\"https:\\\/\\\/flamencomadrid.com\\\/wp-content\\\/uploads\\\/2025\\\/04\\\/blog_festivalguitarra.png\",\"contentUrl\":\"https:\\\/\\\/flamencomadrid.com\\\/wp-content\\\/uploads\\\/2025\\\/04\\\/blog_festivalguitarra.png\",\"width\":900,\"height\":600,\"caption\":\"FESTIVAL DE GUITARRA 2025\"},{\"@type\":\"BreadcrumbList\",\"@id\":\"https:\\\/\\\/flamencomadrid.com\\\/en\\\/festival-guitarra-madrid-2025\\\/#breadcrumb\",\"itemListElement\":[{\"@type\":\"ListItem\",\"position\":1,\"name\":\"Home\",\"item\":\"https:\\\/\\\/flamencomadrid.com\\\/en\\\/\"},{\"@type\":\"ListItem\",\"position\":2,\"name\":\"II Festival de la Guitarra de Madrid 2025: \u00a1Cartel de Lujo y Homenaje a Sabicas!\"}]},{\"@type\":\"WebSite\",\"@id\":\"https:\\\/\\\/flamencomadrid.com\\\/en\\\/#website\",\"url\":\"https:\\\/\\\/flamencomadrid.com\\\/en\\\/\",\"name\":\"Flamenco Madrid\",\"description\":\"El mundo del Flamenco en el centro de Madrid\",\"potentialAction\":[{\"@type\":\"SearchAction\",\"target\":{\"@type\":\"EntryPoint\",\"urlTemplate\":\"https:\\\/\\\/flamencomadrid.com\\\/en\\\/?s={search_term_string}\"},\"query-input\":{\"@type\":\"PropertyValueSpecification\",\"valueRequired\":true,\"valueName\":\"search_term_string\"}}],\"inLanguage\":\"en-US\"},{\"@type\":\"Person\",\"@id\":\"https:\\\/\\\/flamencomadrid.com\\\/es\\\/#\\\/schema\\\/person\\\/e60bef1612b66bdb46e0d88400bfab7e\",\"name\":\"Miguel Blanco\",\"image\":{\"@type\":\"ImageObject\",\"inLanguage\":\"en-US\",\"@id\":\"https:\\\/\\\/secure.gravatar.com\\\/avatar\\\/359874fd676a9bfbf3a5d62f8bb888a22a657034662dd62c3669b5e7274a1365?s=96&d=mm&r=g\",\"url\":\"https:\\\/\\\/secure.gravatar.com\\\/avatar\\\/359874fd676a9bfbf3a5d62f8bb888a22a657034662dd62c3669b5e7274a1365?s=96&d=mm&r=g\",\"contentUrl\":\"https:\\\/\\\/secure.gravatar.com\\\/avatar\\\/359874fd676a9bfbf3a5d62f8bb888a22a657034662dd62c3669b5e7274a1365?s=96&d=mm&r=g\",\"caption\":\"Miguel Blanco\"}}]}<\/script>\n<!-- \/ Yoast SEO plugin. -->","yoast_head_json":{"title":"2nd Madrid Guitar Festival 2025: All-Star Lineup and Tribute to Sabicas - Flamenco Madrid","description":"II Festival de la Guitarra de Madrid 2025 con grandes nombres del flamenco y un homenaje especial al maestro Sabicas.","robots":{"index":"index","follow":"follow","max-snippet":"max-snippet:-1","max-image-preview":"max-image-preview:large","max-video-preview":"max-video-preview:-1"},"canonical":"\/","og_locale":"en_US","og_type":"article","og_title":"2nd Madrid Guitar Festival 2025: All-Star Lineup and Tribute to Sabicas - Flamenco Madrid","og_description":"II Festival de la Guitarra de Madrid 2025 con grandes nombres del flamenco y un homenaje especial al maestro Sabicas.","og_url":"https:\/\/flamencomadrid.com\/en\/festival-guitarra-madrid-2025\/","og_site_name":"Flamenco Madrid","article_published_time":"2025-04-21T12:32:22+00:00","article_modified_time":"2025-04-22T13:14:36+00:00","og_image":[{"width":900,"height":600,"url":"https:\/\/flamencomadrid.com\/wp-content\/uploads\/2025\/04\/blog_festivalguitarra.png","type":"image\/png"}],"author":"Miguel Blanco","twitter_card":"summary_large_image","twitter_misc":{"Written by":"Miguel Blanco","Est. reading time":"4 minutes"},"schema":{"@context":"https:\/\/schema.org","@graph":[{"@type":"Article","@id":"https:\/\/flamencomadrid.com\/es\/festival-guitarra-madrid-2025\/#article","isPartOf":{"@id":"https:\/\/flamencomadrid.com\/es\/festival-guitarra-madrid-2025\/"},"author":{"name":"Miguel Blanco","@id":"https:\/\/flamencomadrid.com\/es\/#\/schema\/person\/e60bef1612b66bdb46e0d88400bfab7e"},"headline":"2nd Madrid Guitar Festival 2025: All-Star Lineup and Tribute to Sabicas","datePublished":"2025-04-21T12:32:22+00:00","dateModified":"2025-04-22T13:14:36+00:00","mainEntityOfPage":{"@id":"https:\/\/flamencomadrid.com\/es\/festival-guitarra-madrid-2025\/"},"wordCount":2553,"commentCount":0,"image":{"@id":"https:\/\/flamencomadrid.com\/es\/festival-guitarra-madrid-2025\/#primaryimage"},"thumbnailUrl":"https:\/\/flamencomadrid.com\/wp-content\/uploads\/2025\/04\/blog_festivalguitarra.png","articleSection":["Pr\u00f3ximos Shows en Madrid"],"inLanguage":"en-US","potentialAction":[{"@type":"CommentAction","name":"Comment","target":["https:\/\/flamencomadrid.com\/es\/festival-guitarra-madrid-2025\/#respond"]}]},{"@type":"WebPage","@id":"https:\/\/flamencomadrid.com\/en\/festival-guitarra-madrid-2025\/","url":"https:\/\/flamencomadrid.com\/en\/festival-guitarra-madrid-2025\/","name":"2nd Madrid Guitar Festival 2025: All-Star Lineup and Tribute to Sabicas - Flamenco Madrid","isPartOf":{"@id":"https:\/\/flamencomadrid.com\/en\/#website"},"primaryImageOfPage":{"@id":"https:\/\/flamencomadrid.com\/en\/festival-guitarra-madrid-2025\/#primaryimage"},"image":{"@id":"https:\/\/flamencomadrid.com\/es\/festival-guitarra-madrid-2025\/#primaryimage"},"thumbnailUrl":"https:\/\/flamencomadrid.com\/wp-content\/uploads\/2025\/04\/blog_festivalguitarra.png","datePublished":"2025-04-21T12:32:22+00:00","dateModified":"2025-04-22T13:14:36+00:00","author":{"@id":"https:\/\/flamencomadrid.com\/es\/#\/schema\/person\/e60bef1612b66bdb46e0d88400bfab7e"},"description":"II Festival de la Guitarra de Madrid 2025 con grandes nombres del flamenco y un homenaje especial al maestro Sabicas.","breadcrumb":{"@id":"https:\/\/flamencomadrid.com\/en\/festival-guitarra-madrid-2025\/#breadcrumb"},"inLanguage":"en-US","potentialAction":[{"@type":"ReadAction","target":[["https:\/\/flamencomadrid.com\/en\/festival-guitarra-madrid-2025\/"]]}]},{"@type":"ImageObject","inLanguage":"en-US","@id":"https:\/\/flamencomadrid.com\/en\/festival-guitarra-madrid-2025\/#primaryimage","url":"https:\/\/flamencomadrid.com\/wp-content\/uploads\/2025\/04\/blog_festivalguitarra.png","contentUrl":"https:\/\/flamencomadrid.com\/wp-content\/uploads\/2025\/04\/blog_festivalguitarra.png","width":900,"height":600,"caption":"FESTIVAL DE GUITARRA 2025"},{"@type":"BreadcrumbList","@id":"https:\/\/flamencomadrid.com\/en\/festival-guitarra-madrid-2025\/#breadcrumb","itemListElement":[{"@type":"ListItem","position":1,"name":"Home","item":"https:\/\/flamencomadrid.com\/en\/"},{"@type":"ListItem","position":2,"name":"II Festival de la Guitarra de Madrid 2025: \u00a1Cartel de Lujo y Homenaje a Sabicas!"}]},{"@type":"WebSite","@id":"https:\/\/flamencomadrid.com\/en\/#website","url":"https:\/\/flamencomadrid.com\/en\/","name":"Flamenco Madrid","description":"El mundo del Flamenco en el centro de Madrid","potentialAction":[{"@type":"SearchAction","target":{"@type":"EntryPoint","urlTemplate":"https:\/\/flamencomadrid.com\/en\/?s={search_term_string}"},"query-input":{"@type":"PropertyValueSpecification","valueRequired":true,"valueName":"search_term_string"}}],"inLanguage":"en-US"},{"@type":"Person","@id":"https:\/\/flamencomadrid.com\/es\/#\/schema\/person\/e60bef1612b66bdb46e0d88400bfab7e","name":"Miguel Blanco","image":{"@type":"ImageObject","inLanguage":"en-US","@id":"https:\/\/secure.gravatar.com\/avatar\/359874fd676a9bfbf3a5d62f8bb888a22a657034662dd62c3669b5e7274a1365?s=96&d=mm&r=g","url":"https:\/\/secure.gravatar.com\/avatar\/359874fd676a9bfbf3a5d62f8bb888a22a657034662dd62c3669b5e7274a1365?s=96&d=mm&r=g","contentUrl":"https:\/\/secure.gravatar.com\/avatar\/359874fd676a9bfbf3a5d62f8bb888a22a657034662dd62c3669b5e7274a1365?s=96&d=mm&r=g","caption":"Miguel Blanco"}}]}},"_links":{"self":[{"href":"https:\/\/flamencomadrid.com\/en\/wp-json\/wp\/v2\/posts\/1072","targetHints":{"allow":["GET"]}}],"collection":[{"href":"https:\/\/flamencomadrid.com\/en\/wp-json\/wp\/v2\/posts"}],"about":[{"href":"https:\/\/flamencomadrid.com\/en\/wp-json\/wp\/v2\/types\/post"}],"author":[{"embeddable":true,"href":"https:\/\/flamencomadrid.com\/en\/wp-json\/wp\/v2\/users\/6"}],"replies":[{"embeddable":true,"href":"https:\/\/flamencomadrid.com\/en\/wp-json\/wp\/v2\/comments?post=1072"}],"version-history":[{"count":18,"href":"https:\/\/flamencomadrid.com\/en\/wp-json\/wp\/v2\/posts\/1072\/revisions"}],"predecessor-version":[{"id":1092,"href":"https:\/\/flamencomadrid.com\/en\/wp-json\/wp\/v2\/posts\/1072\/revisions\/1092"}],"wp:featuredmedia":[{"embeddable":true,"href":"https:\/\/flamencomadrid.com\/en\/wp-json\/wp\/v2\/media\/1093"}],"wp:attachment":[{"href":"https:\/\/flamencomadrid.com\/en\/wp-json\/wp\/v2\/media?parent=1072"}],"wp:term":[{"taxonomy":"category","embeddable":true,"href":"https:\/\/flamencomadrid.com\/en\/wp-json\/wp\/v2\/categories?post=1072"},{"taxonomy":"post_tag","embeddable":true,"href":"https:\/\/flamencomadrid.com\/en\/wp-json\/wp\/v2\/tags?post=1072"}],"curies":[{"name":"wp","href":"https:\/\/api.w.org\/{rel}","templated":true}]}}