{"id":1047,"date":"2025-04-07T14:33:56","date_gmt":"2025-04-07T12:33:56","guid":{"rendered":"https:\/\/flamencomadrid.com\/es\/?p=1047"},"modified":"2025-04-21T14:11:12","modified_gmt":"2025-04-21T12:11:12","slug":"las-alegrias-en-el-flamenco-el-salero-de-cadiz","status":"publish","type":"post","link":"https:\/\/flamencomadrid.com\/en\/alegrias-of-cadiz\/","title":{"rendered":"The &#8220;Alegr\u00edas of C\u00e1diz&#8221;. The grace of flamenco"},"content":{"rendered":"<p><\/p>\n<h2 data-start=\"261\" data-end=\"332\"><strong data-start=\"265\" data-end=\"332\">Alegr\u00edas de C\u00e1diz: The Spark of C\u00e1diz That Lights Up the Tablao<\/strong><\/h2>\n<p class=\"\" data-start=\"334\" data-end=\"691\">If there\u2019s one flamenco style that sounds like a party, sea breeze, and pure sunshine, it\u2019s the <em data-start=\"430\" data-end=\"440\">Alegr\u00edas<\/em>. You just can\u2019t help but smile when they start! Born in the warmth of the Bay of C\u00e1diz, <em data-start=\"529\" data-end=\"539\">Alegr\u00edas<\/em> are one of flamenco\u2019s brightest jewels. Understanding a little about this joyful style will help you enjoy it even more when you see it live in Madrid.<\/p>\n<p class=\"\" data-start=\"693\" data-end=\"968\"><strong data-start=\"693\" data-end=\"725\">The Heart of Alegr\u00edas: C\u00e1diz<\/strong><br data-start=\"725\" data-end=\"728\" \/>Though their roots intertwine with the <em data-start=\"767\" data-end=\"773\">jota<\/em>, it was in C\u00e1diz that <em data-start=\"796\" data-end=\"806\">Alegr\u00edas<\/em> took on that unmistakable flair and wit that make them unique. They\u2019re part of the <em data-start=\"890\" data-end=\"900\">Canti\u00f1as<\/em> family \u2013 the most cheerful and truly <em data-start=\"938\" data-end=\"948\">gaditano<\/em> branch of flamenco!<\/p>\n<h3 class=\"\" data-start=\"975\" data-end=\"1005\"><strong data-start=\"979\" data-end=\"1005\">The Rhythm of Alegr\u00edas<\/strong><\/h3>\n<p class=\"\" data-start=\"1007\" data-end=\"1193\">What makes <em data-start=\"1018\" data-end=\"1028\">Alegr\u00edas<\/em> so special in the flamenco world? Their 12-beat rhythm is key\u2014similar to the <em data-start=\"1106\" data-end=\"1113\">Sole\u00e1<\/em>, but lighter and more spirited. It\u2019s an optimistic and elegant flamenco rhythm.<\/p>\n<p class=\"\" data-start=\"1195\" data-end=\"1386\">A quick tip to recognize them: listen to when the singing begins. The lyrics usually start right on beat 1. The <em data-start=\"1307\" data-end=\"1318\">coletilla<\/em> (a follow-up verse) has its own twist\u2014coming in just after beat 10!<\/p>\n<h3 class=\"\" data-start=\"1393\" data-end=\"1437\"><strong data-start=\"1397\" data-end=\"1437\">Cante, Guitar, and Dance in Alegr\u00edas<\/strong><\/h3>\n<p class=\"\" data-start=\"1439\" data-end=\"1550\"><strong data-start=\"1439\" data-end=\"1473\">Singing (<em data-start=\"1450\" data-end=\"1457\">Cante<\/em>) in Alegr\u00edas:<\/strong> This is where the typical structure shines, especially when meant for dance.<\/p>\n<ul data-start=\"1552\" data-end=\"1884\">\n<li class=\"\" data-start=\"1552\" data-end=\"1769\">\n<p class=\"\" data-start=\"1554\" data-end=\"1769\"><strong data-start=\"1554\" data-end=\"1565\">Lyrics:<\/strong> Usually four verses with repetitions. A common structure is: verse 1, verse 2, repeat 1, sing 3 and 4, then repeat 3 and 4. The famous \u201c<em data-start=\"1702\" data-end=\"1726\">tirititr\u00e1n, tr\u00e1n, tr\u00e1n<\/em>\u201d often kicks it off with playful energy.<\/p>\n<\/li>\n<li class=\"\" data-start=\"1770\" data-end=\"1884\">\n<p class=\"\" data-start=\"1772\" data-end=\"1884\"><strong data-start=\"1772\" data-end=\"1781\">Vibe:<\/strong> The lyrics are upbeat, cheeky\u2026 For that true C\u00e1diz flavor, listen to maestro Chano Lobato. Pure charm!<\/p>\n<\/li>\n<\/ul>\n<p class=\"\" data-start=\"1886\" data-end=\"2037\"><strong data-start=\"1886\" data-end=\"1919\">Guitar (<em data-start=\"1896\" data-end=\"1903\">Toque<\/em>) in Alegr\u00edas:<\/strong> The guitar sparkles\u2014clear, virtuosic <em data-start=\"1957\" data-end=\"1967\">falsetas<\/em>, and a strong rhythm that complements both voice and dance perfectly.<\/p>\n<p class=\"\" data-start=\"2039\" data-end=\"2504\"><strong data-start=\"2039\" data-end=\"2071\">Dance (<em data-start=\"2048\" data-end=\"2055\">Baile<\/em>) in Alegr\u00edas:<\/strong> Here\u2019s where this palo truly shines! Dancing <em data-start=\"2117\" data-end=\"2127\">Alegr\u00edas<\/em> is all elegance and cheekiness. Expect graceful arm movements, spectacular <em data-start=\"2203\" data-end=\"2211\">mant\u00f3n<\/em> work (sometimes), rhythmic footwork without the harshness of other styles, and above all, a playful, smiling attitude. It\u2019s a dance that celebrates life.<br data-start=\"2365\" data-end=\"2368\" \/>Key parts include the <em data-start=\"2390\" data-end=\"2399\">llamada<\/em> (call), verses, <em data-start=\"2416\" data-end=\"2426\">silencio<\/em> (a guitar solo moment), <em data-start=\"2451\" data-end=\"2462\">escobilla<\/em> (footwork section), and a festive finale.<\/p>\n<p data-start=\"2039\" data-end=\"2504\"><img loading=\"lazy\" decoding=\"async\" class=\"aligncenter wp-image-1050 size-full\" src=\"https:\/\/flamencomadrid.com\/wp-content\/uploads\/2025\/04\/juan-jose-villar.jpg\" alt=\"alegrias flamenco\" width=\"600\" height=\"750\" \/><\/p>\n<h3 class=\"\" data-start=\"2511\" data-end=\"2570\"><strong data-start=\"2515\" data-end=\"2570\">How to Spot Alegr\u00edas in a Flamenco Tablao in Madrid<\/strong><\/h3>\n<p class=\"\" data-start=\"2572\" data-end=\"2653\">Next time you\u2019re at a tablao recommended by Flamenco Madrid, sharpen your senses:<\/p>\n<ul data-start=\"2655\" data-end=\"2834\">\n<li class=\"\" data-start=\"2655\" data-end=\"2696\">\n<p class=\"\" data-start=\"2657\" data-end=\"2696\">Listen for the lively 12-beat rhythm.<\/p>\n<\/li>\n<li class=\"\" data-start=\"2697\" data-end=\"2753\">\n<p class=\"\" data-start=\"2699\" data-end=\"2753\">Watch for that cheeky \u201c<em data-start=\"2722\" data-end=\"2734\">tirititr\u00e1n<\/em>\u201d in the singing.<\/p>\n<\/li>\n<li class=\"\" data-start=\"2754\" data-end=\"2834\">\n<p class=\"\" data-start=\"2756\" data-end=\"2834\">Observe the elegance and wit in the dancer\u2019s moves \u2013 is there a knowing smile?<\/p>\n<\/li>\n<\/ul>\n<p class=\"\" data-start=\"2836\" data-end=\"2929\">If you feel a mix of elegant festivity and the flavor of the sea\u2026 you\u2019re watching <em data-start=\"2918\" data-end=\"2928\">Alegr\u00edas<\/em>!<\/p>\n<p class=\"\" data-start=\"2931\" data-end=\"3088\"><strong data-start=\"2931\" data-end=\"2985\">Want to experience the magic of Alegr\u00edas de C\u00e1diz?<\/strong> Check out our recommendations and find the perfect tablao in Madrid to feel their rhythm and joy live!<\/p>\n<p><\/p>","protected":false},"excerpt":{"rendered":"Alegr\u00edas de C\u00e1diz: The Spark of C\u00e1diz That Lights Up the Tablao If there\u2019s one flamenco style that sounds like a party, sea breeze, and pure sunshine, it\u2019s the Alegr\u00edas. You just can\u2019t help but smile when they start! Born in the warmth of the Bay of C\u00e1diz, Alegr\u00edas are one of flamenco\u2019s brightest jewels&#8230;.","protected":false},"author":6,"featured_media":1049,"comment_status":"open","ping_status":"open","sticky":false,"template":"","format":"standard","meta":{"_acf_changed":false,"footnotes":""},"categories":[4],"tags":[],"class_list":["post-1047","post","type-post","status-publish","format-standard","has-post-thumbnail","hentry","category-sonidos-y-canciones"],"acf":[],"yoast_head":"<!-- This site is optimized with the Yoast SEO plugin v27.4 - https:\/\/yoast.com\/product\/yoast-seo-wordpress\/ -->\n<title>The &quot;Alegr\u00edas of C\u00e1diz&quot;. The grace of flamenco - Flamenco Madrid<\/title>\n<meta name=\"description\" content=\"Descubre las Alegr\u00edas de C\u00e1diz, un palo flamenco vibrante. Conoce su comp\u00e1s, cante y baile por alegr\u00edas. \u00a1Vive la fiesta flamenca en Madrid!\" \/>\n<meta name=\"robots\" content=\"index, follow, max-snippet:-1, max-image-preview:large, max-video-preview:-1\" \/>\n<link rel=\"canonical\" href=\"\/\" \/>\n<meta property=\"og:locale\" content=\"en_US\" \/>\n<meta property=\"og:type\" content=\"article\" \/>\n<meta property=\"og:title\" content=\"The &quot;Alegr\u00edas of C\u00e1diz&quot;. The grace of flamenco - Flamenco Madrid\" \/>\n<meta property=\"og:description\" content=\"Descubre las Alegr\u00edas de C\u00e1diz, un palo flamenco vibrante. Conoce su comp\u00e1s, cante y baile por alegr\u00edas. \u00a1Vive la fiesta flamenca en Madrid!\" \/>\n<meta property=\"og:url\" content=\"https:\/\/flamencomadrid.com\/en\/alegrias-de-cadiz\/\" \/>\n<meta property=\"og:site_name\" content=\"Flamenco Madrid\" \/>\n<meta property=\"article:published_time\" content=\"2025-04-07T12:33:56+00:00\" \/>\n<meta property=\"article:modified_time\" content=\"2025-04-21T12:11:12+00:00\" \/>\n<meta property=\"og:image\" content=\"https:\/\/flamencomadrid.com\/wp-content\/uploads\/2025\/04\/chanolobato1-e1745237453867.jpg\" \/>\n\t<meta property=\"og:image:width\" content=\"292\" \/>\n\t<meta property=\"og:image:height\" content=\"225\" \/>\n\t<meta property=\"og:image:type\" content=\"image\/jpeg\" \/>\n<meta name=\"author\" content=\"Miguel Blanco\" \/>\n<meta name=\"twitter:card\" content=\"summary_large_image\" \/>\n<meta name=\"twitter:label1\" content=\"Written by\" \/>\n\t<meta name=\"twitter:data1\" content=\"Miguel Blanco\" \/>\n\t<meta name=\"twitter:label2\" content=\"Est. reading time\" \/>\n\t<meta name=\"twitter:data2\" content=\"3 minutes\" \/>\n<script type=\"application\/ld+json\" class=\"yoast-schema-graph\">{\"@context\":\"https:\\\/\\\/schema.org\",\"@graph\":[{\"@type\":\"Article\",\"@id\":\"https:\\\/\\\/flamencomadrid.com\\\/es\\\/alegrias-de-cadiz\\\/#article\",\"isPartOf\":{\"@id\":\"https:\\\/\\\/flamencomadrid.com\\\/es\\\/alegrias-de-cadiz\\\/\"},\"author\":{\"name\":\"Miguel Blanco\",\"@id\":\"https:\\\/\\\/flamencomadrid.com\\\/es\\\/#\\\/schema\\\/person\\\/e60bef1612b66bdb46e0d88400bfab7e\"},\"headline\":\"The &#8220;Alegr\u00edas of C\u00e1diz&#8221;. The grace of flamenco\",\"datePublished\":\"2025-04-07T12:33:56+00:00\",\"dateModified\":\"2025-04-21T12:11:12+00:00\",\"mainEntityOfPage\":{\"@id\":\"https:\\\/\\\/flamencomadrid.com\\\/es\\\/alegrias-de-cadiz\\\/\"},\"wordCount\":2092,\"commentCount\":0,\"image\":{\"@id\":\"https:\\\/\\\/flamencomadrid.com\\\/es\\\/alegrias-de-cadiz\\\/#primaryimage\"},\"thumbnailUrl\":\"https:\\\/\\\/flamencomadrid.com\\\/wp-content\\\/uploads\\\/2025\\\/04\\\/chanolobato1-e1745237453867.jpg\",\"articleSection\":[\"Sonidos y canciones\"],\"inLanguage\":\"en-US\",\"potentialAction\":[{\"@type\":\"CommentAction\",\"name\":\"Comment\",\"target\":[\"https:\\\/\\\/flamencomadrid.com\\\/es\\\/alegrias-de-cadiz\\\/#respond\"]}]},{\"@type\":\"WebPage\",\"@id\":\"https:\\\/\\\/flamencomadrid.com\\\/en\\\/alegrias-de-cadiz\\\/\",\"url\":\"https:\\\/\\\/flamencomadrid.com\\\/en\\\/alegrias-de-cadiz\\\/\",\"name\":\"The \\\"Alegr\u00edas of C\u00e1diz\\\". The grace of flamenco - Flamenco Madrid\",\"isPartOf\":{\"@id\":\"https:\\\/\\\/flamencomadrid.com\\\/en\\\/#website\"},\"primaryImageOfPage\":{\"@id\":\"https:\\\/\\\/flamencomadrid.com\\\/en\\\/alegrias-de-cadiz\\\/#primaryimage\"},\"image\":{\"@id\":\"https:\\\/\\\/flamencomadrid.com\\\/es\\\/alegrias-de-cadiz\\\/#primaryimage\"},\"thumbnailUrl\":\"https:\\\/\\\/flamencomadrid.com\\\/wp-content\\\/uploads\\\/2025\\\/04\\\/chanolobato1-e1745237453867.jpg\",\"datePublished\":\"2025-04-07T12:33:56+00:00\",\"dateModified\":\"2025-04-21T12:11:12+00:00\",\"author\":{\"@id\":\"https:\\\/\\\/flamencomadrid.com\\\/es\\\/#\\\/schema\\\/person\\\/e60bef1612b66bdb46e0d88400bfab7e\"},\"description\":\"Descubre las Alegr\u00edas de C\u00e1diz, un palo flamenco vibrante. Conoce su comp\u00e1s, cante y baile por alegr\u00edas. \u00a1Vive la fiesta flamenca en Madrid!\",\"breadcrumb\":{\"@id\":\"https:\\\/\\\/flamencomadrid.com\\\/en\\\/alegrias-de-cadiz\\\/#breadcrumb\"},\"inLanguage\":\"en-US\",\"potentialAction\":[{\"@type\":\"ReadAction\",\"target\":[[\"https:\\\/\\\/flamencomadrid.com\\\/en\\\/alegrias-de-cadiz\\\/\"]]}]},{\"@type\":\"ImageObject\",\"inLanguage\":\"en-US\",\"@id\":\"https:\\\/\\\/flamencomadrid.com\\\/en\\\/alegrias-de-cadiz\\\/#primaryimage\",\"url\":\"https:\\\/\\\/flamencomadrid.com\\\/wp-content\\\/uploads\\\/2025\\\/04\\\/chanolobato1-e1745237453867.jpg\",\"contentUrl\":\"https:\\\/\\\/flamencomadrid.com\\\/wp-content\\\/uploads\\\/2025\\\/04\\\/chanolobato1-e1745237453867.jpg\",\"width\":292,\"height\":225},{\"@type\":\"BreadcrumbList\",\"@id\":\"https:\\\/\\\/flamencomadrid.com\\\/en\\\/alegrias-de-cadiz\\\/#breadcrumb\",\"itemListElement\":[{\"@type\":\"ListItem\",\"position\":1,\"name\":\"Home\",\"item\":\"https:\\\/\\\/flamencomadrid.com\\\/en\\\/\"},{\"@type\":\"ListItem\",\"position\":2,\"name\":\"Alegr\u00edas: Flamenco y gracia\"}]},{\"@type\":\"WebSite\",\"@id\":\"https:\\\/\\\/flamencomadrid.com\\\/en\\\/#website\",\"url\":\"https:\\\/\\\/flamencomadrid.com\\\/en\\\/\",\"name\":\"Flamenco Madrid\",\"description\":\"El mundo del Flamenco en el centro de Madrid\",\"potentialAction\":[{\"@type\":\"SearchAction\",\"target\":{\"@type\":\"EntryPoint\",\"urlTemplate\":\"https:\\\/\\\/flamencomadrid.com\\\/en\\\/?s={search_term_string}\"},\"query-input\":{\"@type\":\"PropertyValueSpecification\",\"valueRequired\":true,\"valueName\":\"search_term_string\"}}],\"inLanguage\":\"en-US\"},{\"@type\":\"Person\",\"@id\":\"https:\\\/\\\/flamencomadrid.com\\\/es\\\/#\\\/schema\\\/person\\\/e60bef1612b66bdb46e0d88400bfab7e\",\"name\":\"Miguel Blanco\",\"image\":{\"@type\":\"ImageObject\",\"inLanguage\":\"en-US\",\"@id\":\"https:\\\/\\\/secure.gravatar.com\\\/avatar\\\/359874fd676a9bfbf3a5d62f8bb888a22a657034662dd62c3669b5e7274a1365?s=96&d=mm&r=g\",\"url\":\"https:\\\/\\\/secure.gravatar.com\\\/avatar\\\/359874fd676a9bfbf3a5d62f8bb888a22a657034662dd62c3669b5e7274a1365?s=96&d=mm&r=g\",\"contentUrl\":\"https:\\\/\\\/secure.gravatar.com\\\/avatar\\\/359874fd676a9bfbf3a5d62f8bb888a22a657034662dd62c3669b5e7274a1365?s=96&d=mm&r=g\",\"caption\":\"Miguel Blanco\"}}]}<\/script>\n<!-- \/ Yoast SEO plugin. -->","yoast_head_json":{"title":"The \"Alegr\u00edas of C\u00e1diz\". The grace of flamenco - Flamenco Madrid","description":"Descubre las Alegr\u00edas de C\u00e1diz, un palo flamenco vibrante. Conoce su comp\u00e1s, cante y baile por alegr\u00edas. \u00a1Vive la fiesta flamenca en Madrid!","robots":{"index":"index","follow":"follow","max-snippet":"max-snippet:-1","max-image-preview":"max-image-preview:large","max-video-preview":"max-video-preview:-1"},"canonical":"\/","og_locale":"en_US","og_type":"article","og_title":"The \"Alegr\u00edas of C\u00e1diz\". The grace of flamenco - Flamenco Madrid","og_description":"Descubre las Alegr\u00edas de C\u00e1diz, un palo flamenco vibrante. Conoce su comp\u00e1s, cante y baile por alegr\u00edas. \u00a1Vive la fiesta flamenca en Madrid!","og_url":"https:\/\/flamencomadrid.com\/en\/alegrias-de-cadiz\/","og_site_name":"Flamenco Madrid","article_published_time":"2025-04-07T12:33:56+00:00","article_modified_time":"2025-04-21T12:11:12+00:00","og_image":[{"width":292,"height":225,"url":"https:\/\/flamencomadrid.com\/wp-content\/uploads\/2025\/04\/chanolobato1-e1745237453867.jpg","type":"image\/jpeg"}],"author":"Miguel Blanco","twitter_card":"summary_large_image","twitter_misc":{"Written by":"Miguel Blanco","Est. reading time":"3 minutes"},"schema":{"@context":"https:\/\/schema.org","@graph":[{"@type":"Article","@id":"https:\/\/flamencomadrid.com\/es\/alegrias-de-cadiz\/#article","isPartOf":{"@id":"https:\/\/flamencomadrid.com\/es\/alegrias-de-cadiz\/"},"author":{"name":"Miguel Blanco","@id":"https:\/\/flamencomadrid.com\/es\/#\/schema\/person\/e60bef1612b66bdb46e0d88400bfab7e"},"headline":"The &#8220;Alegr\u00edas of C\u00e1diz&#8221;. The grace of flamenco","datePublished":"2025-04-07T12:33:56+00:00","dateModified":"2025-04-21T12:11:12+00:00","mainEntityOfPage":{"@id":"https:\/\/flamencomadrid.com\/es\/alegrias-de-cadiz\/"},"wordCount":2092,"commentCount":0,"image":{"@id":"https:\/\/flamencomadrid.com\/es\/alegrias-de-cadiz\/#primaryimage"},"thumbnailUrl":"https:\/\/flamencomadrid.com\/wp-content\/uploads\/2025\/04\/chanolobato1-e1745237453867.jpg","articleSection":["Sonidos y canciones"],"inLanguage":"en-US","potentialAction":[{"@type":"CommentAction","name":"Comment","target":["https:\/\/flamencomadrid.com\/es\/alegrias-de-cadiz\/#respond"]}]},{"@type":"WebPage","@id":"https:\/\/flamencomadrid.com\/en\/alegrias-de-cadiz\/","url":"https:\/\/flamencomadrid.com\/en\/alegrias-de-cadiz\/","name":"The \"Alegr\u00edas of C\u00e1diz\". The grace of flamenco - Flamenco Madrid","isPartOf":{"@id":"https:\/\/flamencomadrid.com\/en\/#website"},"primaryImageOfPage":{"@id":"https:\/\/flamencomadrid.com\/en\/alegrias-de-cadiz\/#primaryimage"},"image":{"@id":"https:\/\/flamencomadrid.com\/es\/alegrias-de-cadiz\/#primaryimage"},"thumbnailUrl":"https:\/\/flamencomadrid.com\/wp-content\/uploads\/2025\/04\/chanolobato1-e1745237453867.jpg","datePublished":"2025-04-07T12:33:56+00:00","dateModified":"2025-04-21T12:11:12+00:00","author":{"@id":"https:\/\/flamencomadrid.com\/es\/#\/schema\/person\/e60bef1612b66bdb46e0d88400bfab7e"},"description":"Descubre las Alegr\u00edas de C\u00e1diz, un palo flamenco vibrante. Conoce su comp\u00e1s, cante y baile por alegr\u00edas. \u00a1Vive la fiesta flamenca en Madrid!","breadcrumb":{"@id":"https:\/\/flamencomadrid.com\/en\/alegrias-de-cadiz\/#breadcrumb"},"inLanguage":"en-US","potentialAction":[{"@type":"ReadAction","target":[["https:\/\/flamencomadrid.com\/en\/alegrias-de-cadiz\/"]]}]},{"@type":"ImageObject","inLanguage":"en-US","@id":"https:\/\/flamencomadrid.com\/en\/alegrias-de-cadiz\/#primaryimage","url":"https:\/\/flamencomadrid.com\/wp-content\/uploads\/2025\/04\/chanolobato1-e1745237453867.jpg","contentUrl":"https:\/\/flamencomadrid.com\/wp-content\/uploads\/2025\/04\/chanolobato1-e1745237453867.jpg","width":292,"height":225},{"@type":"BreadcrumbList","@id":"https:\/\/flamencomadrid.com\/en\/alegrias-de-cadiz\/#breadcrumb","itemListElement":[{"@type":"ListItem","position":1,"name":"Home","item":"https:\/\/flamencomadrid.com\/en\/"},{"@type":"ListItem","position":2,"name":"Alegr\u00edas: Flamenco y gracia"}]},{"@type":"WebSite","@id":"https:\/\/flamencomadrid.com\/en\/#website","url":"https:\/\/flamencomadrid.com\/en\/","name":"Flamenco Madrid","description":"El mundo del Flamenco en el centro de Madrid","potentialAction":[{"@type":"SearchAction","target":{"@type":"EntryPoint","urlTemplate":"https:\/\/flamencomadrid.com\/en\/?s={search_term_string}"},"query-input":{"@type":"PropertyValueSpecification","valueRequired":true,"valueName":"search_term_string"}}],"inLanguage":"en-US"},{"@type":"Person","@id":"https:\/\/flamencomadrid.com\/es\/#\/schema\/person\/e60bef1612b66bdb46e0d88400bfab7e","name":"Miguel Blanco","image":{"@type":"ImageObject","inLanguage":"en-US","@id":"https:\/\/secure.gravatar.com\/avatar\/359874fd676a9bfbf3a5d62f8bb888a22a657034662dd62c3669b5e7274a1365?s=96&d=mm&r=g","url":"https:\/\/secure.gravatar.com\/avatar\/359874fd676a9bfbf3a5d62f8bb888a22a657034662dd62c3669b5e7274a1365?s=96&d=mm&r=g","contentUrl":"https:\/\/secure.gravatar.com\/avatar\/359874fd676a9bfbf3a5d62f8bb888a22a657034662dd62c3669b5e7274a1365?s=96&d=mm&r=g","caption":"Miguel Blanco"}}]}},"_links":{"self":[{"href":"https:\/\/flamencomadrid.com\/en\/wp-json\/wp\/v2\/posts\/1047","targetHints":{"allow":["GET"]}}],"collection":[{"href":"https:\/\/flamencomadrid.com\/en\/wp-json\/wp\/v2\/posts"}],"about":[{"href":"https:\/\/flamencomadrid.com\/en\/wp-json\/wp\/v2\/types\/post"}],"author":[{"embeddable":true,"href":"https:\/\/flamencomadrid.com\/en\/wp-json\/wp\/v2\/users\/6"}],"replies":[{"embeddable":true,"href":"https:\/\/flamencomadrid.com\/en\/wp-json\/wp\/v2\/comments?post=1047"}],"version-history":[{"count":17,"href":"https:\/\/flamencomadrid.com\/en\/wp-json\/wp\/v2\/posts\/1047\/revisions"}],"predecessor-version":[{"id":1067,"href":"https:\/\/flamencomadrid.com\/en\/wp-json\/wp\/v2\/posts\/1047\/revisions\/1067"}],"wp:featuredmedia":[{"embeddable":true,"href":"https:\/\/flamencomadrid.com\/en\/wp-json\/wp\/v2\/media\/1049"}],"wp:attachment":[{"href":"https:\/\/flamencomadrid.com\/en\/wp-json\/wp\/v2\/media?parent=1047"}],"wp:term":[{"taxonomy":"category","embeddable":true,"href":"https:\/\/flamencomadrid.com\/en\/wp-json\/wp\/v2\/categories?post=1047"},{"taxonomy":"post_tag","embeddable":true,"href":"https:\/\/flamencomadrid.com\/en\/wp-json\/wp\/v2\/tags?post=1047"}],"curies":[{"name":"wp","href":"https:\/\/api.w.org\/{rel}","templated":true}]}}